{"id":109819,"date":"2021-01-22T16:18:03","date_gmt":"2021-01-22T21:18:03","guid":{"rendered":"https:\/\/linitiative.ca\/International\/rca-la-communaute-internationale-prend-acte-de-la-reelection-de-touadera\/"},"modified":"2021-01-22T16:18:03","modified_gmt":"2021-01-22T21:18:03","slug":"rca-la-communaute-internationale-prend-acte-de-la-reelection-de-touadera","status":"publish","type":"post","link":"https:\/\/linitiative.ca\/International\/rca-la-communaute-internationale-prend-acte-de-la-reelection-de-touadera\/","title":{"rendered":"RCA : la communaut\u00e9 internationale \u00ab prend acte \u00bb de la r\u00e9\u00e9lection de Touad\u00e9ra"},"content":{"rendered":"<div readability=\"32\">\n<p>Publi\u00e9 le 22.01.2021 \u00e0 22h18 par APA News<\/p>\n<\/div>\n<div readability=\"99\">\n<p>Le G5+, groupe d\u2019\u00c9tats et d\u2019institutions internationales partenaires de la R\u00e9publique centrafricaine, prend note de la confirmation de la victoire du pr\u00e9sident sortant par la Cour constitutionnelle.Faustin-Archange Touad\u00e9ra, fra\u00eechement r\u00e9\u00e9lu \u00e0 la t\u00eate de la Centrafrique, a clairement le soutien de la communaut\u00e9 internationale. Vainqueur du scrutin du 27 d\u00e9cembre dernier avec 53,16 % des suffrages exprim\u00e9s, il doit n\u00e9anmoins affronter une coalition de groupes rebelles qui veut faire tomber le pouvoir central.<\/p>\n<p>Dans un communiqu\u00e9 conjoint dat\u00e9 du 21 janvier, le G5+ \u00ab f\u00e9licite Touad\u00e9ra et l\u2019encourage \u00e0 poursuivre r\u00e9solument le processus de paix \u00e0 travers la mise en \u0153uvre effective de l\u2019Accord politique pour la paix et la r\u00e9conciliation en R\u00e9publique centrafricaine\u00a0\u00bb.<\/p>\n<p>A lire aussi: Centrafrique : Mankeur Ndiaye tire la sonnette d\u2019alarme<\/p>\n<p>Ce groupe d\u2019\u00c9tats et d\u2019institutions internationales partenaires de la RCA souhaite aussi que Touad\u00e9ra favorise\u00a0\u00ab un dialogue politique constructif et une gouvernance inclusive \u00e0 m\u00eame d\u2019apaiser les tensions et de cr\u00e9er des conditions pour une meilleure participation des (citoyens) aux efforts de r\u00e9conciliation nationale, de stabilisation et de d\u00e9veloppement du pays \u00bb.<\/p>\n<p>Cette structure est compos\u00e9e des \u00c9tats-Unis, de la France, de la Russie, de la d\u00e9l\u00e9gation de l\u2019Union Europ\u00e9enne (UE), de la Commission de l\u2019Union Africaine (UA), de la Commission de la Communaut\u00e9 \u00c9conomique des Etats de l\u2019Afrique Centrale (CEEAC) en R\u00e9publique centrafricaine, du Repr\u00e9sentant sp\u00e9cial du Secr\u00e9taire G\u00e9n\u00e9ral des Nations Unies en R\u00e9publique centrafricaine et chef de la Minusca et du Repr\u00e9sentant r\u00e9sident de la Banque Mondiale.<\/p>\n<p>Poursuivant, le G5+ \u00ab adresse ses f\u00e9licitations \u00e0 la Cour constitutionnelle pour le remarquable travail accompli ainsi qu\u2019aux politiques qui ont positivement contribu\u00e9 au processus \u00e9lectoral dans le respect des r\u00e8gles d\u00e9mocratiques et de la Constitution (et) appelle l\u2019ensemble des acteurs sans exclusive \u00e0 respecter les d\u00e9cisions de la Cour rendues \u00e0 cet effet \u00bb.<\/p>\n<p>Les partenaires de Bangui condamnent fermement, dans le document, tous les groupes arm\u00e9s qui ont, par leurs actes, perturb\u00e9 le processus \u00e9lectoral et qui (ont commis) des agressions et crimes de guerre, en violation de leurs engagements pr\u00e9vus dans l\u2019Accord de paix.<\/p>\n<p>A lire aussi: La Centrafrique au bord de la crise humanitaire<\/p>\n<p>A cet \u00e9gard, les membres du G5+ pr\u00e9cisent que \u00ab les dirigeants et membres de groupes arm\u00e9s responsables de l\u2019entreprise de d\u00e9stabilisation des institutions et du processus \u00e9lectoral par des attaques g\u00e9n\u00e9ralis\u00e9es, d\u00e9lib\u00e9r\u00e9es et coordonn\u00e9es, rendront compte de leurs actes devant la justice et les instances internationales \u00bb.<\/p>\n<p>Enfin, il exprime \u00ab sa solidarit\u00e9 envers la population centrafricaine \u00bb d\u00e9termin\u00e9e \u00e0 exercer son droit de vote malgr\u00e9 la violence et lui r\u00e9affirme \u00ab son engagement \u00e0 l\u2019accompagner sur la voie de la paix, la stabilit\u00e9 et la r\u00e9conciliation, en \u00e9troite coordination avec l\u2019ensemble des partenaires nationaux, r\u00e9gionaux et internationaux \u00bb.<\/p>\n<\/div>\n<p>Auteur: APA News<br \/>\n<a href=\"https:\/\/www.journalducameroun.com\/rca-la-communaute-internationale-prend-acte-de-la-reelection-de-touadera\/\">Cliquez ici pour lire l&rsquo;article depuis sa source.<\/a><\/p>\n","protected":false},"excerpt":{"rendered":"<p>Publi\u00e9 le 22.01.2021 \u00e0 22h18 par APA News Le G5+, groupe d\u2019\u00c9tats et d\u2019institutions internationales partenaires de la R\u00e9publique centrafricaine, prend note de la confirmation de la victoire du pr\u00e9sident sortant par la Cour constitutionnelle.Faustin-Archange Touad\u00e9ra, fra\u00eechement r\u00e9\u00e9lu \u00e0 la t\u00eate de la Centrafrique, a clairement le soutien de la communaut\u00e9 internationale. Vainqueur du scrutin [&hellip;]<\/p>\n","protected":false},"author":1965,"featured_media":0,"comment_status":"closed","ping_status":"closed","sticky":false,"template":"","format":"standard","meta":{"fifu_image_url":"","fifu_image_alt":"","footnotes":""},"categories":[73,82],"tags":[],"class_list":["post-109819","post","type-post","status-publish","format-standard","hentry","category-actualite","category-cameroun"],"_links":{"self":[{"href":"https:\/\/linitiative.ca\/International\/wp-json\/wp\/v2\/posts\/109819","targetHints":{"allow":["GET"]}}],"collection":[{"href":"https:\/\/linitiative.ca\/International\/wp-json\/wp\/v2\/posts"}],"about":[{"href":"https:\/\/linitiative.ca\/International\/wp-json\/wp\/v2\/types\/post"}],"author":[{"embeddable":true,"href":"https:\/\/linitiative.ca\/International\/wp-json\/wp\/v2\/users\/1965"}],"replies":[{"embeddable":true,"href":"https:\/\/linitiative.ca\/International\/wp-json\/wp\/v2\/comments?post=109819"}],"version-history":[{"count":0,"href":"https:\/\/linitiative.ca\/International\/wp-json\/wp\/v2\/posts\/109819\/revisions"}],"wp:attachment":[{"href":"https:\/\/linitiative.ca\/International\/wp-json\/wp\/v2\/media?parent=109819"}],"wp:term":[{"taxonomy":"category","embeddable":true,"href":"https:\/\/linitiative.ca\/International\/wp-json\/wp\/v2\/categories?post=109819"},{"taxonomy":"post_tag","embeddable":true,"href":"https:\/\/linitiative.ca\/International\/wp-json\/wp\/v2\/tags?post=109819"}],"curies":[{"name":"wp","href":"https:\/\/api.w.org\/{rel}","templated":true}]}}