{"id":109820,"date":"2021-01-22T16:18:05","date_gmt":"2021-01-22T21:18:05","guid":{"rendered":"https:\/\/linitiative.ca\/International\/la-centrafrique-au-bord-de-la-crise-humanitaire\/"},"modified":"2021-01-22T16:18:05","modified_gmt":"2021-01-22T21:18:05","slug":"la-centrafrique-au-bord-de-la-crise-humanitaire","status":"publish","type":"post","link":"https:\/\/linitiative.ca\/International\/la-centrafrique-au-bord-de-la-crise-humanitaire\/","title":{"rendered":"La Centrafrique au bord de la crise humanitaire"},"content":{"rendered":"<p>Les principaux axes routiers par o\u00f9 transitent les produits de premi\u00e8re n\u00e9cessit\u00e9 du pays sont bloqu\u00e9s par des rebelles.Affamer la population pour faire plier le gouvernement du pr\u00e9sident Faustin-Archange Touad\u00e9ra. Voil\u00e0 le nouveau mode op\u00e9ratoire des groupes arm\u00e9s de la Coalition des Patriotes pour le Changement (CPC).<\/p>\n<p>La forteresse Bangui, prot\u00e9g\u00e9e par l\u2019Arm\u00e9e centrafricaine et ses alli\u00e9s internationaux, n\u2019est pas encore tomb\u00e9e. Mais jusqu\u2019\u00e0 quand ? Les rebelles asphyxient le pays \u00e9conomiquement et financi\u00e8rement en coupant les principales voies d\u2019acc\u00e8s menant vers la capitale.\u00a0<\/p>\n<p>A lire aussi: Centrafrique : Mankeur Ndiaye tire la sonnette d\u2019alarme<\/p>\n<p>Par exemple, le trac\u00e9 vital guidant au Cameroun voisin est ferm\u00e9 depuis plus d\u2019un mois. Pr\u00e8s de 800 camions de marchandises, bloqu\u00e9s c\u00f4t\u00e9 camerounais, attendent d\u00e9sesp\u00e9r\u00e9ment sa r\u00e9ouverture.<\/p>\n<p>Selon des sources douani\u00e8res cit\u00e9es par Jeune Afrique, les flux commerciaux entre le Cameroun, la RCA et le Tchad ont chut\u00e9 de pr\u00e8s de 80% (par rapport \u00e0 2019) depuis la fermeture des fronti\u00e8res.<\/p>\n<p>Un haut fonctionnaire des Douanes a d\u00e9clar\u00e9 que Ndjamena et Bangui se sont d\u2019ailleurs alarm\u00e9s aupr\u00e8s des autorit\u00e9s camerounaises des graves cons\u00e9quences sur leurs \u00e9conomies.<\/p>\n<p>Par sa position g\u00e9ographique et ses deux ports, le Cameroun occupe une place strat\u00e9gique en mati\u00e8re d\u2019approvisionnement de marchandises en direction du Tchad et de la RCA. Ces derniers, enclav\u00e9s, ne disposent pas d\u2019ouverture sur la mer. Ce qui accentue leur d\u00e9pendance vis-\u00e0-vis de Yaound\u00e9.<\/p>\n<p>A cause de la situation actuelle, certains produits se font de plus en plus rares, alors que la demande reste constante d\u2019o\u00f9 une augmentation des prix.<\/p>\n<p>Heureusement, depuis le 12 janvier, le trafic a pu reprendre mais dans une moindre mesure, par convois et sous escorte de la\u00a0Mission multidimensionnelle int\u00e9gr\u00e9e des Nations Unies pour la stabilisation en R\u00e9publique centrafricaine (Minusca).\u00a0<\/p>\n<p>En amont, il y a eu de nombreux \u00e9changes et n\u00e9gociations. Mais au final, les camionneurs sont soulag\u00e9s.<\/p>\n<p>\u00ab Nous faisons face \u00e0 une guerre qui \u00e9touffe notre \u00e9conomie \u00bb, a reconnu Henri-Marie Dondra, ministre centrafricain des Finances et du Budget.<\/p>\n<p>La crise s\u00e9curitaire, dans laquelle est plong\u00e9e la Centrafrique depuis plusieurs ann\u00e9es, s\u2019empire. Le regain des tensions, un peu partout \u00e0 travers le pays, a pouss\u00e9 de nombreuses personnes \u00e0 prendre la route de l\u2019exil. \u00a0<\/p>\n<p>Lors de sa conf\u00e9rence de presse du 15 janvier 2021 au Palais des Nations de Gen\u00e8ve (Suisse), le porte-parole du Haut-Commissariat des Nations Unies pour les R\u00e9fugi\u00e9s (HCR), Boris Cheshirkov, alertait d\u00e9j\u00e0 sur l\u2019afflux de r\u00e9fugi\u00e9s centrafricains dans les pays voisins.\u00a0<\/p>\n<p>D\u2019apr\u00e8s lui, pr\u00e8s de 60.000 personnes ont \u00e9t\u00e9 forc\u00e9es de chercher refuge dans les pays limitrophes depuis d\u00e9cembre 2020.<\/p>\n<p>La plupart d\u2019entre elles ont fui vers la R\u00e9publique D\u00e9mocratique du Congo (RDC) en traversant le fleuve Ubangui. Dans ce pays voisin, le nombre d\u2019arrivants a d\u00e9pass\u00e9 selon le responsable du HCR les 50.000 suite \u00e0 la venue de 10.000 r\u00e9fugi\u00e9s centrafricains le 13 janvier dernier.<\/p>\n<p>Par ailleurs, M. Cheshirkov citant des chiffres fournis par les Commissions mouvement de population du pays, informe que 58.000 personnes sont toujours d\u00e9plac\u00e9es \u00e0 l\u2019int\u00e9rieur des r\u00e9gions touch\u00e9es en RCA. Pr\u00e8s de 9000 r\u00e9fugi\u00e9s sont d\u00e9j\u00e0 arriv\u00e9s le mois dernier au Cameroun, au Tchad et au Congo, a-t-il ajout\u00e9.<\/p>\n<p>Selon le porte-parole pour l\u2019Afrique de l\u2019ouest et du centre du HCR, Romain Desclous, interrog\u00e9 par APA, \u00ab pr\u00e8s de 700 mille Centrafricains ont fui les violences de ces derni\u00e8res semaines \u00a0\u00bb.<\/p>\n<p>\u00ab Si l\u2019on y ajoute les d\u00e9plac\u00e9s dus aux violences de 2013-2014, on constate que c\u2019est plus d\u2019un quart des habitants centrafricains qui ont abandonn\u00e9 leurs localit\u00e9s pour chercher refuge dans d\u2019autres r\u00e9gions plus stables ou dans les pays frontaliers \u00bb, pr\u00e9cise M. Desclous. \u00a0<\/p>\n<p>Cette situation pr\u00e9occupe doublement la communaut\u00e9 internationale. D\u2019abord parce que la \u00ab\u00a0d\u00e9livrance de l\u2019assistance humanitaire (a \u00e9t\u00e9) s\u00e9rieusement impact\u00e9e par les derni\u00e8res vagues de violences\u00a0\u00bb,\u00a0a indiqu\u00e9 le\u00a0chef de la Minusca, Mankeur Ndiaye. Mais aussi parce que la crise centrafricaine \u00ab\u00a0est l\u2019une des urgences les moins bien financ\u00e9es dans le monde\u00a0\u00bb, a soutenu Romain Desclous.\u00a0<\/p>\n<p>A lire aussi: RCA : la communaut\u00e9 internationale \u00ab prend acte \u00bb de la r\u00e9\u00e9lection de Touad\u00e9ra<\/p>\n<p>Et c\u2019est pourquoi son organisation appelle \u00e0 la fin imm\u00e9diate de toutes les violences. Le HCR invite en outre les donateurs \u00ab \u00e0 contribuer aux besoins exprim\u00e9s \u00bb car \u00ab beaucoup de personnes ne b\u00e9n\u00e9ficient m\u00eame pas d\u2019une assistance de survie \u00bb.<\/p>\n<p>\u00ab Les principales pr\u00e9occupations des r\u00e9fugi\u00e9s qui vivent en dehors des camps officiels et des communaut\u00e9s qui les accueillent sont la nourriture, la sant\u00e9, les abris, l\u2019eau et l\u2019assainissement \u00bb, souligne l\u2019organisme onusien.<\/p>\n<p>Le FMI \u00e0 la rescousse<\/p>\n<p>Face \u00e0 l\u2019urgence, le Fonds Mon\u00e9taire International (FMI) a valid\u00e9, le 13 janvier, le d\u00e9caissement d\u2019une nouvelle tranche d\u2019aide de plus de 34 millions de dollars. L\u2019op\u00e9ration entre dans le cadre de l\u2019accord de Facilit\u00e9 \u00e9largi de cr\u00e9dit conclu le 20 d\u00e9cembre 2019 pour un montant total d\u2019environ 115,1 millions de dollars sur trois ans.<\/p>\n<p>Cette assistance intervient alors que le contexte li\u00e9 \u00e0 la Covid-19 n\u2019a pas permis \u00e0 Bangui de respecter les crit\u00e8res de performance auxquels il s\u2019\u00e9tait engag\u00e9 en 2019.<\/p>\n<p>Si la demande de d\u00e9rogation d\u00e9pos\u00e9e par les autorit\u00e9s a \u00e9t\u00e9 valid\u00e9e, c\u2019est parce que \u00ab le FMI est convaincu que les nombreuses r\u00e9formes que j\u2019ai pilot\u00e9es sont les bonnes \u00bb, a d\u00e9clar\u00e9 dans Jeune Afrique le ministre Dondra. Ce dernier rapporte que l\u2019institution de Bretton Woods \u00ab s\u2019est (aussi) montr\u00e9e satisfaite de l\u2019assainissement des finances publiques en Centrafrique \u00bb.<br \/>Confirmant cette information, le Directeur G\u00e9n\u00e9ral adjoint et pr\u00e9sident par int\u00e9rim du FMI, Mitsuhiro Furusawa, assure que \u00ab des progr\u00e8s substantiels ont (\u2026) \u00e9t\u00e9 r\u00e9alis\u00e9s dans la mise en \u0153uvre des r\u00e9formes structurelles \u00bb.<br \/>A l\u2019en croire, \u00ab les autorit\u00e9s centrafricaines se sont attach\u00e9es \u00e0 faire en sorte que les financements d\u2019urgence des donateurs soient utilis\u00e9s de mani\u00e8re efficace et transparente pour lutter contre la pand\u00e9mie et att\u00e9nuer son impact sur les plus vuln\u00e9rables \u00bb. \u00a0<\/p>\n<p>En avril 2020, le FMI avait apport\u00e9 38 millions de dollars de financement d\u2019urgence \u00e0 la Centrafrique pour aider le pays \u00e0 faire face \u00e0 la crise du nouveau coronavirus.<\/p>\n<p>Auteur: APA News<br \/>\n<a href=\"https:\/\/www.journalducameroun.com\/la-centrafrique-au-bord-de-la-crise-humanitaire\/\">Cliquez ici pour lire l&rsquo;article depuis sa source.<\/a><\/p>\n","protected":false},"excerpt":{"rendered":"<p>Les principaux axes routiers par o\u00f9 transitent les produits de premi\u00e8re n\u00e9cessit\u00e9 du pays sont bloqu\u00e9s par des rebelles.Affamer la population pour faire plier le gouvernement du pr\u00e9sident Faustin-Archange Touad\u00e9ra. Voil\u00e0 le nouveau mode op\u00e9ratoire des groupes arm\u00e9s de la Coalition des Patriotes pour le Changement (CPC). La forteresse Bangui, prot\u00e9g\u00e9e par l\u2019Arm\u00e9e centrafricaine et [&hellip;]<\/p>\n","protected":false},"author":1965,"featured_media":0,"comment_status":"closed","ping_status":"closed","sticky":false,"template":"","format":"standard","meta":{"fifu_image_url":"","fifu_image_alt":"","footnotes":""},"categories":[73,82],"tags":[],"class_list":["post-109820","post","type-post","status-publish","format-standard","hentry","category-actualite","category-cameroun"],"_links":{"self":[{"href":"https:\/\/linitiative.ca\/International\/wp-json\/wp\/v2\/posts\/109820","targetHints":{"allow":["GET"]}}],"collection":[{"href":"https:\/\/linitiative.ca\/International\/wp-json\/wp\/v2\/posts"}],"about":[{"href":"https:\/\/linitiative.ca\/International\/wp-json\/wp\/v2\/types\/post"}],"author":[{"embeddable":true,"href":"https:\/\/linitiative.ca\/International\/wp-json\/wp\/v2\/users\/1965"}],"replies":[{"embeddable":true,"href":"https:\/\/linitiative.ca\/International\/wp-json\/wp\/v2\/comments?post=109820"}],"version-history":[{"count":0,"href":"https:\/\/linitiative.ca\/International\/wp-json\/wp\/v2\/posts\/109820\/revisions"}],"wp:attachment":[{"href":"https:\/\/linitiative.ca\/International\/wp-json\/wp\/v2\/media?parent=109820"}],"wp:term":[{"taxonomy":"category","embeddable":true,"href":"https:\/\/linitiative.ca\/International\/wp-json\/wp\/v2\/categories?post=109820"},{"taxonomy":"post_tag","embeddable":true,"href":"https:\/\/linitiative.ca\/International\/wp-json\/wp\/v2\/tags?post=109820"}],"curies":[{"name":"wp","href":"https:\/\/api.w.org\/{rel}","templated":true}]}}