{"id":109821,"date":"2021-01-22T16:18:06","date_gmt":"2021-01-22T21:18:06","guid":{"rendered":"https:\/\/linitiative.ca\/International\/centrafrique-mankeur-ndiaye-tire-la-sonnette-dalarme\/"},"modified":"2021-01-22T16:18:06","modified_gmt":"2021-01-22T21:18:06","slug":"centrafrique-mankeur-ndiaye-tire-la-sonnette-dalarme","status":"publish","type":"post","link":"https:\/\/linitiative.ca\/International\/centrafrique-mankeur-ndiaye-tire-la-sonnette-dalarme\/","title":{"rendered":"Centrafrique : Mankeur Ndiaye tire la sonnette d\u2019alarme"},"content":{"rendered":"<p>Le chef de la Minusca a plaid\u00e9, devant le Conseil de S\u00e9curit\u00e9 des Nations Unies, pour un renforcement cons\u00e9quent des moyens mis \u00e0 sa disposition afin de restaurer l\u2019autorit\u00e9 de l\u2019Etat centrafricain.La Centrafrique vit des heures sombres. Elle n\u2019a toujours pas exorcis\u00e9 ses vieux d\u00e9mons. En effet, la survie du gouvernement de cet Etat de l\u2019Afrique centrale est fortement menac\u00e9e par six groupes rebelles regroup\u00e9s dans la Coalition des Patriotes pour le Changement (CPC) et qui frappent \u00e0 la porte de Bangui, la capitale.<\/p>\n<p>Les combats \u00e0 l\u2019arme lourde ont fait, ces derniers jours, \u00ab plus de cinq morts \u00bb\u00a0parmi les soldats de la force onusienne. Cela autorise Mankeur Ndiaye \u00e0 dire qu\u2019il y a un changement de paradigme dans ce conflit car \u00ab la CPC s\u2019en prend volontairement \u00e0 toute manifestation de l\u2019\u00c9tat, qu\u2019ils soient fonctionnaires \u00e0 l\u2019instar des pr\u00e9fets ou encore membres des forces de d\u00e9fense et de s\u00e9curit\u00e9. De plus, les pertes r\u00e9centes dans les rangs des casques bleus montrent d\u00e9sormais la volont\u00e9 de ces groupes de s\u2019attaquer directement\u00a0\u00bb \u00e0 la Mission multidimensionnelle int\u00e9gr\u00e9e des Nations Unies pour la stabilisation en Centrafrique (Minusca).<\/p>\n<p>Pour barrer la route aux groupes arm\u00e9s alli\u00e9s \u2013 UPC, 3R, MPC, certaines factions du FPRC et des anti-balaka \u2013 \u00ab la composante police de la Minusca a mobilis\u00e9 son potentiel au maximum pour accompagner les op\u00e9rations militaires et r\u00e9ponses civiles\u00a0\u00bb.<\/p>\n<p>A lire aussi: La Centrafrique au bord de la crise humanitaire<\/p>\n<p>Malgr\u00e9 tout, elle a recouru au soutien de la Mission Int\u00e9gr\u00e9e des Nations Unies au Soudan du Sud (Minuss) dans le cadre de la coop\u00e9ration intermission : \u00ab La mise en place rapide du d\u00e9ploiement des troupes et des h\u00e9licopt\u00e8res de (la Minuss) a permis de hausser les capacit\u00e9s de la Minusca et le moral du personnel qui travaille dans des conditions particuli\u00e8rement difficiles, surtout avec la Covid \u00bb, a d\u00e9clar\u00e9 l\u2019ancien ministre s\u00e9n\u00e9galais des Affaires \u00e9trang\u00e8res.<\/p>\n<p>Toutefois, le Repr\u00e9sentant sp\u00e9cial du Secr\u00e9taire G\u00e9n\u00e9ral des Nations Unies en Centrafrique a admis que \u00ab la situation demeure tendue sur le terrain\u00a0\u00bb. A l\u2019\u00e9vidence, les assauts r\u00e9p\u00e9t\u00e9s de la CPC mettent\u00a0\u00ab \u00e0 l\u2019\u00e9preuve les capacit\u00e9s de la Minusca \u00e0 assurer ses t\u00e2ches essentielles de protection des populations civiles\u00a0\u00bb.<\/p>\n<p>Au regard des r\u00e9cents \u00e9v\u00e8nements, M. Ndiaye a donc demand\u00e9 au Conseil de S\u00e9curit\u00e9 des Nations Unies de proroger, \u00ab de quelques mois, la coop\u00e9ration intermission \u00e0 travers le d\u00e9ploiement des troupes et des h\u00e9licopt\u00e8res de la Minuss\u00a0\u00bb.<\/p>\n<p>En outre, il a sollicit\u00e9 dans le m\u00eame ordre d\u2019id\u00e9es \u00ab une augmentation substantielle des effectifs des composantes en uniforme de la Minusca en l\u2019occurrence la Force, la Police et l\u2019Administration p\u00e9nitentiaire\u00a0\u00bb pour que la mission maintienne \u00ab sa posture robuste tout en disposant d\u2019une plus grande mobilit\u00e9 \u00bb.<\/p>\n<p>Le diplomate de formation a \u00e9galement soulign\u00e9, dans son inventaire des limites de la Minusca, qu\u2019elle \u00ab ne dispose que de forces de r\u00e9action limit\u00e9e en effectif ne pouvant agir sur l\u2019ensemble du territoire du fait de l\u2019\u00e9tendue du pays. (En plus) des capacit\u00e9s critiques (drones, h\u00e9licopt\u00e8res d\u2019attaque, capacit\u00e9s de franchissement ou encore forces sp\u00e9ciales) sont absentes du th\u00e9\u00e2tre d\u2019op\u00e9rations et ob\u00e8rent d\u2019autant notre capacit\u00e9 d\u2019action comme de r\u00e9action \u00bb.<\/p>\n<p>Apr\u00e8s ce diagnostic d\u2019\u00e9tape, le chef de la Minusca a propos\u00e9 \u00ab de rehausser le plafond des Casques bleus autoris\u00e9s \u00e0 14.650 soldats. Ces troupes additionnelles, si elles peuvent para\u00eetre importantes en premi\u00e8re approche (3000 Casques bleus demand\u00e9s), permettront \u00e0 la Mission de disposer d\u2019un outil robuste et adapt\u00e9 \u00e0 la menace\u00a0\u00bb\u00a0qui d\u00e9stabilise un peu plus ce pays pauvre.<\/p>\n<p>Une Arm\u00e9e \u00e0 remobiliser<\/p>\n<p>Pour l\u2019heure, les militaires centrafricains ne font pas le poids. A demi-mot, Mankeur Ndiaye l\u2019a reconnu : \u00ab Les \u00e9l\u00e9ments des Forces de d\u00e9fense et de s\u00e9curit\u00e9, dont environ 2600 militaires issus du recrutement de juillet 2020 n\u2019ayant b\u00e9n\u00e9fici\u00e9 que de deux mois de formation et environ 1000 nouveaux gendarmes et policiers, disposent de capacit\u00e9s tactiques limit\u00e9es et semblent encore peu aguerris au terrain\u00a0\u00bb.<\/p>\n<p>Comme si cela ne suffisait pas, \u00ab lors des premiers assauts des rebelles, une grande d\u00e9sertion (a \u00e9t\u00e9) observ\u00e9e (dans l\u2019Arm\u00e9e o\u00f9 il y a) une faible cha\u00eene de commandement, un manque de sanctions d\u00fb \u00e0 la non-op\u00e9rationnalit\u00e9 des institutions de contr\u00f4le interne comme l\u2019inspection g\u00e9n\u00e9rale des Forces Arm\u00e9es, la Justice militaire et le commandement militaire<br \/>\u00bb.<\/p>\n<p>La Minusca ne fournit \u00e0 l\u2019Arm\u00e9e centrafricaine qu\u2019\u00a0\u00ab un soutien logistique limit\u00e9 pour le red\u00e9ploiement progressif d\u2019un nombre (faible) d\u2019unit\u00e9s form\u00e9es ou certifi\u00e9es \u00bb\u00a0par la Mission de formation de l\u2019Union Europ\u00e9enne (UE).<\/p>\n<p>A lire aussi: RCA : la communaut\u00e9 internationale \u00ab prend acte \u00bb de la r\u00e9\u00e9lection de Touad\u00e9ra<\/p>\n<p>C\u2019est la raison pour laquelle, le patron de la Minusca veut \u00ab la lev\u00e9e des r\u00e9serves sur le soutien logistique aux Forces arm\u00e9es centrafricaines comme pr\u00e9vu dans (son) mandat \u00bb.\u00a0Une telle d\u00e9cision se mat\u00e9rialiserait par une aide logistique \u00ab ad\u00e9quate \u00bb pour la \u00ab protection des civils, la restauration et le maintien de la s\u00e9curit\u00e9 publique et de l\u2019\u00e9tat de droit, mais aussi pour \u00e9tablir durablement des m\u00e9canismes de gouvernance, de commandement, de contr\u00f4le et s\u00e9curiser les fronti\u00e8res du pays \u00bb.<\/p>\n<p>De m\u00eame, a-t-il soutenu, un appui\u00a0\u00ab technique plus accru \u00e0 la Commission nationale de lutte contre la prolif\u00e9ration des armes l\u00e9g\u00e8res et de petit calibre, pour la mise en \u0153uvre de son plan d\u2019action national de juillet 2019, pourrait aider \u00e0 assurer une gestion responsable des armes et munitions du gouvernement et \u00e0 contr\u00f4ler la circulation des armes dans le pays\u00a0\u00bb.<\/p>\n<p>Dialogue toujours esp\u00e9r\u00e9<\/p>\n<p>Certes, la Centrafrique a adopt\u00e9 en 2016 une nouvelle Constitution et organis\u00e9 deux \u00e9lections pr\u00e9sidentielles remport\u00e9es par Faustin-Archange Touad\u00e9ra, la paix est tr\u00e8s pr\u00e9caire. Mankeur Ndiaye ne s\u2019y trompe pas : \u00ab La seule r\u00e9ponse durable aux d\u00e9fis actuels est s\u00fbrement politique. La r\u00e9\u00e9lection de Touad\u00e9ra va b\u00e9n\u00e9ficier la Nation si le nouvel ex\u00e9cutif (est en) mesure d\u2019apaiser les esprits en b\u00e2tissant des ponts avec l\u2019opposition ainsi qu\u2019avec les couches sociales qu\u2019elle repr\u00e9sente. Un gouvernement encore plus int\u00e9gr\u00e9 sera d\u00e9sirable, avec un remplacement des \u00e9l\u00e9ments les plus radicaux par des membres plus impliqu\u00e9s dans la paix et la r\u00e9conciliation\u00a0\u00bb.<\/p>\n<p>Par ailleurs, le Repr\u00e9sentant sp\u00e9cial du Secr\u00e9taire G\u00e9n\u00e9ral des Nations Unies en Centrafrique a estim\u00e9 qu\u2019 \u00ab un dialogue renou\u00e9 avec les \u00e9l\u00e9ments des groupes arm\u00e9s qui ont opt\u00e9 pour rejoindre la CPC, mais qui n\u2019ont pas commis des crimes graves, va \u00eatre fondamental pour cheminer sur un parcours de r\u00e9conciliation\u00a0\u00bb. Mais pour que ce processus de paix soit\u00a0\u00ab vertueux \u00bb,\u00a0il ne doit aucunement\u00a0\u00ab compromettre la recherche de la justice et la lutte contre l\u2019impunit\u00e9 \u00bb,\u00a0a averti le chef de la Minusca.<\/p>\n<p>Enfin, pour M. Ndiaye, \u00ab le deuxi\u00e8me anniversaire de la signature de l\u2019Accord politique pour la paix et la r\u00e9conciliation devrait s\u00fbrement offrir une nouvelle opportunit\u00e9 pour r\u00e9affirmer l\u2019engagement des signataires aux valeurs contenues dans (ce texte) ainsi que pour revitaliser ses m\u00e9canismes de mise en \u0153uvre, qui vont pouvoir atteindre leur potentiel seulement gr\u00e2ce au plein soutien de tous les acteurs concern\u00e9s \u00bb.<\/p>\n<p>L\u2019Etat centrafricain, qui a perdu le contr\u00f4le d\u2019une bonne partie du pays, a d\u00e9cr\u00e9t\u00e9 l\u2019\u00e9tat d\u2019urgence pour quinze jours sur l\u2019ensemble du territoire national \u00e0 compter du 21 janvier.<\/p>\n<p>Auteur: APA News<br \/>\n<a href=\"https:\/\/www.journalducameroun.com\/centrafrique-mankeur-ndiaye-tire-la-sonnette-dalarme\/\">Cliquez ici pour lire l&rsquo;article depuis sa source.<\/a><\/p>\n","protected":false},"excerpt":{"rendered":"<p>Le chef de la Minusca a plaid\u00e9, devant le Conseil de S\u00e9curit\u00e9 des Nations Unies, pour un renforcement cons\u00e9quent des moyens mis \u00e0 sa disposition afin de restaurer l\u2019autorit\u00e9 de l\u2019Etat centrafricain.La Centrafrique vit des heures sombres. Elle n\u2019a toujours pas exorcis\u00e9 ses vieux d\u00e9mons. En effet, la survie du gouvernement de cet Etat de [&hellip;]<\/p>\n","protected":false},"author":1965,"featured_media":0,"comment_status":"closed","ping_status":"closed","sticky":false,"template":"","format":"standard","meta":{"fifu_image_url":"","fifu_image_alt":"","footnotes":""},"categories":[73,82],"tags":[],"class_list":["post-109821","post","type-post","status-publish","format-standard","hentry","category-actualite","category-cameroun"],"_links":{"self":[{"href":"https:\/\/linitiative.ca\/International\/wp-json\/wp\/v2\/posts\/109821","targetHints":{"allow":["GET"]}}],"collection":[{"href":"https:\/\/linitiative.ca\/International\/wp-json\/wp\/v2\/posts"}],"about":[{"href":"https:\/\/linitiative.ca\/International\/wp-json\/wp\/v2\/types\/post"}],"author":[{"embeddable":true,"href":"https:\/\/linitiative.ca\/International\/wp-json\/wp\/v2\/users\/1965"}],"replies":[{"embeddable":true,"href":"https:\/\/linitiative.ca\/International\/wp-json\/wp\/v2\/comments?post=109821"}],"version-history":[{"count":0,"href":"https:\/\/linitiative.ca\/International\/wp-json\/wp\/v2\/posts\/109821\/revisions"}],"wp:attachment":[{"href":"https:\/\/linitiative.ca\/International\/wp-json\/wp\/v2\/media?parent=109821"}],"wp:term":[{"taxonomy":"category","embeddable":true,"href":"https:\/\/linitiative.ca\/International\/wp-json\/wp\/v2\/categories?post=109821"},{"taxonomy":"post_tag","embeddable":true,"href":"https:\/\/linitiative.ca\/International\/wp-json\/wp\/v2\/tags?post=109821"}],"curies":[{"name":"wp","href":"https:\/\/api.w.org\/{rel}","templated":true}]}}