{"id":109823,"date":"2021-01-22T05:24:50","date_gmt":"2021-01-22T10:24:50","guid":{"rendered":"https:\/\/linitiative.ca\/International\/chan-2020-congo-niger-competition-terminee-pour-cervelie-ikouma-epoyo\/"},"modified":"2021-01-22T05:24:50","modified_gmt":"2021-01-22T10:24:50","slug":"chan-2020-congo-niger-competition-terminee-pour-cervelie-ikouma-epoyo","status":"publish","type":"post","link":"https:\/\/linitiative.ca\/International\/chan-2020-congo-niger-competition-terminee-pour-cervelie-ikouma-epoyo\/","title":{"rendered":"CHAN 2020\/Congo-Niger : comp\u00e9tition termin\u00e9e pour Cervelie Ikouma Epoyo"},"content":{"rendered":"<div class=\"featured-area featured-area-inner\">\n<p><img loading=\"lazy\" decoding=\"async\" width=\"780\" height=\"470\" src=\"https:\/\/ecomatin.net\/wp-content\/uploads\/2021\/01\/Blessure-Ikouma-Epoyo2-780x470.png\" class=\"attachment-jannah-image-post size-jannah-image-post wp-post-image\" alt=\"\" is_main_img=\"1\"\/><\/p>\n<\/div>\n<div class=\"entry-content entry clearfix\" readability=\"49\">\n<p>A l\u2019issue de la rencontre Congo-Niger comptant pour la deuxi\u00e8me journ\u00e9e de la phase de poule du CHAN dans le groupe B, joueurs et encadreurs de la s\u00e9lection des Diables rouges \u00e9taient impatients d\u2019avoir les nouvelles de Cervelie Ikouma Epoyo, leur d\u00e9fenseur sorti sur blessure vers le quart d\u2019heure de jeu et transport\u00e9 directement dans un centre hospitalier. \u00ab\u00a0Vous savez que quand vous \u00eates dans un groupe avec un ami et qu\u2019il sort avec une telle blessure, \u00e7a fait vraiment ma<em>l<\/em>\u00a0\u00bb, s\u2019est confi\u00e9 Bercy Langa Lesse, un de ses co\u00e9quipiers interrog\u00e9 en zone mixte. Barth\u00e9l\u00e9my Ngatsono, le s\u00e9lectionneur congolais lui, voulait rester optimiste sur le sort de son d\u00e9fenseur axial dont la sortie n\u2019a pas \u00e9t\u00e9 sans cons\u00e9quence sur le jeu des congolais. \u00ab\u00a0Je ne peux pas encore \u00eatre inquiet dans la mesure o\u00f9 je n\u2019ai pas encore de ses nouvelles, il va falloir m\u2019enqu\u00e9rir de la situation pour savoir ce qui ne va pas avec lui.\u00a0\u00bb A indiqu\u00e9 le technicien.<\/p>\n<p>Les r\u00e9sultats du diagnostic sont finalement tomb\u00e9s. Le joueur qui a subi un tacle violent avant de sortir en pleurs souffre d\u2019une fracture du pied gauche, selon les derni\u00e8res informations. La comp\u00e9tition est donc termin\u00e9e pour le d\u00e9fenseur des Diables rouges et d\u2019Etoile du Congo qui devient le premier cas de blessure grave de ce Championnat d\u2019Afrique des Nations Total Cameroun 2020.\u00a0<\/p>\n<p><strong>Wiliam Tchango<\/strong><\/p>\n<\/div>\n<p>Auteur: Eco Matin<br \/>\n<a href=\"https:\/\/ecomatin.net\/chan-2020-congo-niger-competition-terminee-pour-cervelie-ikouma-epoyo\/\">Cliquez ici pour lire l&rsquo;article depuis sa source.<\/a><\/p>\n","protected":false},"excerpt":{"rendered":"<p>A l\u2019issue de la rencontre Congo-Niger comptant pour la deuxi\u00e8me journ\u00e9e de la phase de poule du CHAN dans le groupe B, joueurs et encadreurs de la s\u00e9lection des Diables rouges \u00e9taient impatients d\u2019avoir les nouvelles de Cervelie Ikouma Epoyo, leur d\u00e9fenseur sorti sur blessure vers le quart d\u2019heure de jeu et transport\u00e9 directement dans [&hellip;]<\/p>\n","protected":false},"author":1969,"featured_media":0,"comment_status":"closed","ping_status":"closed","sticky":false,"template":"","format":"standard","meta":{"fifu_image_url":"https:\/\/ecomatin.net\/wp-content\/uploads\/2021\/01\/Blessure-Ikouma-Epoyo2-780x470.png","fifu_image_alt":"CHAN 2020\/Congo-Niger : comp\u00e9tition termin\u00e9e pour Cervelie Ikouma Epoyo","footnotes":""},"categories":[82,78],"tags":[],"class_list":["post-109823","post","type-post","status-publish","format-standard","hentry","category-cameroun","category-economie"],"_links":{"self":[{"href":"https:\/\/linitiative.ca\/International\/wp-json\/wp\/v2\/posts\/109823","targetHints":{"allow":["GET"]}}],"collection":[{"href":"https:\/\/linitiative.ca\/International\/wp-json\/wp\/v2\/posts"}],"about":[{"href":"https:\/\/linitiative.ca\/International\/wp-json\/wp\/v2\/types\/post"}],"author":[{"embeddable":true,"href":"https:\/\/linitiative.ca\/International\/wp-json\/wp\/v2\/users\/1969"}],"replies":[{"embeddable":true,"href":"https:\/\/linitiative.ca\/International\/wp-json\/wp\/v2\/comments?post=109823"}],"version-history":[{"count":0,"href":"https:\/\/linitiative.ca\/International\/wp-json\/wp\/v2\/posts\/109823\/revisions"}],"wp:attachment":[{"href":"https:\/\/linitiative.ca\/International\/wp-json\/wp\/v2\/media?parent=109823"}],"wp:term":[{"taxonomy":"category","embeddable":true,"href":"https:\/\/linitiative.ca\/International\/wp-json\/wp\/v2\/categories?post=109823"},{"taxonomy":"post_tag","embeddable":true,"href":"https:\/\/linitiative.ca\/International\/wp-json\/wp\/v2\/tags?post=109823"}],"curies":[{"name":"wp","href":"https:\/\/api.w.org\/{rel}","templated":true}]}}