{"id":109824,"date":"2021-01-22T10:12:34","date_gmt":"2021-01-22T15:12:34","guid":{"rendered":"https:\/\/linitiative.ca\/International\/le-fonds-national-de-lemploi-adopte-un-budget-de-75-milliards-de-f-en-2021\/"},"modified":"2021-01-22T10:12:34","modified_gmt":"2021-01-22T15:12:34","slug":"le-fonds-national-de-lemploi-adopte-un-budget-de-75-milliards-de-f-en-2021","status":"publish","type":"post","link":"https:\/\/linitiative.ca\/International\/le-fonds-national-de-lemploi-adopte-un-budget-de-75-milliards-de-f-en-2021\/","title":{"rendered":"Le Fonds national de l\u2019emploi adopte un budget de 7,5 milliards de F en 2021"},"content":{"rendered":"<p>Le Fonds national de l\u2019emploi (FNE) a tenu le 17 d\u00e9cembre 2020, sa 61<sup>\u00e8me<\/sup>\u00a0session ordinaire de son conseil d\u2019administration \u00e0 l\u2019issue de laquelle le budget de 7,5 milliards de Fcfa a \u00e9t\u00e9 arr\u00eat\u00e9 pour l\u2019exercice 2021.<\/p>\n<p>Au courant de cette session le FNE avait proc\u00e9d\u00e9 \u00e0 la cooptation de trois nouveaux administrateurs \u00e0 savoir le repr\u00e9sentant du ministre des Petites et moyennes entreprises de l\u2019\u00e9conomie sociale et de l\u2019artisanat monsieur Herve Claude Bertrand Mbida, et le Groupement inter patronal du Cameroun avec C\u00e9lestin Tawamba et Laure Kenmogne. Toujours au cours de cette session, le projet de convention collective du FNE soumis \u00e0 l\u2019examen du conseil a re\u00e7u son aval apr\u00e8s amendements pour la suite de la proc\u00e9dure d\u2019adoption. Ce qui s\u2019est concr\u00e9tis\u00e9 le 15 janvier 2021, lors de la c\u00e9r\u00e9monie de\u00a0signature de ladite convention collective\u00a0dans la salle de conf\u00e9rence du minist\u00e8re du Travail et de la S\u00e9curit\u00e9 Sociale (Mintss).<\/p>\n<p><strong>Lire aussi<\/strong> : \u00a0<a href=\"https:\/\/ecomatin.net\/lutte-contre-le-chomage-le-fne-se-deploie-a-sangmelima\/\">Lutte contre le ch\u00f4mage\u00a0: le FNE se d\u00e9ploie \u00e0 Sangmelima<\/a><\/p>\n<p>Pour rappel, le Fonds National de l\u2019Emploi a \u00e9t\u00e9 cr\u00e9\u00e9 par d\u00e9cret pr\u00e9sidentiel le 27 avril 1990.<br \/>Ce service public d\u2019emploi que dirige Camille Mouth\u00e9 \u00e0 Bidias a pour mission la promotion de l\u2019emploi. Mission qui se d\u00e9cline sous trois\u00a0\u00a0principaux axes que sont\u00a0: l\u2019interm\u00e9diation entre employeurs et chercheurs d\u2019emploi, qui vise l\u2019accroissement des possibilit\u00e9s d\u2019emploi\u00a0; la conception, le financement et le suivi des programmes ayant trait \u00e0 entre autres\u00a0: la formation sur le tas et \u00e0 l\u2019apprentissage, la formation formelle, l\u2019appui \u00e0 la cr\u00e9ation des microentreprises\u00a0; et enfin la diffusion des informations sur le march\u00e9 de l\u2019emploi. Ceci \u00e0 travers une dizaine de programmes mis \u00e0 disposition des chercheurs d\u2019emplois.<\/p>\n<p>Voil\u00e0 alors une trentaine d\u2019ann\u00e9es que le FNE est fonctionnel, \u00e0 l\u2019occasion de son trente trenti\u00e8me anniversaire en 2020, l\u2019entreprise avait \u00e0 cet effet rendu public une ensemble de chiffres. L\u2019on compte alors\u00a01.150.000 inscrits dans sa banque des donn\u00e9es des chercheurs d\u2019emplois, le financement de 75\u00a0000 initiatives d\u2019auto-emplois, qui a permis de cr\u00e9er pr\u00e8s de 225\u00a0000 emplois directs et indirects. En plus, le FNE a aussi pu ins\u00e9rer dans les circuits de l\u2019emploi plus de 600\u2009000 personnes, gr\u00e2ce aux 35 \u00e0 40% des offres d\u2019emplois des entreprises qu\u2019il re\u00e7oit.<\/p>\n<p><strong>Lire aussi<\/strong> : <a href=\"https:\/\/ecomatin.net\/en-30-ans-le-fne-a-cree-plus-de-200-000-emplois-directs-et-indirects\/\">En 30 ans, le FNE a cr\u00e9\u00e9 plus de 200\u00a0000 emplois directs et indirects<\/a><\/p>\n<p>Auteur: Cindy MBALA<br \/>\n<a href=\"https:\/\/ecomatin.net\/le-fonds-national-de-lemploi-adopte-un-budget-de-75-milliards-de-f-en-2021\/\">Cliquez ici pour lire l&rsquo;article depuis sa source.<\/a><\/p>\n","protected":false},"excerpt":{"rendered":"<p>Le Fonds national de l\u2019emploi (FNE) a tenu le 17 d\u00e9cembre 2020, sa 61\u00e8me\u00a0session ordinaire de son conseil d\u2019administration \u00e0 l\u2019issue de laquelle le budget de 7,5 milliards de Fcfa a \u00e9t\u00e9 arr\u00eat\u00e9 pour l\u2019exercice 2021. Au courant de cette session le FNE avait proc\u00e9d\u00e9 \u00e0 la cooptation de trois nouveaux administrateurs \u00e0 savoir le [&hellip;]<\/p>\n","protected":false},"author":1969,"featured_media":0,"comment_status":"closed","ping_status":"closed","sticky":false,"template":"","format":"standard","meta":{"fifu_image_url":"","fifu_image_alt":"","footnotes":""},"categories":[82,78],"tags":[],"class_list":["post-109824","post","type-post","status-publish","format-standard","hentry","category-cameroun","category-economie"],"_links":{"self":[{"href":"https:\/\/linitiative.ca\/International\/wp-json\/wp\/v2\/posts\/109824","targetHints":{"allow":["GET"]}}],"collection":[{"href":"https:\/\/linitiative.ca\/International\/wp-json\/wp\/v2\/posts"}],"about":[{"href":"https:\/\/linitiative.ca\/International\/wp-json\/wp\/v2\/types\/post"}],"author":[{"embeddable":true,"href":"https:\/\/linitiative.ca\/International\/wp-json\/wp\/v2\/users\/1969"}],"replies":[{"embeddable":true,"href":"https:\/\/linitiative.ca\/International\/wp-json\/wp\/v2\/comments?post=109824"}],"version-history":[{"count":0,"href":"https:\/\/linitiative.ca\/International\/wp-json\/wp\/v2\/posts\/109824\/revisions"}],"wp:attachment":[{"href":"https:\/\/linitiative.ca\/International\/wp-json\/wp\/v2\/media?parent=109824"}],"wp:term":[{"taxonomy":"category","embeddable":true,"href":"https:\/\/linitiative.ca\/International\/wp-json\/wp\/v2\/categories?post=109824"},{"taxonomy":"post_tag","embeddable":true,"href":"https:\/\/linitiative.ca\/International\/wp-json\/wp\/v2\/tags?post=109824"}],"curies":[{"name":"wp","href":"https:\/\/api.w.org\/{rel}","templated":true}]}}