{"id":109825,"date":"2021-01-22T10:54:35","date_gmt":"2021-01-22T15:54:35","guid":{"rendered":"https:\/\/linitiative.ca\/International\/fabrice-tchingo-petton-est-le-nouveau-directeur-general-a-la-smid-s-a\/"},"modified":"2021-01-22T10:54:35","modified_gmt":"2021-01-22T15:54:35","slug":"fabrice-tchingo-petton-est-le-nouveau-directeur-general-a-la-smid-s-a","status":"publish","type":"post","link":"https:\/\/linitiative.ca\/International\/fabrice-tchingo-petton-est-le-nouveau-directeur-general-a-la-smid-s-a\/","title":{"rendered":"Fabrice Tchingo Petton est le nouveau  Directeur g\u00e9n\u00e9ral \u00e0 la Smid S.A."},"content":{"rendered":"<p>La Soci\u00e9t\u00e9 m\u00e9tropolitaine d\u2019investissement de Douala (Smid) accueille son troisi\u00e8me Directeur g\u00e9n\u00e9ral en 3 ans d\u2019existence. Ce poste revient d\u00e9sormais \u00e0 Fabrice Tchingo Petton. Il remplace Julienne Nkounda \u00e9pouse Komnang, int\u00e9rimaire depuis le d\u00e9part de Ralph Pouth, le tout premier Directeur g\u00e9n\u00e9ral de cette soci\u00e9t\u00e9 de gestion patrimoniale de la ville de Douala. L\u2019information a \u00e9t\u00e9 rendue publique \u00e0 travers une note du 15 janvier 2021 du Dr. Fritz Ntone Ntone, le Pr\u00e9sident du conseil d\u2019administration de l\u2019institution, adress\u00e9e aux administrateurs. En r\u00e9alit\u00e9, c\u2019est lors de la 6\u00e8me session ordinaire du Conseil d\u2019administration de la Smid tenue le 29 d\u00e9cembre 2020 que le choix des administrateurs a \u00e9t\u00e9 port\u00e9 sur Fabrice Tchingo Petton.<\/p>\n<p>Le nouveau Directeur g\u00e9n\u00e9ral de la Smid est un habitu\u00e9 de la gestion d\u2019entreprises. \u00a0Il a \u00e9t\u00e9, de 2011 \u00e0 2017, Directeur g\u00e9n\u00e9ral de la microfinance\u00a0Cecec. Analyste de cr\u00e9dit, analyste financier, et cadre de banque etc\u2026\u2026Fabrice Tchingo Petton est dipl\u00f4m\u00e9 de l\u2019Institut des Techniques bancaires de (ITB) de Paris en France. Avant de succ\u00e9der \u00e0 Julienne Nkounda \u00e9pouse Komnang, Fabrice Tchingo Petton occupait au sein de la Smid, le poste de Directeur d\u2019Audit et du Contr\u00f4le interne.\u00a0<\/p>\n<p><strong>Lire aussi<\/strong> : \u00a0<a href=\"https:\/\/ecomatin.net\/smid-lequipe-dirigeante-installee\/\">Smid\u00a0: l\u2019\u00e9quipe dirigeante install\u00e9e<\/a><\/p>\n<p><strong>R\u00e9alisation des grands projets<\/strong><\/p>\n<p>Entre autres points inscrits \u00e0 l\u2019ordre du jour de la session ordinaire de ce 29 d\u00e9cembre 2020, figurait l\u2019examen des dossiers portant sur les deux projets pilotes de la Smid S.A lanc\u00e9s en octobre 2018. Il s\u2019agit du projet de r\u00e9habilitation et l\u2019extension du march\u00e9 New-Deido (5,152 milliards de FCFA dont un montant de 1,781 milliards de FCFA financ\u00e9 par la SMID), et celui relatif \u00e0 la construction du parc de loisirs de la Besseke (2,238 milliards de FCFA.). \u00a0A c\u00f4t\u00e9 de ces deux projets pilotes de d\u00e9marrage, plusieurs projets prioritaires sont susceptibles de constituer les premi\u00e8res op\u00e9rations tangibles de la Soci\u00e9t\u00e9 m\u00e9tropolitaine d\u2019investissement de Douala. Ils ont d\u2019ailleurs d\u00e9j\u00e0 fait l\u2019objet de plans d\u2019affaires respectifs, en lien avec les objectifs de ladite soci\u00e9t\u00e9. Il s\u2019agit notamment du projet de construction d\u2019un centre de conf\u00e9rence international, pour un co\u00fbt de 15 milliards FCFA, le projet de construction d\u2019un centre des expositions, d\u2019un co\u00fbt pr\u00e9visionnel de 8,5 milliards FCFA, le projet de construction du march\u00e9 de Bonamoussadi pour un co\u00fbt pr\u00e9visionnel de 10,1 millions de FCFA avec une participation de fonds Smid \u00e9valu\u00e9e \u00e0 4,8 millions de FCFA, un projet pilote de promotion de l\u2019acc\u00e8s au logement des diff\u00e9rents segments de la forte demande existante, la construction d\u2019un Centre international des conf\u00e9rences de Douala (12,4 milliards FCFA), ou la gare routi\u00e8re multimodale de Bonab\u00e9ri (1,9 milliard). \u00abDes projets en maturation depuis deux ans, \u00e0 r\u00e9aliser en 2021\u00bb, apprend-on de la Smid. \u00a0<\/p>\n<p><strong>Lire aussi<\/strong> : <a href=\"https:\/\/ecomatin.net\/direction-generale-de-la-smid-hombeline-mathon-disqualifiee\/\">Direction g\u00e9n\u00e9rale de la Smid\u00a0: Hombeline Mathon disqualifi\u00e9e<\/a><\/p>\n<p>Le \u00a0budget de l\u2019exercice 2021 de la Smid, la situation financi\u00e8re de la soci\u00e9t\u00e9 et la pr\u00e9paration de la prochaine Assembl\u00e9e g\u00e9n\u00e9rale du premier semestre de l\u2019exercice en cours ont \u00e9galement fait l\u2019objet d\u2019une attention particuli\u00e8re des administrateurs. Au terme de la session, le Dr. Fritz Ntone Ntone a \u00e9t\u00e9 reconduit au poste de Pr\u00e9sident du conseil d\u2019administration de l\u2019institution jusqu\u2019\u00e0 la tenue de l\u2019Assembl\u00e9e g\u00e9n\u00e9rale annonc\u00e9e. Ce, conform\u00e9ment aux observations de la Commission de surveillance des march\u00e9s financiers de l\u2019Afrique centrale (Cosumaf).<\/p>\n<p>C\u2019est le 17 ao\u00fbt 2018 que la Smid a tenu sa toute premi\u00e8re Assembl\u00e9e g\u00e9n\u00e9rale constituante, suivie le 18 ao\u00fbt, par un conseil d\u2019administration. L\u2019appel public \u00e0 l\u2019\u00e9pargne pour sa constitution a d\u00e9bouch\u00e9 sur une collecte de 5,4 milliards de FCFA, au 5 juillet 2018, fin des souscriptions. C\u2019est le 31 juillet 2018 que la Commission des March\u00e9s Financiers (CMF) autorise la Communaut\u00e9 urbaine de Douala (CUD) \u00e0 constituer la Smid sur la base d\u2019un nouveau capital fix\u00e9 3.469.820.000 de FCFA. Selon la structure de l\u2019actionnariat, la CUD d\u00e9tenait initialement 23% du capital de la Smid, 10% du capital \u00e9tait ouvert aux entreprises publiques, 20% aux entreprises priv\u00e9es et 47% aux personnes physiques.<\/p>\n<p><strong>Lire aussi<\/strong> : <a href=\"https:\/\/ecomatin.net\/siege-du-ngondo-la-smid-recupere-le-projet-de-65-milliards-de-fcfa\/\">Si\u00e8ge du Ngondo\u00a0: la Smid r\u00e9cup\u00e8re le projet de 65 milliards de Fcfa<\/a><\/p>\n<p>Auteur: Georges Semey<br \/>\n<a href=\"https:\/\/ecomatin.net\/fabrice-tchingo-petton-est-le-nouveau-directeur-general-a-la-smid-s-a\/\">Cliquez ici pour lire l&rsquo;article depuis sa source.<\/a><\/p>\n","protected":false},"excerpt":{"rendered":"<p>La Soci\u00e9t\u00e9 m\u00e9tropolitaine d\u2019investissement de Douala (Smid) accueille son troisi\u00e8me Directeur g\u00e9n\u00e9ral en 3 ans d\u2019existence. Ce poste revient d\u00e9sormais \u00e0 Fabrice Tchingo Petton. Il remplace Julienne Nkounda \u00e9pouse Komnang, int\u00e9rimaire depuis le d\u00e9part de Ralph Pouth, le tout premier Directeur g\u00e9n\u00e9ral de cette soci\u00e9t\u00e9 de gestion patrimoniale de la ville de Douala. L\u2019information a [&hellip;]<\/p>\n","protected":false},"author":1969,"featured_media":0,"comment_status":"closed","ping_status":"closed","sticky":false,"template":"","format":"standard","meta":{"fifu_image_url":"","fifu_image_alt":"","footnotes":""},"categories":[82,78],"tags":[],"class_list":["post-109825","post","type-post","status-publish","format-standard","hentry","category-cameroun","category-economie"],"_links":{"self":[{"href":"https:\/\/linitiative.ca\/International\/wp-json\/wp\/v2\/posts\/109825","targetHints":{"allow":["GET"]}}],"collection":[{"href":"https:\/\/linitiative.ca\/International\/wp-json\/wp\/v2\/posts"}],"about":[{"href":"https:\/\/linitiative.ca\/International\/wp-json\/wp\/v2\/types\/post"}],"author":[{"embeddable":true,"href":"https:\/\/linitiative.ca\/International\/wp-json\/wp\/v2\/users\/1969"}],"replies":[{"embeddable":true,"href":"https:\/\/linitiative.ca\/International\/wp-json\/wp\/v2\/comments?post=109825"}],"version-history":[{"count":0,"href":"https:\/\/linitiative.ca\/International\/wp-json\/wp\/v2\/posts\/109825\/revisions"}],"wp:attachment":[{"href":"https:\/\/linitiative.ca\/International\/wp-json\/wp\/v2\/media?parent=109825"}],"wp:term":[{"taxonomy":"category","embeddable":true,"href":"https:\/\/linitiative.ca\/International\/wp-json\/wp\/v2\/categories?post=109825"},{"taxonomy":"post_tag","embeddable":true,"href":"https:\/\/linitiative.ca\/International\/wp-json\/wp\/v2\/tags?post=109825"}],"curies":[{"name":"wp","href":"https:\/\/api.w.org\/{rel}","templated":true}]}}