{"id":109832,"date":"2021-01-23T11:09:06","date_gmt":"2021-01-23T16:09:06","guid":{"rendered":"https:\/\/linitiative.ca\/International\/morocco-mall-les-soldes-dhiver-de-retour\/"},"modified":"2021-01-23T11:09:06","modified_gmt":"2021-01-23T16:09:06","slug":"morocco-mall-les-soldes-dhiver-de-retour","status":"publish","type":"post","link":"https:\/\/linitiative.ca\/International\/morocco-mall-les-soldes-dhiver-de-retour\/","title":{"rendered":"MOROCCO MALL: Les soldes d\u2019hiver de retour"},"content":{"rendered":"<header>\n<\/header>\n<div class=\"entry-content clearfix\" readability=\"49\"><img decoding=\"async\" class=\"post_layout_5_img\" src=\"http:\/\/aujourdhui.ma\/wp-content\/uploads\/2021\/01\/MOROCCO-MALL-Les-soldes-dhiver-de-retour.jpg\" alt=\"MOROCCO MALL: Les soldes d&#x2019;hiver de retour\"\/><\/p>\n<p class=\"c8\"><span class=\"c7\"><strong><span class=\"c6\"><span class=\"c5\">Bonne nouvelle pour les amoureux du shopping\u00a0au meilleur prix.<\/span><\/span><\/strong><\/span><\/p>\n<p class=\"c8\"><span class=\"c6\"><span class=\"c5\">Le MOROCCO MALL vient de donner, jeudi 21 janvier, le coup d\u2019envoi de la nouvelle saison des soldes d\u2019hiver. Au grand bonheur de ses visiteurs, une nouvelle \u00e9dition qui leur permettra de profiter des r\u00e9ductions exceptionnelles allant jusqu\u2019\u00e0 -70% sur plus de 350 enseignes nationales et internationales, repr\u00e9sentant diff\u00e9rents univers (mode, sport, maison-d\u00e9co, culture, technologie\u2026). \u00ab\u00a0Le MOROCCO MALL invite ainsi ses fid\u00e8les visiteurs \u00e0 venir profiter des meilleures offres pour ce d\u00e9but ann\u00e9e et de faire le plein des bonnes affaires\u00a0\u00bb, indique un communiqu\u00e9 de MOROCCO MALL, faisant rappeler \u00a0\u00e9galement, que le plus grand mall a d\u00e9ploy\u00e9 \u00abtous les moyens n\u00e9cessaires pour offrir \u00e0 ses visiteurs une exp\u00e9rience shopping agr\u00e9able, douce et en toute s\u00e9curit\u00e9\u00bb.<\/span><\/span><\/p>\n<\/div>\n<p>Auteur: ALM<br \/>\n<a href=\"https:\/\/aujourdhui.ma\/actualite\/morocco-mall-les-soldes-dhiver-de-retour\">Cliquez ici pour lire l&rsquo;article depuis sa source.<\/a><\/p>\n","protected":false},"excerpt":{"rendered":"<p>Bonne nouvelle pour les amoureux du shopping\u00a0au meilleur prix. Le MOROCCO MALL vient de donner, jeudi 21 janvier, le coup d\u2019envoi de la nouvelle saison des soldes d\u2019hiver. Au grand bonheur de ses visiteurs, une nouvelle \u00e9dition qui leur permettra de profiter des r\u00e9ductions exceptionnelles allant jusqu\u2019\u00e0 -70% sur plus de 350 enseignes nationales et [&hellip;]<\/p>\n","protected":false},"author":1759,"featured_media":0,"comment_status":"closed","ping_status":"closed","sticky":false,"template":"","format":"standard","meta":{"fifu_image_url":"http:\/\/aujourdhui.ma\/wp-content\/uploads\/2021\/01\/MOROCCO-MALL-Les-soldes-dhiver-de-retour.jpg","fifu_image_alt":"MOROCCO MALL: Les soldes d\u2019hiver de retour","footnotes":""},"categories":[73,54],"tags":[],"class_list":["post-109832","post","type-post","status-publish","format-standard","hentry","category-actualite","category-maroc"],"_links":{"self":[{"href":"https:\/\/linitiative.ca\/International\/wp-json\/wp\/v2\/posts\/109832","targetHints":{"allow":["GET"]}}],"collection":[{"href":"https:\/\/linitiative.ca\/International\/wp-json\/wp\/v2\/posts"}],"about":[{"href":"https:\/\/linitiative.ca\/International\/wp-json\/wp\/v2\/types\/post"}],"author":[{"embeddable":true,"href":"https:\/\/linitiative.ca\/International\/wp-json\/wp\/v2\/users\/1759"}],"replies":[{"embeddable":true,"href":"https:\/\/linitiative.ca\/International\/wp-json\/wp\/v2\/comments?post=109832"}],"version-history":[{"count":0,"href":"https:\/\/linitiative.ca\/International\/wp-json\/wp\/v2\/posts\/109832\/revisions"}],"wp:attachment":[{"href":"https:\/\/linitiative.ca\/International\/wp-json\/wp\/v2\/media?parent=109832"}],"wp:term":[{"taxonomy":"category","embeddable":true,"href":"https:\/\/linitiative.ca\/International\/wp-json\/wp\/v2\/categories?post=109832"},{"taxonomy":"post_tag","embeddable":true,"href":"https:\/\/linitiative.ca\/International\/wp-json\/wp\/v2\/tags?post=109832"}],"curies":[{"name":"wp","href":"https:\/\/api.w.org\/{rel}","templated":true}]}}