{"id":109835,"date":"2021-01-22T18:12:13","date_gmt":"2021-01-22T23:12:13","guid":{"rendered":"https:\/\/linitiative.ca\/International\/appel-a-candidatures-pour-lacces-a-la-formation-doctorale-de-lum6p\/"},"modified":"2021-01-22T18:12:13","modified_gmt":"2021-01-22T23:12:13","slug":"appel-a-candidatures-pour-lacces-a-la-formation-doctorale-de-lum6p","status":"publish","type":"post","link":"https:\/\/linitiative.ca\/International\/appel-a-candidatures-pour-lacces-a-la-formation-doctorale-de-lum6p\/","title":{"rendered":"Appel \u00e0 candidatures pour l\u2019acc\u00e8s \u00e0 la formation doctorale de l\u2019UM6P"},"content":{"rendered":"<div class=\"single-featured\"><img alt=\"\" data-src=\"http:\/\/www.mapmarrakech.ma\/map\/uploads\/2020\/10\/UM6P-benguerir-copier.jpg\"\/><\/div>\n<div class=\"single-post-excerpt post-excerpt-bc\" readability=\"35\">\n<p>Benguerir \u2013 L\u2019Universit\u00e9 Mohammed VI Polytechnique (UM6P) de Benguerir vient d\u2019annoncer le lancement de l\u2019appel \u00e0 candidatures pour l\u2019acc\u00e8s \u00e0 la Formation Doctorale Interdisciplinaire en Sciences, Techniques et Ing\u00e9nierie au titre de l\u2019ann\u00e9e universitaire 2020-2021.<\/p>\n<\/div>\n<div class=\"entry-content clearfix single-post-content\" readability=\"45\">\n<p>L\u2019objectif principal de cette formation doctorale de l\u2019UM6P\/CE-Doc est d\u2019adopter une approche interdisciplinaire innovante qui, \u00e0 travers la cr\u00e9ation d\u2019un cadre int\u00e9gratif entre les diff\u00e9rents programmes de recherche de l\u2019universit\u00e9, permet de d\u00e9velopper la recherche-action et des programmes novateurs et transversaux qui favorisent autant la cr\u00e9ativit\u00e9 acad\u00e9mique et scientifique que la r\u00e9ponse aux enjeux et d\u00e9fis du Maroc et de l\u2019Afrique, indique un communiqu\u00e9 de l\u2019Universit\u00e9.<\/p>\n<p>L\u2019UM6P\/CE-doc a pour vocation principale de former les futurs doctorants par la recherche op\u00e9rationnelle et l\u2019innovation avanc\u00e9e, tout en leur assurant des formations sp\u00e9cifiques et compl\u00e9mentaires en mati\u00e8re de leadership et d\u2019entreprenariat afin de hisser le niveau de la formation doctorale aux standards acad\u00e9miques et professionnels internationaux, rel\u00e8ve la m\u00eame source.<\/p>\n<\/div>\n<p>Auteur: Meriem IGASS<br \/>\n<a href=\"http:\/\/www.mapmarrakech.ma\/fr\/appel-a-candidatures-pour-lacces-a-la-formation-doctorale-de-lum6p\/\">Cliquez ici pour lire l&rsquo;article depuis sa source.<\/a><\/p>\n","protected":false},"excerpt":{"rendered":"<p>Benguerir \u2013 L\u2019Universit\u00e9 Mohammed VI Polytechnique (UM6P) de Benguerir vient d\u2019annoncer le lancement de l\u2019appel \u00e0 candidatures pour l\u2019acc\u00e8s \u00e0 la Formation Doctorale Interdisciplinaire en Sciences, Techniques et Ing\u00e9nierie au titre de l\u2019ann\u00e9e universitaire 2020-2021. L\u2019objectif principal de cette formation doctorale de l\u2019UM6P\/CE-Doc est d\u2019adopter une approche interdisciplinaire innovante qui, \u00e0 travers la cr\u00e9ation d\u2019un [&hellip;]<\/p>\n","protected":false},"author":1788,"featured_media":0,"comment_status":"closed","ping_status":"closed","sticky":false,"template":"","format":"standard","meta":{"fifu_image_url":"http:\/\/www.mapmarrakech.ma\/map\/uploads\/2020\/10\/UM6P-benguerir-copier.jpg","fifu_image_alt":"Appel \u00e0 candidatures pour l\u2019acc\u00e8s \u00e0 la formation doctorale de l\u2019UM6P","footnotes":""},"categories":[54,76],"tags":[],"class_list":["post-109835","post","type-post","status-publish","format-standard","hentry","category-maroc","category-regions"],"_links":{"self":[{"href":"https:\/\/linitiative.ca\/International\/wp-json\/wp\/v2\/posts\/109835","targetHints":{"allow":["GET"]}}],"collection":[{"href":"https:\/\/linitiative.ca\/International\/wp-json\/wp\/v2\/posts"}],"about":[{"href":"https:\/\/linitiative.ca\/International\/wp-json\/wp\/v2\/types\/post"}],"author":[{"embeddable":true,"href":"https:\/\/linitiative.ca\/International\/wp-json\/wp\/v2\/users\/1788"}],"replies":[{"embeddable":true,"href":"https:\/\/linitiative.ca\/International\/wp-json\/wp\/v2\/comments?post=109835"}],"version-history":[{"count":0,"href":"https:\/\/linitiative.ca\/International\/wp-json\/wp\/v2\/posts\/109835\/revisions"}],"wp:attachment":[{"href":"https:\/\/linitiative.ca\/International\/wp-json\/wp\/v2\/media?parent=109835"}],"wp:term":[{"taxonomy":"category","embeddable":true,"href":"https:\/\/linitiative.ca\/International\/wp-json\/wp\/v2\/categories?post=109835"},{"taxonomy":"post_tag","embeddable":true,"href":"https:\/\/linitiative.ca\/International\/wp-json\/wp\/v2\/tags?post=109835"}],"curies":[{"name":"wp","href":"https:\/\/api.w.org\/{rel}","templated":true}]}}