{"id":109837,"date":"2021-01-23T12:56:03","date_gmt":"2021-01-23T17:56:03","guid":{"rendered":"https:\/\/linitiative.ca\/International\/commune-reunion-sur-la-mise-en-place-du-service-de-laudit-interne\/"},"modified":"2021-01-23T12:56:03","modified_gmt":"2021-01-23T17:56:03","slug":"commune-reunion-sur-la-mise-en-place-du-service-de-laudit-interne","status":"publish","type":"post","link":"https:\/\/linitiative.ca\/International\/commune-reunion-sur-la-mise-en-place-du-service-de-laudit-interne\/","title":{"rendered":"Commune: R\u00e9union sur la mise en place du service de l\u2019audit interne"},"content":{"rendered":"<div class=\"single-featured\"><img alt=\"\" data-src=\"http:\/\/www.mapmarrakech.ma\/map\/uploads\/2021\/01\/audit-marrakech-copier.jpg\"\/><\/div>\n<div class=\"single-post-excerpt post-excerpt-bc\" readability=\"36\">\n<p>Marrakech \u2013 Une s\u00e9ance de travail a \u00e9t\u00e9 tenue, jeudi dernier, au si\u00e8ge de l\u2019h\u00f4tel de ville de Marrakech dans le cadre du projet national pilot\u00e9 par le minist\u00e8re de l\u2019Int\u00e9rieur consistant en la mise en place du service de l\u2019audit interne au niveau des communes et r\u00e9gions.<\/p>\n<\/div>\n<div class=\"entry-content clearfix single-post-content\" readability=\"42\">\n<p>L\u2019ensemble des participants ont mis l\u2019accent sur le r\u00f4le important et la place incontournable que joue l\u2019audit interne tant au niveau de l\u2019efficacit\u00e9 que de l\u2019efficience de l\u2019action communale, indique un communiqu\u00e9 de la commune de Marrakech.<\/p>\n<p>Cette \u00e9tape de mise en place est la cons\u00e9cration de l\u2019engagement de la Commune de Marrakech dans un processus de bonne gouvernance ax\u00e9 sur le management qualit\u00e9, le syst\u00e8me d\u2019information, le projet de performance et la refonte de ses modes de gestion, souligne la m\u00eame source.<\/p>\n<\/div>\n<p>Auteur: Meriem IGASS<br \/>\n<a href=\"http:\/\/www.mapmarrakech.ma\/fr\/commune-reunion-sur-la-mise-en-place-du-service-de-laudit-interne\/\">Cliquez ici pour lire l&rsquo;article depuis sa source.<\/a><\/p>\n","protected":false},"excerpt":{"rendered":"<p>Marrakech \u2013 Une s\u00e9ance de travail a \u00e9t\u00e9 tenue, jeudi dernier, au si\u00e8ge de l\u2019h\u00f4tel de ville de Marrakech dans le cadre du projet national pilot\u00e9 par le minist\u00e8re de l\u2019Int\u00e9rieur consistant en la mise en place du service de l\u2019audit interne au niveau des communes et r\u00e9gions. L\u2019ensemble des participants ont mis l\u2019accent sur [&hellip;]<\/p>\n","protected":false},"author":1788,"featured_media":0,"comment_status":"closed","ping_status":"closed","sticky":false,"template":"","format":"standard","meta":{"fifu_image_url":"http:\/\/www.mapmarrakech.ma\/map\/uploads\/2021\/01\/audit-marrakech-copier.jpg","fifu_image_alt":"Commune: R\u00e9union sur la mise en place du service de l\u2019audit interne","footnotes":""},"categories":[54,76],"tags":[],"class_list":["post-109837","post","type-post","status-publish","format-standard","hentry","category-maroc","category-regions"],"_links":{"self":[{"href":"https:\/\/linitiative.ca\/International\/wp-json\/wp\/v2\/posts\/109837","targetHints":{"allow":["GET"]}}],"collection":[{"href":"https:\/\/linitiative.ca\/International\/wp-json\/wp\/v2\/posts"}],"about":[{"href":"https:\/\/linitiative.ca\/International\/wp-json\/wp\/v2\/types\/post"}],"author":[{"embeddable":true,"href":"https:\/\/linitiative.ca\/International\/wp-json\/wp\/v2\/users\/1788"}],"replies":[{"embeddable":true,"href":"https:\/\/linitiative.ca\/International\/wp-json\/wp\/v2\/comments?post=109837"}],"version-history":[{"count":0,"href":"https:\/\/linitiative.ca\/International\/wp-json\/wp\/v2\/posts\/109837\/revisions"}],"wp:attachment":[{"href":"https:\/\/linitiative.ca\/International\/wp-json\/wp\/v2\/media?parent=109837"}],"wp:term":[{"taxonomy":"category","embeddable":true,"href":"https:\/\/linitiative.ca\/International\/wp-json\/wp\/v2\/categories?post=109837"},{"taxonomy":"post_tag","embeddable":true,"href":"https:\/\/linitiative.ca\/International\/wp-json\/wp\/v2\/tags?post=109837"}],"curies":[{"name":"wp","href":"https:\/\/api.w.org\/{rel}","templated":true}]}}