{"id":109840,"date":"2021-01-23T15:14:07","date_gmt":"2021-01-23T20:14:07","guid":{"rendered":"https:\/\/linitiative.ca\/International\/international-un-nouveau-depart-en-vue-pour-les-napolitains\/"},"modified":"2021-01-23T15:14:07","modified_gmt":"2021-01-23T20:14:07","slug":"international-un-nouveau-depart-en-vue-pour-les-napolitains","status":"publish","type":"post","link":"https:\/\/linitiative.ca\/International\/international-un-nouveau-depart-en-vue-pour-les-napolitains\/","title":{"rendered":"International : Un nouveau d\u00e9part en vue pour les Napolitains"},"content":{"rendered":"<div readability=\"32\">\n<p>Auteur : <span class=\"time\">samedi 23 janvier 2021 15:50<\/span><\/p>\n<\/div>\n<div id=\"post_core\" readability=\"43\">\n<p>Apr\u00e8s le d\u00e9part d\u2019Arkadiusz Milik pour l\u2019Olympique Marseille, les dirigeants napolitains seraient sur le point de se s\u00e9parer de Fernando Llorente.<\/p>\n<p>Le buteur ib\u00e9rique exp\u00e9riment\u00e9 devrait rester en Serie A. Selon AS et Les-Transferts, le natif de Pamplona se serait mis d\u2019accord avec\u00a0l\u2019Udinese\u00a0pour un contrat de six mois plus un ann\u00e9e en option. Concernant les modalit\u00e9s du transfert, le club du Frioul aimerait que le joueur soit lib\u00e9r\u00e9 par le Napoli.<\/p>\n<p><strong>Publi\u00e9 dans :<\/strong> <span>Naples : Fernando Lorente<\/span><\/p>\n<\/div>\n<p>Auteur:<br \/>\n<a href=\"http:\/\/www.lebuteur.com\/article\/detail?titre=un-nouveau-depart-en-vue-pour-les-napolitains&#038;id=98814&#038;utm_source=feedburner&#038;utm_medium=feed&#038;utm_campaign=Feed%3A+GalerieFArtciles+%28Les+derniers+articles++-+lebuteur.com%29\">Cliquez ici pour lire l&rsquo;article depuis sa source.<\/a><\/p>\n","protected":false},"excerpt":{"rendered":"<p>Auteur : samedi 23 janvier 2021 15:50 Apr\u00e8s le d\u00e9part d\u2019Arkadiusz Milik pour l\u2019Olympique Marseille, les dirigeants napolitains seraient sur le point de se s\u00e9parer de Fernando Llorente. Le buteur ib\u00e9rique exp\u00e9riment\u00e9 devrait rester en Serie A. Selon AS et Les-Transferts, le natif de Pamplona se serait mis d\u2019accord avec\u00a0l\u2019Udinese\u00a0pour un contrat de six mois [&hellip;]<\/p>\n","protected":false},"author":1738,"featured_media":0,"comment_status":"closed","ping_status":"closed","sticky":false,"template":"","format":"standard","meta":{"fifu_image_url":"\/\/cdn.lebuteur.com\/data\/images\/article\/thumbs\/large-un-nouveau-depart-en-vue-pour-les-napolitains-e7f34.jpg","fifu_image_alt":"International : Un nouveau d\u00e9part en vue pour les Napolitains","footnotes":""},"categories":[53,75],"tags":[],"class_list":["post-109840","post","type-post","status-publish","format-standard","hentry","category-algerie","category-sport"],"_links":{"self":[{"href":"https:\/\/linitiative.ca\/International\/wp-json\/wp\/v2\/posts\/109840","targetHints":{"allow":["GET"]}}],"collection":[{"href":"https:\/\/linitiative.ca\/International\/wp-json\/wp\/v2\/posts"}],"about":[{"href":"https:\/\/linitiative.ca\/International\/wp-json\/wp\/v2\/types\/post"}],"author":[{"embeddable":true,"href":"https:\/\/linitiative.ca\/International\/wp-json\/wp\/v2\/users\/1738"}],"replies":[{"embeddable":true,"href":"https:\/\/linitiative.ca\/International\/wp-json\/wp\/v2\/comments?post=109840"}],"version-history":[{"count":0,"href":"https:\/\/linitiative.ca\/International\/wp-json\/wp\/v2\/posts\/109840\/revisions"}],"wp:attachment":[{"href":"https:\/\/linitiative.ca\/International\/wp-json\/wp\/v2\/media?parent=109840"}],"wp:term":[{"taxonomy":"category","embeddable":true,"href":"https:\/\/linitiative.ca\/International\/wp-json\/wp\/v2\/categories?post=109840"},{"taxonomy":"post_tag","embeddable":true,"href":"https:\/\/linitiative.ca\/International\/wp-json\/wp\/v2\/tags?post=109840"}],"curies":[{"name":"wp","href":"https:\/\/api.w.org\/{rel}","templated":true}]}}