{"id":109844,"date":"2021-01-23T15:17:41","date_gmt":"2021-01-23T20:17:41","guid":{"rendered":"https:\/\/linitiative.ca\/International\/abdelaziz-rahabi-le-rapport-stora-ne-prend-pas-en-compte-la-principale-demande-historique-des-algeriens\/"},"modified":"2021-01-23T15:17:41","modified_gmt":"2021-01-23T20:17:41","slug":"abdelaziz-rahabi-le-rapport-stora-ne-prend-pas-en-compte-la-principale-demande-historique-des-algeriens","status":"publish","type":"post","link":"https:\/\/linitiative.ca\/International\/abdelaziz-rahabi-le-rapport-stora-ne-prend-pas-en-compte-la-principale-demande-historique-des-algeriens\/","title":{"rendered":"Abdelaziz Rahabi\u00a0: \u00abLe rapport Stora\u00a0ne prend pas en compte la principale demande historique des Alg\u00e9riens\u00bb"},"content":{"rendered":"<h4 class=\"title-14\">M\u00e9moires alg\u00e9ro-fran\u00e7aises<\/h4>\n<div class=\"featured_image\"><img loading=\"lazy\" decoding=\"async\" width=\"3216\" height=\"2136\" src=\"https:\/\/www.elwatan.com\/wp-content\/uploads\/2021\/01\/rahabi.jpg\" class=\"attachment-post-thumbnail size-post-thumbnail wp-post-image\" alt=\"Abdelaziz Rahabi\" srcset=\"https:\/\/www.elwatan.com\/wp-content\/uploads\/2021\/01\/rahabi.jpg 3216w, https:\/\/www.elwatan.com\/wp-content\/uploads\/2021\/01\/rahabi-300x199.jpg 300w, https:\/\/www.elwatan.com\/wp-content\/uploads\/2021\/01\/rahabi-768x510.jpg 768w, https:\/\/www.elwatan.com\/wp-content\/uploads\/2021\/01\/rahabi-1024x680.jpg 1024w, https:\/\/www.elwatan.com\/wp-content\/uploads\/2021\/01\/rahabi-1320x877.jpg 1320w\" sizes=\"auto, (max-width: 3216px) 100vw, 3216px\"\/><\/div>\n<p class=\"c5\">Dans un post publi\u00e9 aujourd\u2019hui sur son compte twitter, l\u2019ancien ministre de la Communication et de la Culture Abdelaziz Rahabi soutient que <em>\u00ab\u00a0le rapport Stora ne prend pas en compte la principale demande historique des Alg\u00e9riens, la reconnaissance par la France des crimes commis par la colonisation\u00a0\u00bb.<\/em><\/p>\n<p class=\"c5\">L\u2019ancien diplomate rappelle qu\u2019<em>\u00ab\u00a0il ne s\u2019agit ni de repentance, notion \u00e9trang\u00e8re aux relations entre \u00c9tats ni de fonder une m\u00e9moire commune, les deux pays \u00e9tant h\u00e9ritiers de deux m\u00e9moires antagoniques sur cette question\u00a0\u00bb<\/em>.<\/p>\n<p class=\"c5\">Pour les reste, pr\u00e9cise-t-il, <em>\u00ab\u00a0chacun doit assumer son pass\u00e9 et les deux Etats sont tenus de mettre en place les conditions d\u2019une relation apais\u00e9e et tourn\u00e9e vers l\u2019avenir\u00a0\u00bb.<\/em><\/p>\n<p class=\"c5\">L\u2019historien Benjamin Stora a remis, mercredi dernier, au pr\u00e9sident fran\u00e7ais, Emmanuel Macron, son rapport <em>\u00ab\u00a0sur les questions m\u00e9morielles portant sur la colonisation et la guerre d\u2019Alg\u00e9rie\u00a0\u00bb<\/em>. Ce rapport a pour but, a-t-il dit, de \u00abd\u00e9cloisonner\u00bb des m\u00e9moires divergentes et douloureuses entre les deux pays, aux relations aussi \u00e9troites que complexes.<\/p>\n<p class=\"c5\">Au lendemain de la publication du rapport, aucune r\u00e9action officielle n\u2019a \u00e9t\u00e9 enregistr\u00e9e c\u00f4t\u00e9 alg\u00e9rien. Seuls des titres de presse se sont empar\u00e9s du sujet, dont certains ont exprim\u00e9 leur d\u00e9ception face au refus de Paris d\u2019aller dans le sens des excuses.<\/p>\n<p class=\"c5\">Pour eux, <em>\u00ab le pr\u00e9sident Macron n\u2019a pas tenu ses promesses<\/em> [en refusant les excuses] <em>qu\u2019il avait tenues \u00e0 Alger lors de sa visite en tant que candidat \u00bb<\/em>. Allusion faite \u00e0 la d\u00e9claration, en 2017, d\u2019Emmanuel Macron, alors candidat en visite \u00e0 Alger, qualifiant la colonisation de \u00ab crime contre l\u2019humanit\u00e9 \u00bb.<\/p>\n<p><span class=\"post-views-label\">Post Views:<\/span> <span class=\"post-views-count\">750<\/span><\/p>\n<p><br class=\"c2\"\/><\/p>\n<div class=\"ichhar-moneytagnative c6\" id=\"ichhar-1999516793\">\n<p>Advertisements<\/p>\n<\/div>\n<p><br class=\"c2\"\/><br class=\"c7\"\/><\/p>\n<p>Auteur: Mohand Yahiaoui<br \/>\n<a href=\"https:\/\/www.elwatan.com\/edition\/actualite\/abdelaziz-rahabi-le-rapport-stora-ne-prend-pas-en-compte-la-principale-demande-historique-des-algeriens-23-01-2021\">Cliquez ici pour lire l&rsquo;article depuis sa source.<\/a><\/p>\n","protected":false},"excerpt":{"rendered":"<p>M\u00e9moires alg\u00e9ro-fran\u00e7aises Dans un post publi\u00e9 aujourd\u2019hui sur son compte twitter, l\u2019ancien ministre de la Communication et de la Culture Abdelaziz Rahabi soutient que \u00ab\u00a0le rapport Stora ne prend pas en compte la principale demande historique des Alg\u00e9riens, la reconnaissance par la France des crimes commis par la colonisation\u00a0\u00bb. L\u2019ancien diplomate rappelle qu\u2019\u00ab\u00a0il ne s\u2019agit [&hellip;]<\/p>\n","protected":false},"author":1743,"featured_media":0,"comment_status":"closed","ping_status":"closed","sticky":false,"template":"","format":"standard","meta":{"fifu_image_url":"https:\/\/www.elwatan.com\/wp-content\/uploads\/2021\/01\/rahabi.jpg","fifu_image_alt":"Abdelaziz Rahabi\u00a0: \u00abLe rapport Stora\u00a0ne prend pas en compte la principale demande historique des Alg\u00e9riens\u00bb","footnotes":""},"categories":[73,53],"tags":[],"class_list":["post-109844","post","type-post","status-publish","format-standard","hentry","category-actualite","category-algerie"],"_links":{"self":[{"href":"https:\/\/linitiative.ca\/International\/wp-json\/wp\/v2\/posts\/109844","targetHints":{"allow":["GET"]}}],"collection":[{"href":"https:\/\/linitiative.ca\/International\/wp-json\/wp\/v2\/posts"}],"about":[{"href":"https:\/\/linitiative.ca\/International\/wp-json\/wp\/v2\/types\/post"}],"author":[{"embeddable":true,"href":"https:\/\/linitiative.ca\/International\/wp-json\/wp\/v2\/users\/1743"}],"replies":[{"embeddable":true,"href":"https:\/\/linitiative.ca\/International\/wp-json\/wp\/v2\/comments?post=109844"}],"version-history":[{"count":0,"href":"https:\/\/linitiative.ca\/International\/wp-json\/wp\/v2\/posts\/109844\/revisions"}],"wp:attachment":[{"href":"https:\/\/linitiative.ca\/International\/wp-json\/wp\/v2\/media?parent=109844"}],"wp:term":[{"taxonomy":"category","embeddable":true,"href":"https:\/\/linitiative.ca\/International\/wp-json\/wp\/v2\/categories?post=109844"},{"taxonomy":"post_tag","embeddable":true,"href":"https:\/\/linitiative.ca\/International\/wp-json\/wp\/v2\/tags?post=109844"}],"curies":[{"name":"wp","href":"https:\/\/api.w.org\/{rel}","templated":true}]}}