{"id":109846,"date":"2021-01-23T04:30:00","date_gmt":"2021-01-23T09:30:00","guid":{"rendered":"https:\/\/linitiative.ca\/International\/tunisie-dialogue-dialoguequand-tu-brides-laction\/"},"modified":"2021-01-23T04:30:00","modified_gmt":"2021-01-23T09:30:00","slug":"tunisie-dialogue-dialoguequand-tu-brides-laction","status":"publish","type":"post","link":"https:\/\/linitiative.ca\/International\/tunisie-dialogue-dialoguequand-tu-brides-laction\/","title":{"rendered":"Tunisie: Dialogue, dialogue\u2026quand tu brides l\u2019action"},"content":{"rendered":"<p><span class=\"c3\"><span class=\"c2\"><em><strong>Par Riadh Zghal &#8211;<\/strong><\/em><\/span><\/span> La question se pose alors : le dialogue entre les composantes de la classe politique est-il encore possible ? Ou plut\u00f4t est-il n\u00e9cessaire et que faut-il en attendre ? Et si le pays avait surtout besoin d\u2019un sursaut pour l\u2019action bien r\u00e9fl\u00e9chie et efficace afin de sortir de sa crise aux multiples facettes ?<\/p>\n<p>Comment croire en un dialogue possible entre des factions partisanes dont les querelles incessantes et violentes \u00e0 l\u2019ARP, diffus\u00e9es sur antenne, donnant l\u2019exemple aux citoyens &#8211; individus et groupes \u2013 qui s\u2019y mettent \u00e0 leur tour ? Comment croire en la pertinence d\u2019un dialogue au sommet alors que c\u2019est justement le sommet de la gouvernance qui est mis en cause et fait l\u2019objet de d\u00e9fiance?<\/p>\n<p>Et pourquoi tra\u00eener dans des \u00ab dialogues \u00bb inop\u00e9rants si tous savent o\u00f9 se situe le mal et que, pour en gu\u00e9rir, cela ne peut se faire que dans la douleur d\u2019autant qu\u2019on a laiss\u00e9 tous les maux s\u2019installer durant une d\u00e9cennie de luttes pour le pouvoir ?<\/p>\n<p>Force est de reconna\u00eetre aujourd\u2019hui que le peuple tunisien est satur\u00e9 de paroles, celles des politiques autant que celles des plateaux de radio et de t\u00e9l\u00e9vision.\u00a0 A quoi cela rime-t-il d\u2019en rajouter une couche alors que c\u2019est l\u2019action salvatrice qui manque le plus ?<\/p>\n<p>Pourtant, tout le monde sait ce dont a besoin le pays : les r\u00e9formes en profondeur que les querelles politiques ont emp\u00each\u00e9 de r\u00e9aliser, une d\u00e9mocratie r\u00e9elle, celle qui favorise de meilleures conditions de vie pour l\u2019ensemble des citoyens.<\/p>\n<p>Il faut reconna\u00eetre que parmi les gouvernements qui se sont relay\u00e9s \u00e0 la Kasbah depuis 2011, certains ont tent\u00e9 de faire bouger les lignes \u00e0 leurs pertes et profits. Malheureusement, ce sont les pertes qui ont le plus souvent domin\u00e9 !<\/p>\n<p>C\u2019est l\u2019heure maintenant d\u2019arr\u00eater de perdre du temps et des opportunit\u00e9s en conjectures sans fin et de passer \u00e0 l\u2019action au service du bien commun. On pourra commencer par tirer parti des erreurs constat\u00e9es depuis 2011, des erreurs qui ont fait \u00e9chouer la dynamique enclench\u00e9e par la r\u00e9volte en voie de se transformer en r\u00e9volution gr\u00e2ce \u00e0 tous les changements esp\u00e9r\u00e9s. Cela n\u2019a pas \u00e9t\u00e9 le cas en l\u2019absence de projets autres que celui politique et l\u2019on voit la m\u00e9diocrit\u00e9 des r\u00e9sultats du fait que le social et l\u2019\u00e9conomique \u00e9taient \u00abloin des yeux, loin du c\u0153ur\u00bb.\u00a0<\/p>\n<p class=\"c4\">Des acquis politiques ont \u00e9t\u00e9 r\u00e9alis\u00e9s sans conteste, m\u00eame si cela n\u2019est pas satisfaisant pour tous. Attaquer les probl\u00e8mes \u00e9conomiques et sociaux si complexes a certaines exigences dont :\u2022 La d\u00e9finition des priorit\u00e9s dont, en premier lieu les r\u00e9formes en profondeur exig\u00e9es par les bailleurs de fonds si l\u2019on veut \u00e9viter la faillite et la r\u00e9alisation des projets pr\u00e9vus et rest\u00e9s en souffrance, particuli\u00e8rement dans les r\u00e9gions. \u00a0<br \/><span class=\"c2\"><strong>\u2022<\/strong><\/span> La r\u00e9vision de toute la batterie de lois et de d\u00e9crets non compatibles ni avec le contexte actuel, ni avec la constitution et qui bloquent aussi bien la productivit\u00e9 administrative que l\u2019investissement \u00e9conomique.<\/p>\n<p class=\"c4\"><span class=\"c2\"><strong>\u2022<\/strong><\/span> La r\u00e9vision du syst\u00e8me de gestion des ressources humaines de la fonction publique de mani\u00e8re \u00e0 stimuler l\u2019engagement au travail de tous les employ\u00e9s et \u00e0 mettre fin au laxisme qui a tant co\u00fbt\u00e9 au pays.<\/p>\n<p class=\"c4\"><span class=\"c2\"><strong>\u2022<\/strong><\/span> Le red\u00e9ploiement des employ\u00e9s selon les besoins de l\u2019activit\u00e9 administrative que ce soit au niveau de l\u2019administration centrale ou r\u00e9gionale. Un tel red\u00e9ploiement servira \u00e0 soulager certaines institutions d\u2019un sureffectif et \u00e0 renforcer le capital humain d\u2019autres structures administratives, particuli\u00e8rement dans les r\u00e9gions.<\/p>\n<p class=\"c4\"><span class=\"c2\"><strong>\u2022<\/strong><\/span> La prise en consid\u00e9ration d\u2019une demande pressante pour une d\u00e9mocratie de proximit\u00e9, et le travail sur les moyens de la structurer. Certes les Tunisiens en g\u00e9n\u00e9ral, y compris l\u2019\u00e9lite, sont conditionn\u00e9s par leur perception univoque du pouvoir centralis\u00e9 et sont donc peu enthousiastes pour la d\u00e9centralisation et l\u2019autonomie. Pourtant, cela est in\u00e9vitable s\u2019il faut stimuler une dynamique de progr\u00e8s dans tout le territoire sans exception. Lorsque les populations locales n\u2019ont pas voix au chapitre des d\u00e9cisions, on ne peut s\u2019attendre \u00e0 un engagement de leur part dans la mise en \u0153uvre des choix adopt\u00e9s.<\/p>\n<p class=\"c4\"><span class=\"c2\"><strong>\u2022<\/strong><\/span> L\u2019engagement r\u00e9el sans concession dans la lutte contre la corruption par les moyens juridiques certes mais pas seulement. La r\u00e9forme de la fonction publique, la r\u00e9novation de la l\u00e9gislation, la digitalisation des services, le contr\u00f4le social de proximit\u00e9 gr\u00e2ce \u00e0 la d\u00e9mocratie d\u00e9lib\u00e9rative en vigueur localement peuvent tous y contribuer.<br \/><span class=\"c2\"><strong>\u2022<\/strong><\/span> L\u2019engagement des pouvoirs ex\u00e9cutif et l\u00e9gislatif \u00e0 l\u2019application des lois \u00e0 tous sans distinction.<\/p>\n<p>Afin de r\u00e9ussir dans toutes ces entreprises, il faudra qu\u2019il y ait un r\u00e9pondant social, une acceptation des changements, et on sait que l\u2019on est dans un environnement marqu\u00e9 par le manque de confiance dans les institutions et particuli\u00e8rement celles de l\u2019Etat. L\u2019acceptation des changements appelle des r\u00e9sistances, r\u00e9duire les effets bloquants de ces r\u00e9sistances n\u00e9cessite de la p\u00e9dagogie. En effet, pour que la d\u00e9mocratie prenne pied dans une soci\u00e9t\u00e9, il y a n\u00e9cessit\u00e9 de changements au niveau mental &#8211; repr\u00e9sentations, valeurs, attitudes \u2013 pour arriver enfin au changement des comportements. Par ailleurs, il n\u2019y a pas de p\u00e9dagogie qui porte ses fruits sans l\u2019existence d\u2019une vision, d\u2019une strat\u00e9gie, d\u2019objectifs clairs \u00e0 atteindre sachant que leur r\u00e9alisation va s\u2019accompagner de sacrifices que la soci\u00e9t\u00e9 sera dispos\u00e9e \u00e0 accepter.\u00a0<\/p>\n<p>La r\u00e9volte de 2011 a g\u00e9n\u00e9r\u00e9 des espoirs certes d\u00e9mesur\u00e9s. Aujourd\u2019hui, la d\u00e9ception est \u00e0 la mesure de ces espoirs. C\u2019\u00e9tait un moment d\u2019extase, d\u2019enthousiasme mais un moment sans vision, sans conscience des troubles de la transition et de leur co\u00fbt. Il y avait aussi des opportunistes qui ont largement profit\u00e9 de ce flou politique et organisationnel, acc\u00e9d\u00e9 au pouvoir ou aux sources de richesse ou les deux \u00e0 la fois, soit en puisant dans les ressources de l\u2019Etat, soit au moyen de l\u2019extorsion, soit en s\u2019attelant \u00e0 l\u2019\u00e9conomie souterraine dans toutes ses variantes. Ils pouvaient miser sur l\u2019impunit\u00e9 tant que la corruption se diffusait partout, formant une v\u00e9ritable m\u00e9tastase qui a envahi sans distinction tous les domaines o\u00f9 il y a une demande de service, qu\u2019il soit administratif, \u00e9conomique ou \u00e9ducatif.<\/p>\n<p>Plus que jamais, pour sortir de l\u2019impasse, le pays a besoin de mobiliser ses meilleures comp\u00e9tences. Un stock de comp\u00e9tences r\u00e9side dans les jeunes et dans les personnes exp\u00e9riment\u00e9es qui ont fait preuve de leur engagement envers l\u2019int\u00e9r\u00eat g\u00e9n\u00e9ral\u2026Il s\u2019agit de r\u00e9aliser des progr\u00e8s en continu pour r\u00e9duire, voire \u00e9radiquer, cette m\u00e9fiance g\u00e9n\u00e9ralis\u00e9e \u00e0 l\u2019\u00e9gard de l\u2019Etat et de ses institutions.\u00a0<\/p>\n<p>Maintenant que la soci\u00e9t\u00e9 civile s\u2019est r\u00e9veill\u00e9e et qu\u2019elle est vibrante et se fait entendre, il faudra reconna\u00eetre que le processus d\u00e9mocratique dans notre pays est manifestement en marche. Ceux qui appellent \u00e0 une nouvelle dictature seront, t\u00f4t ou tard, fortement d\u00e9\u00e7us.<\/p>\n<p class=\"c5\"><strong>Riadh Zghal<\/strong><\/p>\n<p>Auteur:<br \/>\n<a href=\"https:\/\/www.leaders.com.tn\/article\/31313-tunisie-dialogue-dialogue-quand-tu-brides-l-action\">Cliquez ici pour lire l&rsquo;article depuis sa source.<\/a><\/p>\n","protected":false},"excerpt":{"rendered":"<p>Par Riadh Zghal &#8211; La question se pose alors : le dialogue entre les composantes de la classe politique est-il encore possible ? Ou plut\u00f4t est-il n\u00e9cessaire et que faut-il en attendre ? Et si le pays avait surtout besoin d\u2019un sursaut pour l\u2019action bien r\u00e9fl\u00e9chie et efficace afin de sortir de sa crise aux [&hellip;]<\/p>\n","protected":false},"author":1772,"featured_media":0,"comment_status":"closed","ping_status":"closed","sticky":false,"template":"","format":"standard","meta":{"fifu_image_url":"","fifu_image_alt":"","footnotes":""},"categories":[73,55],"tags":[],"class_list":["post-109846","post","type-post","status-publish","format-standard","hentry","category-actualite","category-tunisie"],"_links":{"self":[{"href":"https:\/\/linitiative.ca\/International\/wp-json\/wp\/v2\/posts\/109846","targetHints":{"allow":["GET"]}}],"collection":[{"href":"https:\/\/linitiative.ca\/International\/wp-json\/wp\/v2\/posts"}],"about":[{"href":"https:\/\/linitiative.ca\/International\/wp-json\/wp\/v2\/types\/post"}],"author":[{"embeddable":true,"href":"https:\/\/linitiative.ca\/International\/wp-json\/wp\/v2\/users\/1772"}],"replies":[{"embeddable":true,"href":"https:\/\/linitiative.ca\/International\/wp-json\/wp\/v2\/comments?post=109846"}],"version-history":[{"count":0,"href":"https:\/\/linitiative.ca\/International\/wp-json\/wp\/v2\/posts\/109846\/revisions"}],"wp:attachment":[{"href":"https:\/\/linitiative.ca\/International\/wp-json\/wp\/v2\/media?parent=109846"}],"wp:term":[{"taxonomy":"category","embeddable":true,"href":"https:\/\/linitiative.ca\/International\/wp-json\/wp\/v2\/categories?post=109846"},{"taxonomy":"post_tag","embeddable":true,"href":"https:\/\/linitiative.ca\/International\/wp-json\/wp\/v2\/tags?post=109846"}],"curies":[{"name":"wp","href":"https:\/\/api.w.org\/{rel}","templated":true}]}}