{"id":109850,"date":"2021-01-23T17:18:29","date_gmt":"2021-01-23T22:18:29","guid":{"rendered":"https:\/\/linitiative.ca\/International\/tunisie-economie-le-fmi-hausse-le-ton-et-menace\/"},"modified":"2021-01-23T17:18:29","modified_gmt":"2021-01-23T22:18:29","slug":"tunisie-economie-le-fmi-hausse-le-ton-et-menace","status":"publish","type":"post","link":"https:\/\/linitiative.ca\/International\/tunisie-economie-le-fmi-hausse-le-ton-et-menace\/","title":{"rendered":"Tunisie \u2013 Economie\u00a0: Le FMI hausse le ton et menace\u00a0!"},"content":{"rendered":"<div class=\"post-cont-in left relative\">\n<div id=\"post-info-wrap\" class=\"left relative post-info-out\">\n<div class=\"post-info-img left relative\"><img loading=\"lazy\" decoding=\"async\" alt=\"\" src=\"https:\/\/secure.gravatar.com\/avatar\/047123be9d5e8513774383916ee72db2?s=50&amp;d=mm&amp;r=g\" srcset=\"https:\/\/secure.gravatar.com\/avatar\/047123be9d5e8513774383916ee72db2?s=100&amp;d=mm&amp;r=g 2x\" class=\"avatar avatar-50 photo\" height=\"50\" width=\"50\"\/><\/div>\n<div class=\"post-info-in\">\n<div class=\"post-info-right left relative post-info-name left relative\"><span><span class=\"post-info-text\">Par<\/span> <span class=\"author-name vcard fn author\"><a href=\"https:\/\/www.tunisienumerique.com\/author\/lm\/\" title=\"Articles par LM\" rel=\"author\">LM<\/a><\/span><\/span> <span class=\"post-date updated\"><time class=\"post-date updated\" datetime=\"2021-01-23\">\u00a0| Il y a 19 secondes<\/time><\/span><\/div>\n<div class=\"left relative\"><button id=\"listenButton1\" class=\"responsivevoice-button\" type=\"button\" value=\"Play\" title=\"&#xC9;coutez l'article\"><span>\ud83d\udd0a \u00c9coutez l&rsquo;article<\/span><\/button> <\/div>\n<\/div>\n<\/div>\n<p>Le Fond Mon\u00e9taire International a lanc\u00e9 un avertissement solennel au gouvernement tunisien. Il a annonc\u00e9 que la dette tunisienne est devenue insoutenable pour l\u2019horizon 2022, et a conclu qu\u2019au regard de cette situation, le fond ne va pas pouvoir d\u00e9bloquer des fonds ou d\u2019autres cr\u00e9dits, tant que la Tunisie n\u2019a pas entam\u00e9 les grandes r\u00e9formes exig\u00e9es par tous les bailleurs de fonds, et essentiellement, la ma\u00eetrise et la basse des d\u00e9penses publiques.<\/p>\n<div class=\"code-block code-block-1 c4\"><ins class=\"adsbygoogle c3\" data-ad-layout=\"in-article\" data-ad-format=\"fluid\" data-ad-client=\"ca-pub-2102118777505746\" data-ad-slot=\"7301775417\"\/> <\/div>\n<p>Le FMI constate que 2021 sera l\u2019ann\u00e9e de tous les records concernant les remboursements de la dette, \u00e0 cause de la situation \u00e9conomique critique du pays, qui a \u00e9t\u00e9 grev\u00e9e par la pand\u00e9mie du covid et ses retomb\u00e9es \u00e9conomiques. Une crise \u00e0 laquelle le ministre de l\u2019\u00e9conomie ne semble nullement press\u00e9 de r\u00e9pondre.<\/p>\n<p>Dans de telles conditions, ce sont, normalement, les banques qui encaissent la crise, amis en Tunisie, et jusque l\u00e0, l\u2019Etat regarde dans une totale inaction sans rien entreprendre.<\/p>\n<p>Apr\u00e8s, on ne pourra pas dire que le FMI et les autres bailleurs de fonds ne nous ont pas pr\u00e9venus\u00a0!<\/p>\n<div class=\"swp_social_panel swp_horizontal_panel swp_flat_fresh swp_default_full_color swp_individual_full_color swp_other_full_color scale-100 scale-\" data-min-width=\"1100\" data-float-color=\"#ffffff\" data-float=\"bottom\" data-float-mobile=\"bottom\" data-transition=\"slide\">\n<div class=\"nc_tweetContainer swp_share_button total_shares total_sharesalt\"><span class=\"swp_count\">0 <span class=\"swp_label\">Partages<\/span><\/span><\/div>\n<\/div>\n<p><strong>Que se passe-t-il en Tunisie?<\/strong><br \/>Nous expliquons sur notre <a href=\"https:\/\/www.youtube.com\/channel\/UCRzypVq0B_yBad5eGrwBx0Q?sub_confirmation=1\" target=\"_blank\" rel=\"noopener\">cha\u00eene YouTube<\/a> . <a href=\"https:\/\/www.youtube.com\/channel\/UCRzypVq0B_yBad5eGrwBx0Q?sub_confirmation=1\" target=\"_blank\" rel=\"noopener\">Abonnez-vous!<\/a><\/p>\n<div class=\"mvp-org-wrap mvp-org-logo\" itemprop=\"publisher\"><img decoding=\"async\" src=\"https:\/\/www.tunisienumerique.com\/wp-content\/uploads\/2017\/02\/logo_tunisie_numerique.png\"\/><\/div>\n<div class=\"mvp-related-posts left relative\">\n<h4 class=\"post-header\"><span class=\"post-header\">Lire aussi<\/span><\/h4>\n<\/div>\n<div id=\"article-ad\"><ins class=\"adsbygoogle c5\" data-ad-client=\"ca-pub-2102118777505746\" data-ad-slot=\"6513972734\" data-ad-format=\"auto\" data-full-width-responsive=\"true\"\/> <\/div>\n<\/div>\n<div id=\"post-sidebar-wrap\"><ins class=\"adsbygoogle c5\" data-ad-client=\"ca-pub-2102118777505746\" data-ad-slot=\"6168283410\" data-ad-format=\"auto\" data-full-width-responsive=\"true\"\/> <\/div>\n<p>Auteur: LM<br \/>\n<a href=\"https:\/\/www.tunisienumerique.com\/tunisie-economie-le-fmi-hausse-le-ton-et-menace\/\">Cliquez ici pour lire l&rsquo;article depuis sa source.<\/a><\/p>\n","protected":false},"excerpt":{"rendered":"<p>Par LM \u00a0| Il y a 19 secondes \ud83d\udd0a \u00c9coutez l&rsquo;article Le Fond Mon\u00e9taire International a lanc\u00e9 un avertissement solennel au gouvernement tunisien. Il a annonc\u00e9 que la dette tunisienne est devenue insoutenable pour l\u2019horizon 2022, et a conclu qu\u2019au regard de cette situation, le fond ne va pas pouvoir d\u00e9bloquer des fonds ou d\u2019autres [&hellip;]<\/p>\n","protected":false},"author":1789,"featured_media":0,"comment_status":"closed","ping_status":"closed","sticky":false,"template":"","format":"standard","meta":{"fifu_image_url":"https:\/\/secure.gravatar.com\/avatar\/047123be9d5e8513774383916ee72db2?s=50&d=mm&r=g","fifu_image_alt":"Tunisie \u2013 Economie\u00a0: Le FMI hausse le ton et menace\u00a0!","footnotes":""},"categories":[73,55],"tags":[],"class_list":["post-109850","post","type-post","status-publish","format-standard","hentry","category-actualite","category-tunisie"],"_links":{"self":[{"href":"https:\/\/linitiative.ca\/International\/wp-json\/wp\/v2\/posts\/109850","targetHints":{"allow":["GET"]}}],"collection":[{"href":"https:\/\/linitiative.ca\/International\/wp-json\/wp\/v2\/posts"}],"about":[{"href":"https:\/\/linitiative.ca\/International\/wp-json\/wp\/v2\/types\/post"}],"author":[{"embeddable":true,"href":"https:\/\/linitiative.ca\/International\/wp-json\/wp\/v2\/users\/1789"}],"replies":[{"embeddable":true,"href":"https:\/\/linitiative.ca\/International\/wp-json\/wp\/v2\/comments?post=109850"}],"version-history":[{"count":0,"href":"https:\/\/linitiative.ca\/International\/wp-json\/wp\/v2\/posts\/109850\/revisions"}],"wp:attachment":[{"href":"https:\/\/linitiative.ca\/International\/wp-json\/wp\/v2\/media?parent=109850"}],"wp:term":[{"taxonomy":"category","embeddable":true,"href":"https:\/\/linitiative.ca\/International\/wp-json\/wp\/v2\/categories?post=109850"},{"taxonomy":"post_tag","embeddable":true,"href":"https:\/\/linitiative.ca\/International\/wp-json\/wp\/v2\/tags?post=109850"}],"curies":[{"name":"wp","href":"https:\/\/api.w.org\/{rel}","templated":true}]}}