{"id":109852,"date":"2021-01-23T10:18:01","date_gmt":"2021-01-23T15:18:01","guid":{"rendered":"https:\/\/linitiative.ca\/International\/centrafrique-les-attaques-visant-des-casques-bleus-pouvaient-constituer-des-crimes-de-guerre-onu\/"},"modified":"2021-01-23T10:18:01","modified_gmt":"2021-01-23T15:18:01","slug":"centrafrique-les-attaques-visant-des-casques-bleus-pouvaient-constituer-des-crimes-de-guerre-onu","status":"publish","type":"post","link":"https:\/\/linitiative.ca\/International\/centrafrique-les-attaques-visant-des-casques-bleus-pouvaient-constituer-des-crimes-de-guerre-onu\/","title":{"rendered":"Centrafrique : \u00ab les attaques visant des Casques bleus pouvaient constituer des crimes de guerre \u00bb (Onu)"},"content":{"rendered":"<div readability=\"32\">\n<p>Publi\u00e9 le 23.01.2021 \u00e0 16h18 par APA News<\/p>\n<\/div>\n<div readability=\"66\">\n<p>Le Conseil de s\u00e9curit\u00e9 des Nations unies a condamn\u00e9 dans les termes les plus \u00e9nergiques les attaques perp\u00e9tr\u00e9es contre les Casques bleus et des acteurs humanitaires dans un communiqu\u00e9 parvenu \u00e0 APA.Les membres du Conseil ont condamn\u00e9 dans les termes les plus vigoureux les violations de l\u2019Accord de paix ainsi que les violences perp\u00e9tr\u00e9es par certains groupes arm\u00e9s avec l\u2019appui de l\u2019ancien Pr\u00e9sident, Fran\u00e7ois Boziz\u00e9.\u00a0<\/p>\n<p>Les membres du Conseil ont fermement condamn\u00e9 dans la d\u00e9claration les offensives\u00a0qui se poursuivaient contre la MINUSCA et ont r\u00e9affirm\u00e9 que \u00ab les attaques visant les Casques bleus pouvaient constituer des crimes de guerre. \u00bb<\/p>\n<p>Le pr\u00e9sident du Conseil de s\u00e9curit\u00e9 Tarek Ladeb, a condamn\u00e9\u00a0\u00a0dans les termes les plus \u00e9nergiques \u00ab toutes les attaques perp\u00e9tr\u00e9es contre des acteurs humanitaires \u00bb.\u00a0<\/p>\n<p>A ce titre, il a invit\u00e9 toutes les parties \u00e0 respecter les obligations que leur imposait le droit international humanitaire et \u00e0 garantir l\u2019acc\u00e8s humanitaire.\u00a0<\/p>\n<p>Dans sa d\u00e9claration, les membres du Conseil ont r\u00e9affirm\u00e9 \u00ab leur soutien aux efforts d\u00e9ploy\u00e9s par le Repr\u00e9sentant sp\u00e9cial du Secr\u00e9taire g\u00e9n\u00e9ral, M. Mankeur Ndiaye, et par la MINUSCA pour mettre en \u0153uvre le mandat de la Mission gr\u00e2ce \u00e0 une posture proactive et robuste\u00a0\u00bb.\u00a0<\/p>\n<p>Le Conseil a pr\u00e9cis\u00e9 qu\u2019il importait que \u00ab la Mission de dispose des moyens n\u00e9cessaires pour s\u2019acquitter de son mandat et assurer la s\u00fbret\u00e9 et la s\u00e9curit\u00e9 des soldats de la paix des Nations Unies, conform\u00e9ment \u00e0 la r\u00e9solution 2552 (2020) du Conseil.\u00a0\u00bb<\/p>\n<p>L\u2019Onu a salu\u00e9 par ailleurs\u00a0\u00a0\u00ab\u00a0le r\u00f4le important jou\u00e9 par les garants et les facilitateurs de l\u2019Accord de paix, notamment l\u2019Union africaine, la Communaut\u00e9 \u00e9conomique des \u00c9tats de l\u2019Afrique centrale et les \u00c9tats voisins. \u00bb<\/p>\n<\/div>\n<p>Auteur: APA News<br \/>\n<a href=\"https:\/\/www.journalducameroun.com\/centrafrique-les-attaques-visant-des-casques-bleus-pouvaient-constituer-des-crimes-de-guerre-onu\/\">Cliquez ici pour lire l&rsquo;article depuis sa source.<\/a><\/p>\n","protected":false},"excerpt":{"rendered":"<p>Publi\u00e9 le 23.01.2021 \u00e0 16h18 par APA News Le Conseil de s\u00e9curit\u00e9 des Nations unies a condamn\u00e9 dans les termes les plus \u00e9nergiques les attaques perp\u00e9tr\u00e9es contre les Casques bleus et des acteurs humanitaires dans un communiqu\u00e9 parvenu \u00e0 APA.Les membres du Conseil ont condamn\u00e9 dans les termes les plus vigoureux les violations de l\u2019Accord [&hellip;]<\/p>\n","protected":false},"author":1965,"featured_media":0,"comment_status":"closed","ping_status":"closed","sticky":false,"template":"","format":"standard","meta":{"fifu_image_url":"","fifu_image_alt":"","footnotes":""},"categories":[73,82],"tags":[],"class_list":["post-109852","post","type-post","status-publish","format-standard","hentry","category-actualite","category-cameroun"],"_links":{"self":[{"href":"https:\/\/linitiative.ca\/International\/wp-json\/wp\/v2\/posts\/109852","targetHints":{"allow":["GET"]}}],"collection":[{"href":"https:\/\/linitiative.ca\/International\/wp-json\/wp\/v2\/posts"}],"about":[{"href":"https:\/\/linitiative.ca\/International\/wp-json\/wp\/v2\/types\/post"}],"author":[{"embeddable":true,"href":"https:\/\/linitiative.ca\/International\/wp-json\/wp\/v2\/users\/1965"}],"replies":[{"embeddable":true,"href":"https:\/\/linitiative.ca\/International\/wp-json\/wp\/v2\/comments?post=109852"}],"version-history":[{"count":0,"href":"https:\/\/linitiative.ca\/International\/wp-json\/wp\/v2\/posts\/109852\/revisions"}],"wp:attachment":[{"href":"https:\/\/linitiative.ca\/International\/wp-json\/wp\/v2\/media?parent=109852"}],"wp:term":[{"taxonomy":"category","embeddable":true,"href":"https:\/\/linitiative.ca\/International\/wp-json\/wp\/v2\/categories?post=109852"},{"taxonomy":"post_tag","embeddable":true,"href":"https:\/\/linitiative.ca\/International\/wp-json\/wp\/v2\/tags?post=109852"}],"curies":[{"name":"wp","href":"https:\/\/api.w.org\/{rel}","templated":true}]}}