{"id":109853,"date":"2021-01-23T13:18:03","date_gmt":"2021-01-23T18:18:03","guid":{"rendered":"https:\/\/linitiative.ca\/International\/un-salon-pour-reinventer-lamour-et-la-seduction-annonce-a-abidjan\/"},"modified":"2021-01-23T13:18:03","modified_gmt":"2021-01-23T18:18:03","slug":"un-salon-pour-reinventer-lamour-et-la-seduction-annonce-a-abidjan","status":"publish","type":"post","link":"https:\/\/linitiative.ca\/International\/un-salon-pour-reinventer-lamour-et-la-seduction-annonce-a-abidjan\/","title":{"rendered":"Un salon pour \u00ab\u00a0r\u00e9inventer\u00a0\u00bb l\u2019amour et la s\u00e9duction annonc\u00e9 \u00e0 Abidjan"},"content":{"rendered":"<div readability=\"32\">\n<p>Publi\u00e9 le 23.01.2021 \u00e0 19h18 par APA News<\/p>\n<\/div>\n<div readability=\"115\">\n<p>Les pavillons de la premi\u00e8re \u00e9dition du Salon de l\u2019amour et de la s\u00e9duction s\u2019ouvrent le 13 f\u00e9vrier 2021 \u00e0 Abidjan, un \u00e9v\u00e9nement, promu par des entrepreneurs locaux, en vue de \u00ab\u00a0r\u00e9inventer\u00a0\u00bb les relations avec son partenaire et son entourage.<\/p>\n<p>Le th\u00e8me pour cette ann\u00e9e est \u00ab\u00a0l\u2019amour, c\u2019est la vie\u00a0\u00bb, lance Satou Dia, la directrice ex\u00e9cutive du salon, pour qui cet espace se veut \u00ab\u00a0une opportunit\u00e9\u00a0\u00bb pour les couples et les c\u00e9libataires afin d\u2019ajouter \u00e0 leur vie une bonne dose d\u2019amour.<\/p>\n<p>Selon elle, \u00ab\u00a0l\u2019amour vrai est possible\u00a0\u00bb. Toutefois, il suffit de le \u00ab\u00a0r\u00e9inventer\u00a0\u00bb en brisant la monotonie pour donner \u00e0 la relation une touche \u00ab\u00a0atypique\u00a0\u00bb au travers de petits gestes, des pr\u00e9sents et des conseils pour rendre tangible cette affection. \u00a0<\/p>\n<p>\u00ab\u00a0On imagine un grand march\u00e9\u00a0\u00bb, dit-elle. Ce salon qui se d\u00e9roule sur une journ\u00e9e, ouvre ses portes \u00e0 partir de 9h pour s\u2019achever \u00e0 17h GMT \u00a0(heure locale), cependant \u00e0 partir de 20h30, d\u00e9bute un gala pr\u00e9vu s\u2019\u00e9tendre jusqu\u2019aux premi\u00e8res heures de la saint Valentin.\u00a0<\/p>\n<p>A ce salon, ouvert au public \u00e0 partir de 18 ans, plusieurs stands d\u2019exposition seront am\u00e9nag\u00e9s : sextoys ; onglerie ; coiffure ; lingerie ; litt\u00e9rature ; alimentation ; finance ; h\u00f4tellerie ; litt\u00e9rature ; massage ; mise en forme ; parfumerie et divertissements. \u00a0\u00a0<\/p>\n<p>Outre les expositions, Satou rapporte qu\u2019il est pr\u00e9vu des ateliers-conf\u00e9rences o\u00f9 les participants pourront poser des questions pour soutirer des recettes en mati\u00e8re d\u2019amour aupr\u00e8s d\u2019un m\u00e9decin, un sexologue, un psychologue ou un coach en d\u00e9veloppement personnel.\u00a0<\/p>\n<p>Inviter les adultes, les personnes en couple, et m\u00eame ceux d\u00e9\u00e7us de certaines relations dans la vie \u00e0 faire corps avec l\u2019amour, tel est le leitmotiv de Satou Dia, appel\u00e9e affectueusement Lola par ses proches, pour redynamiser leur app\u00e9tence \u00e0 la vie. \u00a0<\/p>\n<p>Et ce, parce que plusieurs dans leur secret se disent parfois \u00ab\u00a0je n\u2019en peux plus\u00a0\u00bb, soutient-elle, tout en insinuant qu\u2019il s\u2019agit de leur donner envie de r\u00e9inventer les choses dans leurs relations amoureuses ou avec leurs proches.<\/p>\n<p>\u00ab\u00a0On a constat\u00e9 que les gens vivent, mais ce qu\u2019ils doivent int\u00e9grer \u00e0 leur vie, c\u2019est l\u2019amour, communiquer cet amour \u00e0 leur entourage et apprendre \u00e0 mat\u00e9rialiser l\u2019amour\u00a0\u00bb, poursuit la directrice ex\u00e9cutive de ce salon.\u00a0<\/p>\n<p>Ce salon que Satou Dia consid\u00e8re comme un \u00ab\u00a0b\u00e9b\u00e9\u00a0\u00bb, elle esp\u00e8re le voir grandir apr\u00e8s cette premi\u00e8re \u00e9dition dont le challenge est la visibilit\u00e9 et l\u2019int\u00e9r\u00eat pour des partenaires aux fins de lui donner un parcours bien trac\u00e9. \u00a0 \u00a0<\/p>\n<p>Le r\u00eave du staff ex\u00e9cutif qu\u2019elle dirige, c\u2019est que cette \u00e9dition \u00ab\u00a0donne le ton pour pouvoir se projeter les ann\u00e9es \u00e0 venir\u00a0\u00bb, et porter ce salon \u00e0 une dimension internationale avec des exposants venant de partout dans le monde. \u00a0 \u00a0 \u00a0<\/p>\n<p>L\u2019amour procure la sant\u00e9, le bien-bien-\u00eatre et ces vertus, Lola veut l\u2019incruster dans le quotidien des populations. A ce salon, des curieux pourront m\u00eame d\u00e9couvrir des secrets aphrodisiaques naturels aupr\u00e8s d\u2019experts. \u00a0\u00a0<\/p>\n<\/div>\n<p>Auteur: APA News<br \/>\n<a href=\"https:\/\/www.journalducameroun.com\/un-salon-pour-reinventer-lamour-et-la-seduction-annonce-a-abidjan\/\">Cliquez ici pour lire l&rsquo;article depuis sa source.<\/a><\/p>\n","protected":false},"excerpt":{"rendered":"<p>Publi\u00e9 le 23.01.2021 \u00e0 19h18 par APA News Les pavillons de la premi\u00e8re \u00e9dition du Salon de l\u2019amour et de la s\u00e9duction s\u2019ouvrent le 13 f\u00e9vrier 2021 \u00e0 Abidjan, un \u00e9v\u00e9nement, promu par des entrepreneurs locaux, en vue de \u00ab\u00a0r\u00e9inventer\u00a0\u00bb les relations avec son partenaire et son entourage. Le th\u00e8me pour cette ann\u00e9e est \u00ab\u00a0l\u2019amour, [&hellip;]<\/p>\n","protected":false},"author":1965,"featured_media":0,"comment_status":"closed","ping_status":"closed","sticky":false,"template":"","format":"standard","meta":{"fifu_image_url":"","fifu_image_alt":"","footnotes":""},"categories":[73,82],"tags":[],"class_list":["post-109853","post","type-post","status-publish","format-standard","hentry","category-actualite","category-cameroun"],"_links":{"self":[{"href":"https:\/\/linitiative.ca\/International\/wp-json\/wp\/v2\/posts\/109853","targetHints":{"allow":["GET"]}}],"collection":[{"href":"https:\/\/linitiative.ca\/International\/wp-json\/wp\/v2\/posts"}],"about":[{"href":"https:\/\/linitiative.ca\/International\/wp-json\/wp\/v2\/types\/post"}],"author":[{"embeddable":true,"href":"https:\/\/linitiative.ca\/International\/wp-json\/wp\/v2\/users\/1965"}],"replies":[{"embeddable":true,"href":"https:\/\/linitiative.ca\/International\/wp-json\/wp\/v2\/comments?post=109853"}],"version-history":[{"count":0,"href":"https:\/\/linitiative.ca\/International\/wp-json\/wp\/v2\/posts\/109853\/revisions"}],"wp:attachment":[{"href":"https:\/\/linitiative.ca\/International\/wp-json\/wp\/v2\/media?parent=109853"}],"wp:term":[{"taxonomy":"category","embeddable":true,"href":"https:\/\/linitiative.ca\/International\/wp-json\/wp\/v2\/categories?post=109853"},{"taxonomy":"post_tag","embeddable":true,"href":"https:\/\/linitiative.ca\/International\/wp-json\/wp\/v2\/tags?post=109853"}],"curies":[{"name":"wp","href":"https:\/\/api.w.org\/{rel}","templated":true}]}}