{"id":109856,"date":"2021-01-23T09:21:34","date_gmt":"2021-01-23T14:21:34","guid":{"rendered":"https:\/\/linitiative.ca\/International\/chan-2020-martin-ndtoungou-mpile-confirme-pour-la-presence-dun-marabout-chez-les-lions-a-peu-avant-le-match-contre-le-mali\/"},"modified":"2021-01-23T09:21:34","modified_gmt":"2021-01-23T14:21:34","slug":"chan-2020-martin-ndtoungou-mpile-confirme-pour-la-presence-dun-marabout-chez-les-lions-a-peu-avant-le-match-contre-le-mali","status":"publish","type":"post","link":"https:\/\/linitiative.ca\/International\/chan-2020-martin-ndtoungou-mpile-confirme-pour-la-presence-dun-marabout-chez-les-lions-a-peu-avant-le-match-contre-le-mali\/","title":{"rendered":"CHAN 2020 : Martin Ndtoungou Mpil\u00e9 confirme pour la pr\u00e9sence d\u2019un marabout chez les Lions A\u2019 peu avant le match contre le Mali"},"content":{"rendered":"<p>Au lendemain du r\u00e9sultat nul (1-1) obtenu par le Cameroun face au Mali, mercredi dernier lors de la 2<sup>e<\/sup>\u00a0journ\u00e9e du CHAN 2020 dans la poule A, la tani\u00e8re des Lions A\u2019 est secou\u00e9e par une histoire rocambolesque d\u00e9passant l\u2019entendement du commun des mortels.<\/p>\n<p>Le confr\u00e8re Philippe Boney, en service \u00e0 la chaine\u00a0<em>Vision4 TV<\/em>, r\u00e9v\u00e8le que peu avant le match contre les Aigles, un membre de l\u2019encadrement administratif a impos\u00e9 \u00e0 l\u2019entraineur la titularisation d\u2019un joueur, en l\u2019occurrence le d\u00e9fenseur Karl Ndedi, comme solution miracle qui conduirait \u00e0 la victoire. Ce alors m\u00eame que l\u2019entraineur avait d\u00e9j\u00e0 confectionn\u00e9 son \u00e9quipe de d\u00e9part. Martin Ndtoungou Mpil\u00e9 se serait oppos\u00e9 en vain, et de guerre lasse, a fini par c\u00e9der \u00e0 la pression de son sup\u00e9rieur hi\u00e9rarchique.<\/p>\n<p>En conf\u00e9rence de presse d\u2019avant-match ce samedi 23 janvier 2021, le s\u00e9lectionneur des Lions A\u2019 a \u00e9t\u00e9 interrog\u00e9 sur cette affaire et a clairement avou\u00e9 que cette nouvelle \u00e9tait fond\u00e9e, tout en se d\u00e9douanant.<\/p>\n<p>\u00ab\u00a0Chacun parmi nous ici vit dans un environnement o\u00f9 le rationnel fonctionne avec l\u2019irrationnel. Lorsque vous voulez fonctionner avec l\u2019irrationnel, il faut \u00eatre initier. Personnellement, je n\u2019ai jamais connu le surnaturel. Un entraineur a \u00e9t\u00e9 former de fa\u00e7on rationnel. Donc, si vous sortez de ce cadre, vous n\u2019\u00eates plus entraineur. Moi, j\u2019ai toujours suivi dans ma longue carri\u00e8re, le rationnel qui me permet de former les joueurs, le rationnel qui me permet scientifiquement de pouvoir faire mon travail. On le sait tous, autour de nous, il y a toujours quelqu\u2019un qui viendra nous dire que pour gagner un match, il faut ceci, cela. Je n\u2019y crois pas\u2026 Si vous mettez onze villageois sur le terrain, avec tous les sorciers du Cameroun, vous allez remporter le match\u00a0? Je crois qu\u2019il faudrait qu\u2019on devienne beaucoup plus s\u00e9rieux, on va sur des bases rationnelles pour pouvoir avoir une \u00e9quipe. Le reste appartient aux initi\u00e9s\u00a0\u00bb, a-t-il r\u00e9torqu\u00e9.<\/p>\n<p>Le Cameroun dispute son dernier match de poule ce dimanche 24 janvier 2021 contre le Burkina Faso au stade omnisports Ahmadou Ahdijo de Yaound\u00e9.<\/p>\n<p><strong>Yannick KENNE<\/strong><\/p>\n<p>Auteur: Eco Matin<br \/>\n<a href=\"https:\/\/ecomatin.net\/chan-2020-martin-ndtoungou-mpile-confirme-pour-la-presence-dun-marabout-chez-les-lions-a-peu-avant-le-match-contre-le-mali\/\">Cliquez ici pour lire l&rsquo;article depuis sa source.<\/a><\/p>\n","protected":false},"excerpt":{"rendered":"<p>Au lendemain du r\u00e9sultat nul (1-1) obtenu par le Cameroun face au Mali, mercredi dernier lors de la 2e\u00a0journ\u00e9e du CHAN 2020 dans la poule A, la tani\u00e8re des Lions A\u2019 est secou\u00e9e par une histoire rocambolesque d\u00e9passant l\u2019entendement du commun des mortels. Le confr\u00e8re Philippe Boney, en service \u00e0 la chaine\u00a0Vision4 TV, r\u00e9v\u00e8le que [&hellip;]<\/p>\n","protected":false},"author":1969,"featured_media":0,"comment_status":"closed","ping_status":"closed","sticky":false,"template":"","format":"standard","meta":{"fifu_image_url":"","fifu_image_alt":"","footnotes":""},"categories":[82,78],"tags":[],"class_list":["post-109856","post","type-post","status-publish","format-standard","hentry","category-cameroun","category-economie"],"_links":{"self":[{"href":"https:\/\/linitiative.ca\/International\/wp-json\/wp\/v2\/posts\/109856","targetHints":{"allow":["GET"]}}],"collection":[{"href":"https:\/\/linitiative.ca\/International\/wp-json\/wp\/v2\/posts"}],"about":[{"href":"https:\/\/linitiative.ca\/International\/wp-json\/wp\/v2\/types\/post"}],"author":[{"embeddable":true,"href":"https:\/\/linitiative.ca\/International\/wp-json\/wp\/v2\/users\/1969"}],"replies":[{"embeddable":true,"href":"https:\/\/linitiative.ca\/International\/wp-json\/wp\/v2\/comments?post=109856"}],"version-history":[{"count":0,"href":"https:\/\/linitiative.ca\/International\/wp-json\/wp\/v2\/posts\/109856\/revisions"}],"wp:attachment":[{"href":"https:\/\/linitiative.ca\/International\/wp-json\/wp\/v2\/media?parent=109856"}],"wp:term":[{"taxonomy":"category","embeddable":true,"href":"https:\/\/linitiative.ca\/International\/wp-json\/wp\/v2\/categories?post=109856"},{"taxonomy":"post_tag","embeddable":true,"href":"https:\/\/linitiative.ca\/International\/wp-json\/wp\/v2\/tags?post=109856"}],"curies":[{"name":"wp","href":"https:\/\/api.w.org\/{rel}","templated":true}]}}