{"id":109857,"date":"2021-01-23T10:24:52","date_gmt":"2021-01-23T15:24:52","guid":{"rendered":"https:\/\/linitiative.ca\/International\/chan-2020-jacques-zoua-se-dit-apte-a-jouer-contre-le-burkina-faso\/"},"modified":"2021-01-23T10:24:52","modified_gmt":"2021-01-23T15:24:52","slug":"chan-2020-jacques-zoua-se-dit-apte-a-jouer-contre-le-burkina-faso","status":"publish","type":"post","link":"https:\/\/linitiative.ca\/International\/chan-2020-jacques-zoua-se-dit-apte-a-jouer-contre-le-burkina-faso\/","title":{"rendered":"CHAN 2020 : Jacques Zoua se dit apte \u00e0 jouer contre le Burkina Faso"},"content":{"rendered":"<p>Au match contre le Mali le mercredi 20 janvier 2021 \u00e0 Yaound\u00e9, Jacques Zoua, le capitaine des Lions A\u2019 \u00e9tait absent. Il \u00e9tait forfait pour cause de blessure, ayant subi un p\u00e9pin physique depuis la premi\u00e8re confrontation contre le Zimbabwe. Il a pourtant prosp\u00e9r\u00e9 au sein de l\u2019opinion l\u2019id\u00e9e de sa mise \u00e0 l\u2019\u00e9cart par les administratifs de l\u2019\u00e9quipe, pour avoir os\u00e9 revendiquer la prime de victoire face au Zimbabwe, laquelle s\u2019\u00e9l\u00e8ve \u00e0 1,5 millions de FCFA.<\/p>\n<p>Une histoire mont\u00e9e de toutes pi\u00e8ces, a r\u00e9pliqu\u00e9 le soci\u00e9taire de AS Futuro ce samedi 23 janvier 2021 en conf\u00e9rence de presse d\u2019avant-match. \u00ab\u00a0Tout ce qui se dit sur les r\u00e9seaux sociaux, \u00e7a n\u2019a pas commenc\u00e9 aujourd\u2019hui, et \u00e7a ne va pas s\u2019arr\u00eater. Physiquement, j\u2019ai eu un souci \u00e0 la fin du match (contre le Zimbabwe). Un souci jug\u00e9 pas grave par les m\u00e9decins. Je suis suivi par les m\u00e9decins, pour \u00eatre apte pour demain (dimanche 24 janvier 2021, NDLR). C\u2019\u00e9tait juste un probl\u00e8me physique\u00a0\u00bb, a d\u00e9clar\u00e9 Jacques Zoua.<\/p>\n<p>Le m\u00e9decin de la s\u00e9lection nationale,\u00a0Thom Bolivar, avait pr\u00e9alablement donn\u00e9 des nouvelles rassurantes du joueur dans les plateformes sociales de la F\u00e9d\u00e9ration camerounaise de football. \u00ab\u00a0Lors du match contre le Mali, Jacques Zoua a eu un probl\u00e8me de contracture musculaire. Nous avons d\u00e9cid\u00e9 de le pr\u00e9server d\u2019une \u00e9ventuelle d\u00e9chirure musculaire. Nous lui avons donner un traitement ad\u00e9quat, et il est bien pour le 3e match \u00bb.<\/p>\n<p>L\u2019ancien joueur du FC B\u00e2le (Suisse) devrait pouvoir disputer la rencontre de ce dimanche face au Burkina Faso, capitale pour la qualification en quarts de finale. \u00ab\u00a0Le seul sc\u00e9nario que j\u2019ai dans ma t\u00eate, c\u2019est la victoire, la qualification\u00a0\u00bb, a lanc\u00e9 Zoua, tr\u00e8s d\u00e9termin\u00e9 et r\u00e9solu \u00e0 tout donn\u00e9 pour y parvenir.<\/p>\n<p><strong>Yannick KENNE<\/strong><\/p>\n<p>Auteur: Eco Matin<br \/>\n<a href=\"https:\/\/ecomatin.net\/chan-2020-jacques-zoua-se-dit-apte-a-jouer-contre-le-burkina-faso\/\">Cliquez ici pour lire l&rsquo;article depuis sa source.<\/a><\/p>\n","protected":false},"excerpt":{"rendered":"<p>Au match contre le Mali le mercredi 20 janvier 2021 \u00e0 Yaound\u00e9, Jacques Zoua, le capitaine des Lions A\u2019 \u00e9tait absent. Il \u00e9tait forfait pour cause de blessure, ayant subi un p\u00e9pin physique depuis la premi\u00e8re confrontation contre le Zimbabwe. Il a pourtant prosp\u00e9r\u00e9 au sein de l\u2019opinion l\u2019id\u00e9e de sa mise \u00e0 l\u2019\u00e9cart par [&hellip;]<\/p>\n","protected":false},"author":1969,"featured_media":0,"comment_status":"closed","ping_status":"closed","sticky":false,"template":"","format":"standard","meta":{"fifu_image_url":"","fifu_image_alt":"","footnotes":""},"categories":[82,78],"tags":[],"class_list":["post-109857","post","type-post","status-publish","format-standard","hentry","category-cameroun","category-economie"],"_links":{"self":[{"href":"https:\/\/linitiative.ca\/International\/wp-json\/wp\/v2\/posts\/109857","targetHints":{"allow":["GET"]}}],"collection":[{"href":"https:\/\/linitiative.ca\/International\/wp-json\/wp\/v2\/posts"}],"about":[{"href":"https:\/\/linitiative.ca\/International\/wp-json\/wp\/v2\/types\/post"}],"author":[{"embeddable":true,"href":"https:\/\/linitiative.ca\/International\/wp-json\/wp\/v2\/users\/1969"}],"replies":[{"embeddable":true,"href":"https:\/\/linitiative.ca\/International\/wp-json\/wp\/v2\/comments?post=109857"}],"version-history":[{"count":0,"href":"https:\/\/linitiative.ca\/International\/wp-json\/wp\/v2\/posts\/109857\/revisions"}],"wp:attachment":[{"href":"https:\/\/linitiative.ca\/International\/wp-json\/wp\/v2\/media?parent=109857"}],"wp:term":[{"taxonomy":"category","embeddable":true,"href":"https:\/\/linitiative.ca\/International\/wp-json\/wp\/v2\/categories?post=109857"},{"taxonomy":"post_tag","embeddable":true,"href":"https:\/\/linitiative.ca\/International\/wp-json\/wp\/v2\/tags?post=109857"}],"curies":[{"name":"wp","href":"https:\/\/api.w.org\/{rel}","templated":true}]}}