{"id":109858,"date":"2021-01-23T11:35:52","date_gmt":"2021-01-23T16:35:52","guid":{"rendered":"https:\/\/linitiative.ca\/International\/chan-2020-la-bataille-de-laudience-entre-les-teles-locales\/"},"modified":"2021-01-23T11:35:52","modified_gmt":"2021-01-23T16:35:52","slug":"chan-2020-la-bataille-de-laudience-entre-les-teles-locales","status":"publish","type":"post","link":"https:\/\/linitiative.ca\/International\/chan-2020-la-bataille-de-laudience-entre-les-teles-locales\/","title":{"rendered":"CHAN 2020: la bataille de l\u2019audience entre les t\u00e9l\u00e9s locales"},"content":{"rendered":"<p>Le contrat N\u00b0000026 du 02 mai 2019, conf\u00e8re \u00e0 la cha\u00eene publique les droits exclusifs de diffusion du Championnat d\u2019 Afrique des Nation (Chan), sur tout le triangle national, avec interdiction de diffusion sur internet Broadband et par technologie mobile. Faute de pouvoir acqu\u00e9rir ces droits de diffusion, les m\u00e9dias priv\u00e9s s\u2019adaptent \u00e0 la situation, en mettant sur pied strat\u00e9gies et stratag\u00e8mes afin de pouvoir garder et fid\u00e9liser son audience, qui \u00e0 cette p\u00e9riode se ruent vers des m\u00e9dias diffuseurs. L\u2019\u00e9quation de l\u2019originalit\u00e9 et l\u2019attractivit\u00e9 devient d\u00e8s lors imp\u00e9rative pour ces m\u00e9dias. Entre plateaux sp\u00e9ciaux, analyses et d\u00e9cryptages il est indispensable de trouver la bonne formule. \u00ab On a d\u00e9cid\u00e9 de fonctionner autrement, comme on n\u2019a pas les droits de diffusion, on a une grosse \u00e9mission de debrief d\u2019apr\u00e8s match, que l\u2019on fait chaque soir apr\u00e8s le deuxi\u00e8me match entre 22h10 et 23h10\u00bb. indique Marc Chouamo, journaliste sportif \u00e0 Canal2 International. N\u00e9anmoins l\u2019incapacit\u00e9 de retransmission du Chan a fortement impact\u00e9 l\u2019audimat de ces m\u00e9dias. \u00abOn colmate comme on peut mais on n\u2019a pas la m\u00eame audience depuis le d\u00e9but du chan, c\u2019est une certitude\u00bb poursuit-il.<\/p>\n<p><strong>Lire aussi<\/strong> : <a href=\"https:\/\/ecomatin.net\/chan-2020-la-crtv-revendique-ses-droits-de-diffusion\/\">Chan 2020\u00a0: la Crtv revendique ses droits de diffusion<\/a><\/p>\n<p>Pour le m\u00e9dia InfosTv, le sc\u00e9nario presque identique. \u00ab A notre niveau, nous avons cr\u00e9\u00e9 une \u00e9mission sp\u00e9ciale Chan qui passe tous les jours \u00e0 15h, dans laquelle on revient sur les temps forts des rencontres tout en faisant des analyses. Nous estimons que les t\u00e9l\u00e9spectateurs se concentrent sur les analyses des forces en pr\u00e9sence dans une rencontre et celles des matchs pr\u00e9c\u00e9dents \u00bb nous renseigne Jo\u00ebl Fokam, journaliste sportif \u00e0 InfosTV.<\/p>\n<p>N\u2019ayant moins, les diff\u00e9rents m\u00e9dias esp\u00e8rent des retomb\u00e9es positives par rapport aux dispositifs mis en place. \u00ab On esp\u00e8re tout de m\u00eame garder, la majorit\u00e9 de nos t\u00e9l\u00e9spectateurs, en leurs proposant cette \u00e9mission de d\u00e9brief, parce qu\u2019on n\u2019a pas pu avoir les droits et donc on essaie tant bien que mal de les garder en essayant d\u2019avoir des nouveaux \u00e9l\u00e9ments qui sortent du commun, des entretiens exclusifs, des images exclusives des \u00e9quipes \u00bb fait savoir une source au sein de canal2 international.<\/p>\n<p>Du c\u00f4t\u00e9 des t\u00e9l\u00e9spectateurs, malgr\u00e9 que la Crtv ait les droits exclusifs de diffusion, ils d\u00e9plorent la qualit\u00e9 des images propos\u00e9s\u00a0: \u00abla Crtv a fait beaucoup d\u2019efforts pour qu\u2019on ait des images de qualit\u00e9s, pour qu\u2019on ait des retransmissions de qualit\u00e9, et qu\u2019on ait des commentaires qui puissent plus au moins \u00e9clairer les rencontres qu\u2019on sera en train de regarder. Mais honn\u00eatement j\u2019ai eu \u00e0 faire la comparaison entre les images de la Crtv et ceux du bouquet Canal+, j\u2019ai pr\u00e9f\u00e9r\u00e9 les images de Canal+, les images sont\u00a0\u00a0de qualit\u00e9 sup\u00e9rieure \u00e0 celles de la Crtv et le son plus agr\u00e9able. Donc quand j\u2019ai du temps je regarde mes matchs sur le bouquet Canal \u00bb d\u00e9plore Cyrille Noah, amateur de sport.<\/p>\n<p><strong>Lire aussi<\/strong> : <a href=\"https:\/\/ecomatin.net\/chan-total-2020-startimes-obtient-le-droit-de-diffusion\/\">Chan Total 2020\u00a0: StarTimes obtient le droit de diffusion<\/a><\/p>\n<div class=\"wp-block-image\" readability=\"8\">\n<p><img loading=\"lazy\" decoding=\"async\" src=\"https:\/\/ecomatin.net\/wp-content\/uploads\/2021\/01\/CAF.jpeg\" alt=\"\" class=\"wp-image-21323\" width=\"188\" height=\"184\" srcset=\"https:\/\/ecomatin.net\/wp-content\/uploads\/2021\/01\/CAF.jpeg 540w, https:\/\/ecomatin.net\/wp-content\/uploads\/2021\/01\/CAF-300x293.jpeg 300w\" sizes=\"auto, (max-width: 188px) 100vw, 188px\"\/><\/p>\n<p>Franck Ghislain Onguene, consultant CAF en management et marketing du sport<\/p><\/div>\n<p><strong>\u00ab Il est difficile pour les cha\u00eenes priv\u00e9es de pourvoir rentrer dans ce type de diffusion \u00bb<\/strong><\/p>\n<p><strong>La cha\u00eene nationale a acquis pour 1,2 milliard, les droits de diffusion du Chan 2020. Une bonne affaire selon vous?<\/strong><\/p>\n<p>Il faut rappeler que, c\u2019est les droits de t\u00e9l\u00e9visions qui repr\u00e9sentent l\u2019essentiel des recettes et surtout du budget de fonctionnement des organisations sportives. Une organisation comme la CAF, vit \u00e0 75% des droits t\u00e9l\u00e9, vous comprenez que les organisations sportives n\u2019ont plus le choix aujourd\u2019hui. En plus, dans ces droits t\u00e9l\u00e9, il y a la production du signal qui co\u00fbte tr\u00e8s cher. L\u2019avantage avec la Crtv, et cela on ne le dit pas assez, est que c\u2019est elle qui produit le signal du Chan. Ce qui n\u2019a pas toujours \u00e9t\u00e9 le cas. D\u2019ailleurs c\u2019est la premi\u00e8re fois qu\u2019une t\u00e9l\u00e9vision nationale prend sur elle de produire le Chan. Il faut rappeler que la Crtv dispose aujourd\u2019hui d\u2019un mat\u00e9riel de tr\u00e8s haute technologie, on parle de quatre OBVAN r\u00e9partis sur les quatre sites de la comp\u00e9tition. Eh bien, la Crtv amorti l\u2019achat des droits t\u00e9l\u00e9 \u00e0 travers cette production. Il faut dire que chaque match produit, co\u00fbte \u00e9norm\u00e9ment ch\u00e8re \u00e0 la CAF. D\u2019habitude, la CAF loue le mat\u00e9riel en Espagne ou aux Etats-Unis et donc quand la Crtv dispose d\u2019un mat\u00e9riel comme celui-ci, elle reverse de l\u2019argent \u00e0 la Crtv et c\u2019est avec cette argent que la Crtv amortir le facteur en terme de droits de diffusions.<\/p>\n<p><strong>Lire aussi<\/strong> : <a href=\"https:\/\/ecomatin.net\/la-cameroun-radio-television-adopte-un-budget-de-28-milliards-de-fcfa-pour-2021\/\">La Crtv adopte un budget de 2 milliards de Fcfa pour 2021<\/a><\/p>\n<p><strong>La Crtv a acquis l\u2019exclusivit\u00e9 des droits de diffusion du Chan au Cameroun, mais compte tenu de sa couverture sur le territoire national, est-ce la bonne formule pour faire vivre cet \u00e9v\u00e9nement sportif aux populations ?<\/strong><\/p>\n<p>La Crtv a achet\u00e9 les droits t\u00e9l\u00e9, elle n\u2019emp\u00eache pas \u00e0 d\u2019autre m\u00e9dia \u00e9galement d\u2019acheter les droits de retransmissions. Je pense que lorsque nous sommes dans une lutte des droits t\u00e9l\u00e9 dans un territoire donn\u00e9, ce qui se passe ce le mieux disant, c\u2019est-\u00e0-dire que, c\u2019est celui qui enrichi le mieux qui obtient les droits t\u00e9l\u00e9, enrichi financi\u00e8rement bien-s\u00fbr. Actuellement il n\u2019y a pas beaucoup de cha\u00eenes de t\u00e9l\u00e9, je suis m\u00eame tent\u00e9 de dire qu\u2019il n\u2019y a pas de cha\u00eene, qui pourrait faire mieux que la Crtv. Ce sont des droits qui sont estim\u00e9s \u00e0 des milliards de FCFA ; tr\u00e8s peu de t\u00e9l\u00e9vision priv\u00e9es aujourd\u2019hui sont capables de s\u2019offrir ce type de service.<\/p>\n<p>Il faut pr\u00e9ciser que la Crtv a obtenu les droits sur le territoire national, c\u2019est \u00e0 dire qu\u2019uniquement par satellite, analogique et num\u00e9rique mais ne peut pas diffuser ces matchs sur ses plateformes digitales notamment Facebook, Twitter et m\u00eame sur son site web.<\/p>\n<p><strong>Lire aussi<\/strong> : \u00a0<a href=\"https:\/\/ecomatin.net\/chan-2020-des-opportunites-pour-le-made-in-cameroun\/\">Chan 2020\u00a0: des opportunit\u00e9s pour le Made in Cameroon<\/a><\/p>\n<p><strong>Faute de pouvoir diffuser les matches du Chan, les cha\u00eenes priv\u00e9es organisent des plateaux sp\u00e9ciaux, pour commenter et analyser les matchs.\u00a0<\/strong><strong>Comment analysez-vous la pertinence d\u2019une telle approche?<\/strong><\/p>\n<p>Les droits de la comp\u00e9tition sont donn\u00e9s par la CAF qui a justement aujourd\u2019hui pour principale interm\u00e9diaire, en Afrique subsaharienne l\u2019Union Africaine de Radiodiffusion (UAR), donc l\u2019UAR ach\u00e8te les droits en \u00ab gros \u00bb, et ces droits sont revendus en d\u00e9tails et parfois m\u00eame donner gratuitement \u00e0 certains pays, cela a \u00e9t\u00e9 le cas pour la Centrafrique lors de la dernier CAN. Pour dire que, c\u2019est la CAF via L\u2019UAR, qui donne l\u2019autorisation aux pays en Afrique subsaharienne de pouvoir diffuser en direct ou en diff\u00e9r\u00e9. Pour la pertinence des plateaux tout d\u00e9pend aussi de la pertinence des analyses, s\u2019il y a des personnes qui trouvent que les plateaux de la Crtv ne sont pas, tr\u00e8s attractives ou alors, les invit\u00e9s ou les consultants ne sont pas particuli\u00e8rement attrayant, c\u2019est possible qu\u2019ils puissent zapper. Je pense qu\u2019aujourd\u2019hui il y a deux \u00e9l\u00e9ments fondamentaux qui entrent, dans cette appr\u00e9ciation, il y\u2019a tout d\u2019abord le contenant, donc la qualit\u00e9 des plateaux, la qualit\u00e9 des images, la qualit\u00e9 de la cha\u00eene de t\u00e9l\u00e9vision. Et puis il y a aussi le contenu, c\u2019est-\u00e0-dire la pertinence des analyses, et surtout la qualit\u00e9 des statistiques et des commentaires. C\u2019est cela qui fera en sorte que les gens sont scotch\u00e9s ou pas.<\/p>\n<p><strong>Lire aussi<\/strong> : <a href=\"https:\/\/ecomatin.net\/la-crtv-cherche-40-milliards-fcfa-pour-basculer-vers-la-tnt\/\">La Crtv cherche 40 milliards de Fcfa pour basculer vers la TNT<\/a><\/p>\n<p>Auteur: Amina MALLOUM<br \/>\n<a href=\"https:\/\/ecomatin.net\/chan-2020-la-bataille-de-laudience-entre-les-teles-locales\/\">Cliquez ici pour lire l&rsquo;article depuis sa source.<\/a><\/p>\n","protected":false},"excerpt":{"rendered":"<p>Le contrat N\u00b0000026 du 02 mai 2019, conf\u00e8re \u00e0 la cha\u00eene publique les droits exclusifs de diffusion du Championnat d\u2019 Afrique des Nation (Chan), sur tout le triangle national, avec interdiction de diffusion sur internet Broadband et par technologie mobile. Faute de pouvoir acqu\u00e9rir ces droits de diffusion, les m\u00e9dias priv\u00e9s s\u2019adaptent \u00e0 la situation, [&hellip;]<\/p>\n","protected":false},"author":1969,"featured_media":0,"comment_status":"closed","ping_status":"closed","sticky":false,"template":"","format":"standard","meta":{"fifu_image_url":"https:\/\/ecomatin.net\/wp-content\/uploads\/2021\/01\/CAF.jpeg","fifu_image_alt":"CHAN 2020: la bataille de l\u2019audience entre les t\u00e9l\u00e9s locales","footnotes":""},"categories":[82,78],"tags":[],"class_list":["post-109858","post","type-post","status-publish","format-standard","hentry","category-cameroun","category-economie"],"_links":{"self":[{"href":"https:\/\/linitiative.ca\/International\/wp-json\/wp\/v2\/posts\/109858","targetHints":{"allow":["GET"]}}],"collection":[{"href":"https:\/\/linitiative.ca\/International\/wp-json\/wp\/v2\/posts"}],"about":[{"href":"https:\/\/linitiative.ca\/International\/wp-json\/wp\/v2\/types\/post"}],"author":[{"embeddable":true,"href":"https:\/\/linitiative.ca\/International\/wp-json\/wp\/v2\/users\/1969"}],"replies":[{"embeddable":true,"href":"https:\/\/linitiative.ca\/International\/wp-json\/wp\/v2\/comments?post=109858"}],"version-history":[{"count":0,"href":"https:\/\/linitiative.ca\/International\/wp-json\/wp\/v2\/posts\/109858\/revisions"}],"wp:attachment":[{"href":"https:\/\/linitiative.ca\/International\/wp-json\/wp\/v2\/media?parent=109858"}],"wp:term":[{"taxonomy":"category","embeddable":true,"href":"https:\/\/linitiative.ca\/International\/wp-json\/wp\/v2\/categories?post=109858"},{"taxonomy":"post_tag","embeddable":true,"href":"https:\/\/linitiative.ca\/International\/wp-json\/wp\/v2\/tags?post=109858"}],"curies":[{"name":"wp","href":"https:\/\/api.w.org\/{rel}","templated":true}]}}