{"id":109864,"date":"2021-01-24T11:01:43","date_gmt":"2021-01-24T16:01:43","guid":{"rendered":"https:\/\/linitiative.ca\/International\/casablanca-les-nouveaux-bus-deployes-au-plus-tard-fin-fevrier\/"},"modified":"2021-01-24T11:01:43","modified_gmt":"2021-01-24T16:01:43","slug":"casablanca-les-nouveaux-bus-deployes-au-plus-tard-fin-fevrier","status":"publish","type":"post","link":"https:\/\/linitiative.ca\/International\/casablanca-les-nouveaux-bus-deployes-au-plus-tard-fin-fevrier\/","title":{"rendered":"Casablanca : Les nouveaux bus  d\u00e9ploy\u00e9s \u00abau plus tard fin f\u00e9vrier\u00bb"},"content":{"rendered":"<header>\n<div class=\"entry-post-meta\">\n<div class=\"author-link\">Publi\u00e9 par <a itemprop=\"author\" itemscope=\"\" itemtype=\"https:\/\/schema.org\/Person\" href=\"https:\/\/aujourdhui.ma\/author\/kaid\" rel=\"author\"><span itemprop=\"name\">ALM<\/span><\/a><\/div>\n<p>Date\u00a0:<time content=\"2021-01-24T17:01:43+01:00\" class=\"entry-date updated\" datetime=\"2021-01-24T17:01:43+01:00\">janvier 24, 2021<\/time><\/p>\n<div class=\"entry-cat\">dans:<a href=\"https:\/\/aujourdhui.ma\/category\/societe\" rel=\"category tag\">Soci\u00e9t\u00e9<\/a><\/div>\n<p>14Vues<\/p>\n<\/div>\n<\/header>\n<div class=\"entry-content clearfix\" readability=\"62\"><img decoding=\"async\" class=\"post_layout_5_img\" src=\"http:\/\/aujourdhui.ma\/wp-content\/uploads\/2021\/01\/Bus-ALSA.jpg\" alt=\"Casablanca : Les nouveaux bus d&#xE9;ploy&#xE9;s &#xAB;au plus tard fin f&#xE9;vrier&#xBB;\"\/><\/p>\n<p><span class=\"c5\"><strong>La soci\u00e9t\u00e9 Alsa, op\u00e9rateur de transport par autobus dans le Grand Casablanca, devra d\u00e9ployer sa flotte de bus neufs \u00abau plus tard fin f\u00e9vrier prochain\u00bb, a promis le pr\u00e9sident de l\u2019Etablissement de coop\u00e9ration intercommunale (ECI) \u00abAl Baida\u00bb, Said Rafik.<\/strong><\/span> <span id=\"more-366362\"\/><\/p>\n<p>\u00abNous nous employons pour que les nouveaux bus soient mis en circulation au plus tard fin f\u00e9vrier prochain, sinon avant si c\u2019est possible\u00bb, a d\u00e9clar\u00e9 \u00e0 la MAP M. Rafik, pr\u00e9sident de la commune rurale de B\u00e9ni Yakhlef (pr\u00e9fecture de Mohammedia). D\u2019apr\u00e8s la m\u00eame source, l\u2019op\u00e9ration de renouvellement du parc devra d\u00e9marrer avec 400 bus (ndlr: 700 \u00e0 terme), sachant que la couverture du r\u00e9seau va passer de 47 \u00e0 57 lignes au niveau des 18 communes regroup\u00e9es au sein de l\u2019ECI.<\/p>\n<p>En vertu d\u2019un contrat de gestion d\u00e9l\u00e9gu\u00e9e sign\u00e9 en octobre 2019, Alsa, d\u00e9j\u00e0 pr\u00e9sente dans plusieurs villes marocaines, a entam\u00e9, en avril dernier, le d\u00e9ploiement d\u2019une flotte provisoire de bus d\u2019occasion et le retrait total des anciens, qui \u00e9taient dans un \u00e9tat d\u00e9plorable. Le contrat d\u2019une dur\u00e9e de 10 ans stipule la mise en circulation, en 2021, d\u2019une flotte permanente de 700 bus neufs, financ\u00e9s conjointement par les deux parties.<\/p>\n<\/div>\n<p>Auteur: ALM<br \/>\n<a href=\"https:\/\/aujourdhui.ma\/societe\/casablanca-les-nouveaux-bus-deployes-au-plus-tard-fin-fevrier\">Cliquez ici pour lire l&rsquo;article depuis sa source.<\/a><\/p>\n","protected":false},"excerpt":{"rendered":"<p>Publi\u00e9 par ALM Date\u00a0:janvier 24, 2021 dans:Soci\u00e9t\u00e9 14Vues La soci\u00e9t\u00e9 Alsa, op\u00e9rateur de transport par autobus dans le Grand Casablanca, devra d\u00e9ployer sa flotte de bus neufs \u00abau plus tard fin f\u00e9vrier prochain\u00bb, a promis le pr\u00e9sident de l\u2019Etablissement de coop\u00e9ration intercommunale (ECI) \u00abAl Baida\u00bb, Said Rafik. \u00abNous nous employons pour que les nouveaux bus [&hellip;]<\/p>\n","protected":false},"author":1759,"featured_media":0,"comment_status":"closed","ping_status":"closed","sticky":false,"template":"","format":"standard","meta":{"fifu_image_url":"http:\/\/aujourdhui.ma\/wp-content\/uploads\/2021\/01\/Bus-ALSA.jpg","fifu_image_alt":"Casablanca : Les nouveaux bus  d\u00e9ploy\u00e9s \u00abau plus tard fin f\u00e9vrier\u00bb","footnotes":""},"categories":[73,54],"tags":[],"class_list":["post-109864","post","type-post","status-publish","format-standard","hentry","category-actualite","category-maroc"],"_links":{"self":[{"href":"https:\/\/linitiative.ca\/International\/wp-json\/wp\/v2\/posts\/109864","targetHints":{"allow":["GET"]}}],"collection":[{"href":"https:\/\/linitiative.ca\/International\/wp-json\/wp\/v2\/posts"}],"about":[{"href":"https:\/\/linitiative.ca\/International\/wp-json\/wp\/v2\/types\/post"}],"author":[{"embeddable":true,"href":"https:\/\/linitiative.ca\/International\/wp-json\/wp\/v2\/users\/1759"}],"replies":[{"embeddable":true,"href":"https:\/\/linitiative.ca\/International\/wp-json\/wp\/v2\/comments?post=109864"}],"version-history":[{"count":0,"href":"https:\/\/linitiative.ca\/International\/wp-json\/wp\/v2\/posts\/109864\/revisions"}],"wp:attachment":[{"href":"https:\/\/linitiative.ca\/International\/wp-json\/wp\/v2\/media?parent=109864"}],"wp:term":[{"taxonomy":"category","embeddable":true,"href":"https:\/\/linitiative.ca\/International\/wp-json\/wp\/v2\/categories?post=109864"},{"taxonomy":"post_tag","embeddable":true,"href":"https:\/\/linitiative.ca\/International\/wp-json\/wp\/v2\/tags?post=109864"}],"curies":[{"name":"wp","href":"https:\/\/api.w.org\/{rel}","templated":true}]}}