{"id":109866,"date":"2021-01-24T08:43:23","date_gmt":"2021-01-24T13:43:23","guid":{"rendered":"https:\/\/linitiative.ca\/International\/joutia-2-0-le-come-back-du-vintage%ef%bb%bf\/"},"modified":"2021-01-24T08:43:23","modified_gmt":"2021-01-24T13:43:23","slug":"joutia-2-0-le-come-back-du-vintage%ef%bb%bf","status":"publish","type":"post","link":"https:\/\/linitiative.ca\/International\/joutia-2-0-le-come-back-du-vintage%ef%bb%bf\/","title":{"rendered":"\u00abJoutia 2.0\u00bb : le come-back du vintage\ufeff"},"content":{"rendered":"<p class=\"c2\"><strong>Par: Imane Boussaid (MAP)<\/strong><\/p>\n<p class=\"has-text-color has-vivid-cyan-blue-color\"><strong>L\u2019ann\u00e9e 2020 \u00e9tait rude pour le secteur de la mode, encore plus pour les nouveaux v\u00eatements. Fermeture de magasins, baisse de revenus, production \u00e0 l\u2019arr\u00eat, \u2026le textile a \u00e9t\u00e9 touch\u00e9 de plein fouet. Des marques se remettent encore de la crise alors, que d\u2019autres ont carr\u00e9ment d\u00e9pos\u00e9 leurs bilans.<\/strong><\/p>\n<p>Toutefois, du c\u00f4t\u00e9 de l\u2019industrie de la seconde main, tout n\u2019\u00e9tait pas aussi noir ! Le march\u00e9 est en pleine croissance, notamment en ligne, o\u00f9 la revente devrait m\u00eame augmenter de 69% entre 2019 et 2021, selon un rapport rendu public par la plateforme ThredUp.<\/p>\n<p>\u00abLe thrifting, c\u2019est l\u2019avenir. Il consiste \u00e0 chiner des v\u00eatements qui ont une histoire, un v\u00e9cu\u00bb, fait savoir Zineb Ismaili, fondatrice du vintage store Ayam Zamane.<\/p>\n<p>\u00abQuand on ach\u00e8te du vintage, on parle de v\u00eatements con\u00e7us dans les ann\u00e9es 20 \u00e0 70, avec des coupes originales et fabriqu\u00e9s en mati\u00e8res nobles, naturelles et de qualit\u00e9. La seconde main, en revanche, concerne la revente de v\u00eatements issus de marques contemporaines avec les standards de qualit\u00e9 d\u2019une usine de production \u00e0 grande \u00e9chelle\u00bb, explique-t-elle.<\/p>\n<p>Au Maroc, le \u00abthrifting\u00bb est une habitude de consommation tr\u00e8s r\u00e9put\u00e9e chez la plupart des f\u00e9rus de la fripe.<\/p>\n<p>Les m\u00e9dinas regorgent de revendeurs de produits d\u2019occasion ou ce qu\u2019on appelle commun\u00e9ment la \u00abJoutia\u00bb. Le probl\u00e8me ne se situe donc pas dans l\u2019envie de porter de la seconde main, mais plut\u00f4t de trouver le bon article, pr\u00e9cise la jeune entrepreneure.<\/p>\n<p>Des mots comme \u00abvintage\u00bb, \u00abseconde main\u00bb et \u00abfripe\u00bb s\u2019accompagnent souvent d\u2019une image pr\u00e9sum\u00e9e de v\u00eatements d\u00e9chir\u00e9s, fan\u00e9s ou sales. Une perception que le digital et le e-commerce ont compl\u00e9tement chang\u00e9e.<\/p>\n<p>En effet, gr\u00e2ce \u00e0 Internet et aux r\u00e9seaux sociaux, les friperies sont plus accessibles que jamais et le \u00absecond hand\u00bb se banalise de plus en plus. Instagram, en l\u2019occurrence, devient la place d\u2019un march\u00e9 mondial, une \u00abJoutia 2.0\u00bb.<\/p>\n<p>Chaque semaine, ces e-stores, \u00e0 l\u2019exemple d\u2019Ayam Zamane, annoncent des arrivages (drops) d\u2019un ensemble de v\u00eatements d\u2019occasion. Des p\u00e9pites soigneusement s\u00e9lectionn\u00e9es et mises en vente en ligne au plus grand bonheur des amateurs du vintage.<\/p>\n<p>\u00abInstagram s\u2019est av\u00e9r\u00e9 \u00eatre une plateforme absolument merveilleuse pour mon produit. Le visuel est \u00e0 l\u2019honneur, le contact direct avec le client aussi\u00bb, se f\u00e9licite cette amatrice de la \u00abslow-fashion\u00bb.<\/p>\n<p>En plus d\u2019\u00eatre une tendance mode, ce go\u00fbt pour le vintage ou le second hand d\u00e9bouche aussi sur un monde plus durable et plus \u00e9cologique. Les consommateurs sont de plus en plus conscients des effets n\u00e9fastes de la \u00abfast-fashion\u00bb, consid\u00e9r\u00e9e comme l\u2019une des industries les plus polluantes au monde.<\/p>\n<p>Le recyclage ou le surcyclage des v\u00eatements est une voie pour diminuer le gaspillage vestimentaire, limiter la pollution textile et favoriser l\u2019\u00e9conomie circulaire. C\u2019est ainsi dire : Sauver la plan\u00e8te tout en gardant le style.<\/p>\n<p>Que ce soit pour des fins stylistiques ou \u00e9cologiques, le march\u00e9 des v\u00eatements d\u2019occasion s\u2019impose comme \u00e9tant la nouvelle tendance. Les passionn\u00e9s de mode s\u2019y mettent \u00e0 fond et le digital \u00abd\u00e9mocratise\u00bb la fripe.<\/p>\n<p>Une chose est claire : le d\u00e9mod\u00e9 est \u00e0 la mode!<\/p>\n<p>Auteur: M&rsquo;hammed rahal<br \/>\n<a href=\"http:\/\/albayane.press.ma\/joutia-2-0-le-come-back-du-vintage%EF%BB%BF.html\">Cliquez ici pour lire l&rsquo;article depuis sa source.<\/a><\/p>\n","protected":false},"excerpt":{"rendered":"<p>Par: Imane Boussaid (MAP) L\u2019ann\u00e9e 2020 \u00e9tait rude pour le secteur de la mode, encore plus pour les nouveaux v\u00eatements. Fermeture de magasins, baisse de revenus, production \u00e0 l\u2019arr\u00eat, \u2026le textile a \u00e9t\u00e9 touch\u00e9 de plein fouet. Des marques se remettent encore de la crise alors, que d\u2019autres ont carr\u00e9ment d\u00e9pos\u00e9 leurs bilans. Toutefois, du [&hellip;]<\/p>\n","protected":false},"author":1760,"featured_media":0,"comment_status":"closed","ping_status":"closed","sticky":false,"template":"","format":"standard","meta":{"fifu_image_url":"","fifu_image_alt":"","footnotes":""},"categories":[73,54],"tags":[],"class_list":["post-109866","post","type-post","status-publish","format-standard","hentry","category-actualite","category-maroc"],"_links":{"self":[{"href":"https:\/\/linitiative.ca\/International\/wp-json\/wp\/v2\/posts\/109866","targetHints":{"allow":["GET"]}}],"collection":[{"href":"https:\/\/linitiative.ca\/International\/wp-json\/wp\/v2\/posts"}],"about":[{"href":"https:\/\/linitiative.ca\/International\/wp-json\/wp\/v2\/types\/post"}],"author":[{"embeddable":true,"href":"https:\/\/linitiative.ca\/International\/wp-json\/wp\/v2\/users\/1760"}],"replies":[{"embeddable":true,"href":"https:\/\/linitiative.ca\/International\/wp-json\/wp\/v2\/comments?post=109866"}],"version-history":[{"count":0,"href":"https:\/\/linitiative.ca\/International\/wp-json\/wp\/v2\/posts\/109866\/revisions"}],"wp:attachment":[{"href":"https:\/\/linitiative.ca\/International\/wp-json\/wp\/v2\/media?parent=109866"}],"wp:term":[{"taxonomy":"category","embeddable":true,"href":"https:\/\/linitiative.ca\/International\/wp-json\/wp\/v2\/categories?post=109866"},{"taxonomy":"post_tag","embeddable":true,"href":"https:\/\/linitiative.ca\/International\/wp-json\/wp\/v2\/tags?post=109866"}],"curies":[{"name":"wp","href":"https:\/\/api.w.org\/{rel}","templated":true}]}}