{"id":109868,"date":"2021-01-24T08:55:23","date_gmt":"2021-01-24T13:55:23","guid":{"rendered":"https:\/\/linitiative.ca\/International\/enfin-un-premier-arrivage\/"},"modified":"2021-01-24T08:55:23","modified_gmt":"2021-01-24T13:55:23","slug":"enfin-un-premier-arrivage","status":"publish","type":"post","link":"https:\/\/linitiative.ca\/International\/enfin-un-premier-arrivage\/","title":{"rendered":"Enfin un premier arrivage!"},"content":{"rendered":"<p class=\"c2\"><strong>Vaccin anti-Covid au Maroc<\/strong><\/p>\n<p class=\"has-text-color c3\"><strong>Apr\u00e8s deux mois d\u2019attente, le Maroc a pu finalement d\u00e9crocher le rem\u00e8de rare, hautement sollicit\u00e9 par le monde entier.<\/strong><\/p>\n<p>C\u2019est le Minist\u00e8re de la Sant\u00e9, qui apr\u00e8s moult tergiversations et tractations, a fini par annoncer, vendredi dans un communiqu\u00e9, l\u2019arriv\u00e9e, le m\u00eame jour, d\u2019une premi\u00e8re livraison du vaccin britannique (AstraZeneca) fabriqu\u00e9 en Inde.<\/p>\n<p>Ce premier arrivage est constitu\u00e9 de un million de doses qui seront administr\u00e9es, en deux temps, prioritairement aux personnes en premi\u00e8re ligne du combat contre le Covid (professionnels de la sant\u00e9, militaires, autorit\u00e9s publiques, enseignants), \u00e2g\u00e9es de plus de 45 ans, en plus des personnes \u00e2g\u00e9es de 75 ans et plus, les personnes \u00e0 maladies chroniques.<\/p>\n<p>Dans la m\u00eame foul\u00e9e, le communiqu\u00e9 officiel annonce la r\u00e9ception prochaine, pr\u00e9vue mercredi 27 janvier 2021, d\u2019une premi\u00e8re livraison du vaccin chinois, fabriqu\u00e9 par SinoPharm, qui a re\u00e7u une autorisation d\u2019urgence par les autorit\u00e9s comp\u00e9tentes.<\/p>\n<p>Le m\u00eame communiqu\u00e9, dat\u00e9 de vendredi, annonce le d\u00e9but de la campagne de vaccination \u00abla semaine prochaine\u00bb.<\/p>\n<p>Cela concerne aussi les r\u00e9sidents \u00e9trangers, qui pourront, eux aussi, prendre rendez-vous sur le portail www.liqahcorona.ma ou en envoyant un SMS sur le num\u00e9ro gratuit 1717.<\/p>\n<p class=\"c4\"><strong>M.K.<\/strong><\/p>\n<p>Auteur: M&rsquo;hammed rahal<br \/>\n<a href=\"http:\/\/albayane.press.ma\/enfin-un-premier-arrivage.html\">Cliquez ici pour lire l&rsquo;article depuis sa source.<\/a><\/p>\n","protected":false},"excerpt":{"rendered":"<p>Vaccin anti-Covid au Maroc Apr\u00e8s deux mois d\u2019attente, le Maroc a pu finalement d\u00e9crocher le rem\u00e8de rare, hautement sollicit\u00e9 par le monde entier. C\u2019est le Minist\u00e8re de la Sant\u00e9, qui apr\u00e8s moult tergiversations et tractations, a fini par annoncer, vendredi dans un communiqu\u00e9, l\u2019arriv\u00e9e, le m\u00eame jour, d\u2019une premi\u00e8re livraison du vaccin britannique (AstraZeneca) fabriqu\u00e9 [&hellip;]<\/p>\n","protected":false},"author":1760,"featured_media":0,"comment_status":"closed","ping_status":"closed","sticky":false,"template":"","format":"standard","meta":{"fifu_image_url":"","fifu_image_alt":"","footnotes":""},"categories":[73,54],"tags":[],"class_list":["post-109868","post","type-post","status-publish","format-standard","hentry","category-actualite","category-maroc"],"_links":{"self":[{"href":"https:\/\/linitiative.ca\/International\/wp-json\/wp\/v2\/posts\/109868","targetHints":{"allow":["GET"]}}],"collection":[{"href":"https:\/\/linitiative.ca\/International\/wp-json\/wp\/v2\/posts"}],"about":[{"href":"https:\/\/linitiative.ca\/International\/wp-json\/wp\/v2\/types\/post"}],"author":[{"embeddable":true,"href":"https:\/\/linitiative.ca\/International\/wp-json\/wp\/v2\/users\/1760"}],"replies":[{"embeddable":true,"href":"https:\/\/linitiative.ca\/International\/wp-json\/wp\/v2\/comments?post=109868"}],"version-history":[{"count":0,"href":"https:\/\/linitiative.ca\/International\/wp-json\/wp\/v2\/posts\/109868\/revisions"}],"wp:attachment":[{"href":"https:\/\/linitiative.ca\/International\/wp-json\/wp\/v2\/media?parent=109868"}],"wp:term":[{"taxonomy":"category","embeddable":true,"href":"https:\/\/linitiative.ca\/International\/wp-json\/wp\/v2\/categories?post=109868"},{"taxonomy":"post_tag","embeddable":true,"href":"https:\/\/linitiative.ca\/International\/wp-json\/wp\/v2\/tags?post=109868"}],"curies":[{"name":"wp","href":"https:\/\/api.w.org\/{rel}","templated":true}]}}