{"id":109870,"date":"2021-01-24T09:05:51","date_gmt":"2021-01-24T14:05:51","guid":{"rendered":"https:\/\/linitiative.ca\/International\/le-gpps-interpelle-le-gouvernement\/"},"modified":"2021-01-24T09:05:51","modified_gmt":"2021-01-24T14:05:51","slug":"le-gpps-interpelle-le-gouvernement","status":"publish","type":"post","link":"https:\/\/linitiative.ca\/International\/le-gpps-interpelle-le-gouvernement\/","title":{"rendered":"Le GPPS interpelle le gouvernement"},"content":{"rendered":"<p class=\"has-text-color has-vivid-red-color c2\"><strong>Transport touristique<\/strong><\/p>\n<p class=\"has-text-color c3\"><strong>Dans le cadre de ses pr\u00e9rogatives constitutionnelles portant sur le contr\u00f4le de l\u2019action de l\u2019Ex\u00e9cutif,\u00a0 le Groupement parlementaire du progr\u00e8s et du socialisme (GPPPS) a adress\u00e9 une question \u00e9crite \u00e0 la ministre du Tourisme, de l\u2019artisanat, du transport a\u00e9rien et de l\u2019\u00e9conomie sociale,\u00a0 quant aux mesures devant \u00eatre prises pour all\u00e9ger la souffrance des op\u00e9rateurs du transport touristique, notamment dans la Cit\u00e9 ocre.<\/strong><\/p>\n<p>En fait, la question adress\u00e9 par le d\u00e9put\u00e9 du PPS, Jamal Krimi Bencherkoun, cite comme r\u00e9f\u00e9rence,\u00a0 le communiqu\u00e9 de la F\u00e9d\u00e9ration nationale du transport touristique au Maroc (FNTT-Maroc), dat\u00e9 du 16 janvier courant et\u00a0 dans lequel la dite instance appelle \u00e0 la mise en place des mesures urgentes pour \u00e9viter la banqueroute du secteur. En plus, la question \u00e9crite du GPPS soul\u00e8ve l\u2019interdiction d l\u2019acc\u00e8s des autocars du transport touristique dans les communes\u00a0 d\u2019Ouka\u00efmeden,\u00a0 Lalla takerkoust, imlil et autres zones touristiques.\u00a0 Des restrictions qui ne font qu\u2019aggraver la situation du secteur apr\u00e8s presque\u00a0 un an d\u2019arr\u00eat d\u2019activit\u00e9s, ajoute la m\u00eame source.<\/p>\n<p>Il faut dire, selon la FNTT-Maroc, que la sortie de la crise requiert la mise en place d\u2019un certain nombre de mesures \u00e0 commencer par le report d\u2019\u00e9ch\u00e9ances par les \u00e9tablissements de cr\u00e9dit, qui refuse de se soumette aux mesures prises par l\u2019Etat, sous pr\u00e9texte qu\u2019ils n\u2019ont re\u00e7u aucune correspondance officielle les informant du contenu des d\u00e9cisions prises lors des r\u00e9unions ayant eu lieu \u00a0entre le Comit\u00e9 de veille \u00e9conomique (CVE),\u00a0\u00a0 minist\u00e8re du tourisme, le Groupement professionnel des banques au Maroc (GPBM), le minist\u00e8re de l\u2019\u00e9conomie et des finances et les professionnels du secteur. Pire encore, certains \u00e9tablissements de cr\u00e9dits n\u2019ont pas eu honte de recourir \u00e0 des actes de menaces \u00e0 l\u2019\u00e9gard des entreprises de transport touristiques, usant d\u2019un langage d\u00e9daigneux, affirme la FNTT-Maroc. D\u2019autres, proc\u00e8dent \u00e0 la saisie des biens des entreprises de transport, sans disposer de l\u2019aval du tribunal, indique la FNTT-Maroc.<\/p>\n<p>Pour rappel, Dimanche dernier, environ 50 autocars de transport touristique ont \u00e9t\u00e9 bloqu\u00e9s \u00e0 la sortie de la Cit\u00e9 ocre.\u00a0 Les autorit\u00e9s publiques ont proc\u00e9d\u00e9 de la sorte sous pr\u00e9texte qu\u2019ils ont re\u00e7u des consignes strictes interdisant la circulation vers les zones touristiques. Il a fallu attendre presque 4 hures\u00a0 heures pour d\u00e9bloquer la situation, notamment au niveau de Tahanaout et la vall\u00e9e d\u2019Ourika.<\/p>\n<p>Notons au final, que le secteur du transport touristique contient plus de 1700 entreprises et emploie environ 13 milles salari\u00e9s.<\/p>\n<p class=\"c4\"><strong>Khalid Darfaf<\/strong><\/p>\n<p>Auteur: M&rsquo;hammed rahal<br \/>\n<a href=\"http:\/\/albayane.press.ma\/le-gpps-interpelle-le-gouvernement.html\">Cliquez ici pour lire l&rsquo;article depuis sa source.<\/a><\/p>\n","protected":false},"excerpt":{"rendered":"<p>Transport touristique Dans le cadre de ses pr\u00e9rogatives constitutionnelles portant sur le contr\u00f4le de l\u2019action de l\u2019Ex\u00e9cutif,\u00a0 le Groupement parlementaire du progr\u00e8s et du socialisme (GPPPS) a adress\u00e9 une question \u00e9crite \u00e0 la ministre du Tourisme, de l\u2019artisanat, du transport a\u00e9rien et de l\u2019\u00e9conomie sociale,\u00a0 quant aux mesures devant \u00eatre prises pour all\u00e9ger la souffrance [&hellip;]<\/p>\n","protected":false},"author":1760,"featured_media":0,"comment_status":"closed","ping_status":"closed","sticky":false,"template":"","format":"standard","meta":{"fifu_image_url":"","fifu_image_alt":"","footnotes":""},"categories":[73,54],"tags":[],"class_list":["post-109870","post","type-post","status-publish","format-standard","hentry","category-actualite","category-maroc"],"_links":{"self":[{"href":"https:\/\/linitiative.ca\/International\/wp-json\/wp\/v2\/posts\/109870","targetHints":{"allow":["GET"]}}],"collection":[{"href":"https:\/\/linitiative.ca\/International\/wp-json\/wp\/v2\/posts"}],"about":[{"href":"https:\/\/linitiative.ca\/International\/wp-json\/wp\/v2\/types\/post"}],"author":[{"embeddable":true,"href":"https:\/\/linitiative.ca\/International\/wp-json\/wp\/v2\/users\/1760"}],"replies":[{"embeddable":true,"href":"https:\/\/linitiative.ca\/International\/wp-json\/wp\/v2\/comments?post=109870"}],"version-history":[{"count":0,"href":"https:\/\/linitiative.ca\/International\/wp-json\/wp\/v2\/posts\/109870\/revisions"}],"wp:attachment":[{"href":"https:\/\/linitiative.ca\/International\/wp-json\/wp\/v2\/media?parent=109870"}],"wp:term":[{"taxonomy":"category","embeddable":true,"href":"https:\/\/linitiative.ca\/International\/wp-json\/wp\/v2\/categories?post=109870"},{"taxonomy":"post_tag","embeddable":true,"href":"https:\/\/linitiative.ca\/International\/wp-json\/wp\/v2\/tags?post=109870"}],"curies":[{"name":"wp","href":"https:\/\/api.w.org\/{rel}","templated":true}]}}