{"id":109871,"date":"2021-01-24T07:29:00","date_gmt":"2021-01-24T12:29:00","guid":{"rendered":"https:\/\/linitiative.ca\/International\/le-parquet-demande-la-confirmation-de-la-peine-de-trois-ans-de-prison-contre-kechida\/"},"modified":"2021-01-24T07:29:00","modified_gmt":"2021-01-24T12:29:00","slug":"le-parquet-demande-la-confirmation-de-la-peine-de-trois-ans-de-prison-contre-kechida","status":"publish","type":"post","link":"https:\/\/linitiative.ca\/International\/le-parquet-demande-la-confirmation-de-la-peine-de-trois-ans-de-prison-contre-kechida\/","title":{"rendered":"Le parquet demande la confirmation de la peine de trois ans de prison contre Kechida"},"content":{"rendered":"<div id=\"originalText\" readability=\"55\">\n<p class=\"c6\">Le procureur pr\u00e8s la Cour de S\u00e9tif a requis, ce dimanche, la confirmation de la peine contre l\u2019artiste Walid Kechida, condamn\u00e9 en premi\u00e8re instance \u00e0 trois ans de prison ferme. Un verdict qu\u2019a choqu\u00e9 l\u2019opinion public et suscit\u00e9 une vague d\u2019indignation sur les r\u00e9seaux sociaux.<\/p>\n<p class=\"c6\">En d\u00e9tention provisoire depuis le 27 avril 2020, le cr\u00e9ateur de la page Facebook \u00ab hirak m\u00e8mes \u00bb a vu la dur\u00e9e de sa d\u00e9tention provisoire prolong\u00e9e de 4 mois suppl\u00e9mentaires le 24 aout dernier.<\/p>\n<p class=\"c6\">Walid Kechida \u00a0est un activiste qui fait de l\u2019ironie et de la parodie un moyen de contestation pacifique contre le syst\u00e8me en traitant la situation politique avec des \u00ab\u00a0M\u00e8mes\u00a0\u00bb. \u00a0Il est accus\u00e9 d\u2019\u00ab atteinte \u00e0 corps constitu\u00e9 \u00bb, \u00ab outrage et offense au pr\u00e9sident de la r\u00e9publique \u00bb et \u00ab atteinte \u00e0 l\u2019entit\u00e9 divine \u00bb.<\/p>\n<p class=\"c6\">Jeudi dernier, une action internationale a \u00e9t\u00e9 men\u00e9e par des milliers d\u2019internautes en guise de solidarit\u00e9 avec l\u2019artiste, en publiant des \u00ab\u00a0m\u00e8mes\u00a0\u00bb, photos et vid\u00e9os de Walid Kechida avec les hashtags \u00ab\u00a0#FreeWalidKechida\u00a0\u00bb et \u00ab\u00a0#MemesAreNotACrime\u00a0\u00bb.<\/p>\n<p class=\"c6\">\u00a0<\/p>\n<p class=\"c7\"><strong>Kenza Sifi<\/strong><\/p>\n<\/div>\n<div id=\"text_core\" readability=\"55\">\n<p class=\"c6\">Le procureur pr\u00e8s la Cour de S\u00e9tif a requis, ce dimanche, la confirmation de la peine contre l\u2019artiste Walid Kechida, condamn\u00e9 en premi\u00e8re instance \u00e0 trois ans de prison ferme. Un verdict qu\u2019a choqu\u00e9 l\u2019opinion public et suscit\u00e9 une vague d\u2019indignation sur les r\u00e9seaux sociaux.<\/p>\n<p class=\"c6\">En d\u00e9tention provisoire depuis le 27 avril 2020, le cr\u00e9ateur de la page Facebook \u00ab hirak m\u00e8mes \u00bb a vu la dur\u00e9e de sa d\u00e9tention provisoire prolong\u00e9e de 4 mois suppl\u00e9mentaires le 24 aout dernier.<\/p>\n<p class=\"c6\">Walid Kechida \u00a0est un activiste qui fait de l\u2019ironie et de la parodie un moyen de contestation pacifique contre le syst\u00e8me en traitant la situation politique avec des \u00ab\u00a0M\u00e8mes\u00a0\u00bb. \u00a0Il est accus\u00e9 d\u2019\u00ab atteinte \u00e0 corps constitu\u00e9 \u00bb, \u00ab outrage et offense au pr\u00e9sident de la r\u00e9publique \u00bb et \u00ab atteinte \u00e0 l\u2019entit\u00e9 divine \u00bb.<\/p>\n<p class=\"c6\">Jeudi dernier, une action internationale a \u00e9t\u00e9 men\u00e9e par des milliers d\u2019internautes en guise de solidarit\u00e9 avec l\u2019artiste, en publiant des \u00ab\u00a0m\u00e8mes\u00a0\u00bb, photos et vid\u00e9os de Walid Kechida avec les hashtags \u00ab\u00a0#FreeWalidKechida\u00a0\u00bb et \u00ab\u00a0#MemesAreNotACrime\u00a0\u00bb.<\/p>\n<p class=\"c6\">\u00a0<\/p>\n<p class=\"c7\"><strong>Kenza Sifi<\/strong><\/p>\n<\/div>\n<p>Auteur:<br \/>\n<a href=\"https:\/\/www.liberte-algerie.com\/actualite\/le-parquet-demande-la-confirmation-de-la-peine-de-trois-ans-de-prison-contre-kechida-352959\">Cliquez ici pour lire l&rsquo;article depuis sa source.<\/a><\/p>\n","protected":false},"excerpt":{"rendered":"<p>Le procureur pr\u00e8s la Cour de S\u00e9tif a requis, ce dimanche, la confirmation de la peine contre l\u2019artiste Walid Kechida, condamn\u00e9 en premi\u00e8re instance \u00e0 trois ans de prison ferme. Un verdict qu\u2019a choqu\u00e9 l\u2019opinion public et suscit\u00e9 une vague d\u2019indignation sur les r\u00e9seaux sociaux. En d\u00e9tention provisoire depuis le 27 avril 2020, le cr\u00e9ateur [&hellip;]<\/p>\n","protected":false},"author":1742,"featured_media":0,"comment_status":"closed","ping_status":"closed","sticky":false,"template":"","format":"standard","meta":{"fifu_image_url":"","fifu_image_alt":"","footnotes":""},"categories":[73,53],"tags":[],"class_list":["post-109871","post","type-post","status-publish","format-standard","hentry","category-actualite","category-algerie"],"_links":{"self":[{"href":"https:\/\/linitiative.ca\/International\/wp-json\/wp\/v2\/posts\/109871","targetHints":{"allow":["GET"]}}],"collection":[{"href":"https:\/\/linitiative.ca\/International\/wp-json\/wp\/v2\/posts"}],"about":[{"href":"https:\/\/linitiative.ca\/International\/wp-json\/wp\/v2\/types\/post"}],"author":[{"embeddable":true,"href":"https:\/\/linitiative.ca\/International\/wp-json\/wp\/v2\/users\/1742"}],"replies":[{"embeddable":true,"href":"https:\/\/linitiative.ca\/International\/wp-json\/wp\/v2\/comments?post=109871"}],"version-history":[{"count":0,"href":"https:\/\/linitiative.ca\/International\/wp-json\/wp\/v2\/posts\/109871\/revisions"}],"wp:attachment":[{"href":"https:\/\/linitiative.ca\/International\/wp-json\/wp\/v2\/media?parent=109871"}],"wp:term":[{"taxonomy":"category","embeddable":true,"href":"https:\/\/linitiative.ca\/International\/wp-json\/wp\/v2\/categories?post=109871"},{"taxonomy":"post_tag","embeddable":true,"href":"https:\/\/linitiative.ca\/International\/wp-json\/wp\/v2\/tags?post=109871"}],"curies":[{"name":"wp","href":"https:\/\/api.w.org\/{rel}","templated":true}]}}