{"id":109874,"date":"2021-01-24T07:21:14","date_gmt":"2021-01-24T12:21:14","guid":{"rendered":"https:\/\/linitiative.ca\/International\/aide-a-la-filiere-metiers-du-livre-des-livres-aux-beneficiaires\/"},"modified":"2021-01-24T07:21:14","modified_gmt":"2021-01-24T12:21:14","slug":"aide-a-la-filiere-metiers-du-livre-des-livres-aux-beneficiaires","status":"publish","type":"post","link":"https:\/\/linitiative.ca\/International\/aide-a-la-filiere-metiers-du-livre-des-livres-aux-beneficiaires\/","title":{"rendered":"\u00ab\u00a0Aide \u00e0 la fili\u00e8re m\u00e9tiers du livre\u00a0\u00bb: Des livres aux b\u00e9n\u00e9ficiaires"},"content":{"rendered":"<div readability=\"38\">\n<p>Marrakech \u2013 Une c\u00e9r\u00e9monie de remise des livres aux premiers b\u00e9n\u00e9ficiaires de l\u2019op\u00e9ration \u00ab\u00a0Aide \u00e0 la fili\u00e8re m\u00e9tiers du livre\u00a0\u00bb, initi\u00e9e par le Service de coop\u00e9ration et d\u2019action Culturelle pr\u00e8s l\u2019ambassade de France et l\u2019Institut Fran\u00e7ais (IF) du Maroc, a \u00e9t\u00e9 organis\u00e9e, samedi \u00e0 Marrakech.<\/p>\n<\/div>\n<div readability=\"79\">\n<p>Organis\u00e9e par l\u2019IF du Maroc, en partenariat avec la \u00ab\u00a0Librairie Papeterie Gu\u00e9liz\u00a0\u00bb, cette c\u00e9r\u00e9monie a \u00e9t\u00e9 rehauss\u00e9e par la pr\u00e9sence du Consul g\u00e9n\u00e9ral de France \u00e0 Marrakech, M. Philippe Casenave, du Directeur de l\u2019IF dans la cit\u00e9 ocre, M. Christophe Chaillot, et des responsables de ladite librairie, indique un communiqu\u00e9 des organisateurs.<\/p>\n<p>Parmi les b\u00e9n\u00e9ficiaires, figurent l\u2019Association des parents d\u2019\u00e9l\u00e8ves du Lyc\u00e9e Farahidi, l\u2019Association des parents d\u2019\u00e9l\u00e8ves de l\u2019\u00e9cole Ibnou Roumi, l\u2019Ecole Essahb-Tamesloht, l\u2019Association des parents d\u2019\u00e9l\u00e8ves de l\u2019\u00e9cole Ibnou Hazm, l\u2019Association des parents d\u2019\u00e9l\u00e8ves de l\u2019\u00e9cole Abdelkrim Khattabi, l\u2019Association de soutien au Groupe des \u00e9coles de Douar Belaaguid, l\u2019Association\u00a0Espoir pour les personnes \u00e0 besoins sp\u00e9cifiques (R\u00e9gion de F\u00e8s), l\u2019Association Chams pour le d\u00e9veloppement de la femme et de l\u2019enfant, l\u2019Association l\u2019Orphelin, l\u2019Association Jeunesse marocaine pour la citoyennet\u00e9.<\/p>\n<p>La m\u00eame source note que dans la cadre de l\u2019op\u00e9ration \u00ab\u00a0Aide \u00e0 la fili\u00e8re m\u00e9tiers du livre\u00a0\u00bb, le Service de Coop\u00e9ration et d\u2019Action Culturelle pr\u00e8s l\u2019Ambassade de France et l\u2019IF du Maroc proposent un soutien financier aux librairies ind\u00e9pendantes francophones dans le Royaume pour les aider \u00e0 faire face \u00e0 la crise sanitaire.<\/p>\n<p>Suite \u00e0 une commission de s\u00e9lection, la \u00ab\u00a0Librairie Papeterie Gu\u00e9liz\u00a0\u00bb \u00e0 Marrakech, la \u00ab\u00a0Librairie les Insolites \u00e0 Tanger\u00a0\u00bb et \u00ab\u00a0Al Moggar Livres\u00a0\u00bb \u00e0 Agadir\u00a0recevront chacune un fonds de 100.000 DH, qui \u00e9quivaut \u00e0 une commande de nombreux lots de livres, redistribu\u00e9s \u00e0 des associations, structures ou particuliers, souligne le communiqu\u00e9.<\/p>\n<p>Ainsi, les b\u00e9n\u00e9ficiaires ont \u00e9t\u00e9 identifi\u00e9s dans chaque ville par les trois librairies s\u00e9lectionn\u00e9es, pr\u00e9cise-t-on de m\u00eame source.<\/p>\n<\/div>\n<p>Auteur: Meriem IGASS<br \/>\n<a href=\"http:\/\/www.mapmarrakech.ma\/fr\/des-livres-beneficiaires-de-loperation-aide-a-la-filiere-metiers-du-livre\/\">Cliquez ici pour lire l&rsquo;article depuis sa source.<\/a><\/p>\n","protected":false},"excerpt":{"rendered":"<p>Marrakech \u2013 Une c\u00e9r\u00e9monie de remise des livres aux premiers b\u00e9n\u00e9ficiaires de l\u2019op\u00e9ration \u00ab\u00a0Aide \u00e0 la fili\u00e8re m\u00e9tiers du livre\u00a0\u00bb, initi\u00e9e par le Service de coop\u00e9ration et d\u2019action Culturelle pr\u00e8s l\u2019ambassade de France et l\u2019Institut Fran\u00e7ais (IF) du Maroc, a \u00e9t\u00e9 organis\u00e9e, samedi \u00e0 Marrakech. Organis\u00e9e par l\u2019IF du Maroc, en partenariat avec la \u00ab\u00a0Librairie [&hellip;]<\/p>\n","protected":false},"author":1788,"featured_media":0,"comment_status":"closed","ping_status":"closed","sticky":false,"template":"","format":"standard","meta":{"fifu_image_url":"","fifu_image_alt":"","footnotes":""},"categories":[54,76],"tags":[],"class_list":["post-109874","post","type-post","status-publish","format-standard","hentry","category-maroc","category-regions"],"_links":{"self":[{"href":"https:\/\/linitiative.ca\/International\/wp-json\/wp\/v2\/posts\/109874","targetHints":{"allow":["GET"]}}],"collection":[{"href":"https:\/\/linitiative.ca\/International\/wp-json\/wp\/v2\/posts"}],"about":[{"href":"https:\/\/linitiative.ca\/International\/wp-json\/wp\/v2\/types\/post"}],"author":[{"embeddable":true,"href":"https:\/\/linitiative.ca\/International\/wp-json\/wp\/v2\/users\/1788"}],"replies":[{"embeddable":true,"href":"https:\/\/linitiative.ca\/International\/wp-json\/wp\/v2\/comments?post=109874"}],"version-history":[{"count":0,"href":"https:\/\/linitiative.ca\/International\/wp-json\/wp\/v2\/posts\/109874\/revisions"}],"wp:attachment":[{"href":"https:\/\/linitiative.ca\/International\/wp-json\/wp\/v2\/media?parent=109874"}],"wp:term":[{"taxonomy":"category","embeddable":true,"href":"https:\/\/linitiative.ca\/International\/wp-json\/wp\/v2\/categories?post=109874"},{"taxonomy":"post_tag","embeddable":true,"href":"https:\/\/linitiative.ca\/International\/wp-json\/wp\/v2\/tags?post=109874"}],"curies":[{"name":"wp","href":"https:\/\/api.w.org\/{rel}","templated":true}]}}