{"id":109876,"date":"2021-01-23T14:28:46","date_gmt":"2021-01-23T19:28:46","guid":{"rendered":"https:\/\/linitiative.ca\/International\/decouverte-des-plus-anciennes-gravures-rupestres-de-lafrique-du-nord\/"},"modified":"2021-01-23T14:28:46","modified_gmt":"2021-01-23T19:28:46","slug":"decouverte-des-plus-anciennes-gravures-rupestres-de-lafrique-du-nord","status":"publish","type":"post","link":"https:\/\/linitiative.ca\/International\/decouverte-des-plus-anciennes-gravures-rupestres-de-lafrique-du-nord\/","title":{"rendered":"D\u00e9couverte des plus anciennes gravures rupestres de l\u2019Afrique du Nord"},"content":{"rendered":"<p class=\"c4\">Des gravures rupestres, remontant \u00e0 l\u2019\u00e2ge pal\u00e9olithique et consid\u00e9r\u00e9es comme les plus anciennes en Afrique du Nord, ont \u00e9t\u00e9 d\u00e9couvertes \u00e0 la Grotte du Chameau \u00e0 Zegzel, dans la province de Berkane, a indiqu\u00e9 le D\u00e9partement de la Culture.<\/p>\n<p class=\"c4\">Il s\u2019agit de la premi\u00e8re d\u00e9couverte du genre au sein de la Grotte du Chameau \u00e0 Zegzel, situ\u00e9e sur les montagnes de B\u00e9ni Iznassen, un syst\u00e8me karstique important, inscrit comme patrimoine national depuis 1953 pour sa valeur g\u00e9ologique et exploratoire.<\/p>\n<p class=\"c4\">Cette d\u00e9couverte s\u2019inscrit dans le cadre d\u2019une convention scientifique entre l\u2019Institut national des sciences de l\u2019arch\u00e9ologie et du patrimoine (INSAP) et l\u2019Universit\u00e9 Mohammed 1er d\u2019Oujda sur un projet de recherche et de coop\u00e9ration internationale sur \u00ab\u00a0les communaut\u00e9s humaines de la pr\u00e9histoire dans l\u2019Oriental\u00a0\u00bb, a pr\u00e9cis\u00e9 le D\u00e9partement sur son site \u00e9lectronique.<\/p>\n<p class=\"c4\">Cette d\u00e9couverte a \u00e9t\u00e9 r\u00e9alis\u00e9e par des professeurs chercheurs \u00e0 des universit\u00e9s et instituts marocains et espagnols sous la supervision du professeur El Hassan Aouragh de l\u2019Universit\u00e9 Mohammed 1er d\u2019Oujda et du chercheur Ram\u00f3n Vinas de l\u2019Institut de pal\u00e9o\u00e9cologie et de l\u2019\u00e9volution sociale \u00e0 Tarragone, en Espagne, et avec la participation du professeur Abdelhadi Ewague de l\u2019Universit\u00e9 Chouaib Doukkali et la professeure Aicha Ouj\u00e2a de l\u2019INSAP.<\/p>\n<p class=\"c4\">Ces gravures, les plus anciennes d\u00e9couvertes dans les grottes de l\u2019Afrique du Nord, remontent \u00e0 environ 12.000 ans, correspondant \u00e0 la derni\u00e8re p\u00e9riode glaciaire dont les effets ont atteint le nord du Maroc aussi, d\u2019apr\u00e8s la m\u00eame source.<\/p>\n<p class=\"c4\">Cette nouvelle d\u00e9couverte dans l\u2019Oriental s\u2019ajoute \u00e0 d\u2019autres dans la m\u00eame r\u00e9gion qui auront un impact positif sur le d\u00e9veloppement durable, fait savoir le d\u00e9partement.<\/p>\n<p>Auteur: Soufiane ELAHMAR<br \/>\n<a href=\"http:\/\/www.mapoujda.ma\/fr\/decouverte-des-plus-anciennes-gravures-rupestres-de-lafrique-du-nord\/\">Cliquez ici pour lire l&rsquo;article depuis sa source.<\/a><\/p>\n","protected":false},"excerpt":{"rendered":"<p>Des gravures rupestres, remontant \u00e0 l\u2019\u00e2ge pal\u00e9olithique et consid\u00e9r\u00e9es comme les plus anciennes en Afrique du Nord, ont \u00e9t\u00e9 d\u00e9couvertes \u00e0 la Grotte du Chameau \u00e0 Zegzel, dans la province de Berkane, a indiqu\u00e9 le D\u00e9partement de la Culture. Il s\u2019agit de la premi\u00e8re d\u00e9couverte du genre au sein de la Grotte du Chameau \u00e0 [&hellip;]<\/p>\n","protected":false},"author":1788,"featured_media":0,"comment_status":"closed","ping_status":"closed","sticky":false,"template":"","format":"standard","meta":{"fifu_image_url":"","fifu_image_alt":"","footnotes":""},"categories":[54,76],"tags":[],"class_list":["post-109876","post","type-post","status-publish","format-standard","hentry","category-maroc","category-regions"],"_links":{"self":[{"href":"https:\/\/linitiative.ca\/International\/wp-json\/wp\/v2\/posts\/109876","targetHints":{"allow":["GET"]}}],"collection":[{"href":"https:\/\/linitiative.ca\/International\/wp-json\/wp\/v2\/posts"}],"about":[{"href":"https:\/\/linitiative.ca\/International\/wp-json\/wp\/v2\/types\/post"}],"author":[{"embeddable":true,"href":"https:\/\/linitiative.ca\/International\/wp-json\/wp\/v2\/users\/1788"}],"replies":[{"embeddable":true,"href":"https:\/\/linitiative.ca\/International\/wp-json\/wp\/v2\/comments?post=109876"}],"version-history":[{"count":0,"href":"https:\/\/linitiative.ca\/International\/wp-json\/wp\/v2\/posts\/109876\/revisions"}],"wp:attachment":[{"href":"https:\/\/linitiative.ca\/International\/wp-json\/wp\/v2\/media?parent=109876"}],"wp:term":[{"taxonomy":"category","embeddable":true,"href":"https:\/\/linitiative.ca\/International\/wp-json\/wp\/v2\/categories?post=109876"},{"taxonomy":"post_tag","embeddable":true,"href":"https:\/\/linitiative.ca\/International\/wp-json\/wp\/v2\/tags?post=109876"}],"curies":[{"name":"wp","href":"https:\/\/api.w.org\/{rel}","templated":true}]}}