{"id":109878,"date":"2021-01-24T10:05:34","date_gmt":"2021-01-24T15:05:34","guid":{"rendered":"https:\/\/linitiative.ca\/International\/arret-de-la-diffusion-des-cours-sur-les-chaines-tv-a-partir-de-lundi\/"},"modified":"2021-01-24T10:05:34","modified_gmt":"2021-01-24T15:05:34","slug":"arret-de-la-diffusion-des-cours-sur-les-chaines-tv-a-partir-de-lundi","status":"publish","type":"post","link":"https:\/\/linitiative.ca\/International\/arret-de-la-diffusion-des-cours-sur-les-chaines-tv-a-partir-de-lundi\/","title":{"rendered":"Arr\u00eat de la diffusion des cours sur les chaines TV \u00e0 partir de lundi"},"content":{"rendered":"<div class=\"single-featured\"><img alt=\"\" data-src=\"http:\/\/www.mapoujda.ma\/map\/uploads\/2021\/01\/Des-courst-&#xE0;-distance-M750&#xD7;430-MAP.jpeg\"\/><\/div>\n<div class=\"entry-content clearfix single-post-content\" readability=\"61\">\n<p class=\"c4\">La diffusion des cours destin\u00e9s \u00e0 tous les niveaux scolaires sera suspendue \u00e0 partir de lundi 25 janvier, \u00e0 l\u2019occasion des vacances de la mi-ann\u00e9e scolaire, et reprendra le 1er f\u00e9vrier, a annonc\u00e9 le minist\u00e8re de l\u2019\u00c9ducation nationale, de la formation professionnelle, de l\u2019enseignement sup\u00e9rieur et de la recherche scientifique.<\/p>\n<p class=\"c4\">\u00ab\u00a0A l\u2019occasion des vacances de la mi-ann\u00e9e scolaire qui s\u2019\u00e9talent du dimanche 24 janvier d\u00e9cembre au dimanche 31 janvier, la diffusion des cours enregistr\u00e9s destin\u00e9s \u00e0 tous les niveaux scolaires via les chaines TV Athaqafia, La\u00e2youne et Amazighia sera suspendue afin de permettre aux \u00e9l\u00e8ves de se reposer et de renouveler leur activit\u00e9 mentale et physique\u00a0\u00bb, indique dimanche un communiqu\u00e9 du minist\u00e8re.<\/p>\n<p class=\"c4\">A cet effet, le minist\u00e8re a salu\u00e9 le grand effort d\u00e9ploy\u00e9 par les cadres p\u00e9dagogiques, administratifs et techniques et l\u2019instance d\u2019inspection pour permettre aux apprenants de suivre leurs cours \u00e0 distance, tout comme leurs coll\u00e8gues qui b\u00e9n\u00e9ficient de l\u2019enseignement en pr\u00e9sentiel, mettant en avant l\u2019implication responsable des familles dans l\u2019encadrement et l\u2019accompagnement de leurs enfants dans ce processus.<\/p>\n<p class=\"c4\">Il a \u00e9galement appel\u00e9 l\u2019ensemble des \u00e9l\u00e8ves et des cadres p\u00e9dagogiques \u00e0 respecter les mesures adopt\u00e9es par les autorit\u00e9s comp\u00e9tentes pour endiguer la propagation de la pand\u00e9mie de la Covid-19.<\/p>\n<\/div>\n<p>Auteur: Soufiane ELAHMAR<br \/>\n<a href=\"http:\/\/www.mapoujda.ma\/fr\/arret-de-la-diffusion-des-cours-sur-les-chaines-tv-a-partir-de-lundi\/\">Cliquez ici pour lire l&rsquo;article depuis sa source.<\/a><\/p>\n","protected":false},"excerpt":{"rendered":"<p>La diffusion des cours destin\u00e9s \u00e0 tous les niveaux scolaires sera suspendue \u00e0 partir de lundi 25 janvier, \u00e0 l\u2019occasion des vacances de la mi-ann\u00e9e scolaire, et reprendra le 1er f\u00e9vrier, a annonc\u00e9 le minist\u00e8re de l\u2019\u00c9ducation nationale, de la formation professionnelle, de l\u2019enseignement sup\u00e9rieur et de la recherche scientifique. \u00ab\u00a0A l\u2019occasion des vacances de [&hellip;]<\/p>\n","protected":false},"author":1788,"featured_media":0,"comment_status":"closed","ping_status":"closed","sticky":false,"template":"","format":"standard","meta":{"fifu_image_url":"http:\/\/www.mapoujda.ma\/map\/uploads\/2021\/01\/Des-courst-\u00e0-distance-M750\u00d7430-MAP.jpeg","fifu_image_alt":"Arr\u00eat de la diffusion des cours sur les chaines TV \u00e0 partir de lundi","footnotes":""},"categories":[54,76],"tags":[],"class_list":["post-109878","post","type-post","status-publish","format-standard","hentry","category-maroc","category-regions"],"_links":{"self":[{"href":"https:\/\/linitiative.ca\/International\/wp-json\/wp\/v2\/posts\/109878","targetHints":{"allow":["GET"]}}],"collection":[{"href":"https:\/\/linitiative.ca\/International\/wp-json\/wp\/v2\/posts"}],"about":[{"href":"https:\/\/linitiative.ca\/International\/wp-json\/wp\/v2\/types\/post"}],"author":[{"embeddable":true,"href":"https:\/\/linitiative.ca\/International\/wp-json\/wp\/v2\/users\/1788"}],"replies":[{"embeddable":true,"href":"https:\/\/linitiative.ca\/International\/wp-json\/wp\/v2\/comments?post=109878"}],"version-history":[{"count":0,"href":"https:\/\/linitiative.ca\/International\/wp-json\/wp\/v2\/posts\/109878\/revisions"}],"wp:attachment":[{"href":"https:\/\/linitiative.ca\/International\/wp-json\/wp\/v2\/media?parent=109878"}],"wp:term":[{"taxonomy":"category","embeddable":true,"href":"https:\/\/linitiative.ca\/International\/wp-json\/wp\/v2\/categories?post=109878"},{"taxonomy":"post_tag","embeddable":true,"href":"https:\/\/linitiative.ca\/International\/wp-json\/wp\/v2\/tags?post=109878"}],"curies":[{"name":"wp","href":"https:\/\/api.w.org\/{rel}","templated":true}]}}