{"id":109882,"date":"2021-01-24T07:10:56","date_gmt":"2021-01-24T12:10:56","guid":{"rendered":"https:\/\/linitiative.ca\/International\/la-continuite-dans-un-esprit-de-changement\/"},"modified":"2021-01-24T07:10:56","modified_gmt":"2021-01-24T12:10:56","slug":"la-continuite-dans-un-esprit-de-changement","status":"publish","type":"post","link":"https:\/\/linitiative.ca\/International\/la-continuite-dans-un-esprit-de-changement\/","title":{"rendered":"La continuit\u00e9 dans un esprit de changement"},"content":{"rendered":"<p class=\"p1 c3\"><span class=\"c2\"><strong>Le Temps-Lotfi Ben KHALIFA<\/strong><\/span><\/p>\n<p class=\"p1 c3\"><span class=\"c2\">Apr\u00e8s l\u2019annonce des noms des artistes retenus qui participeront aux diff\u00e9rentes comp\u00e9titions de la 20\u00e8 \u00e9dition du festival de la chanson tunisienne, nous remarquons que beaucoup parmi eux y reviennent. Leur <span class=\"Apple-converted-space\">\u00a0<\/span> retour vient parall\u00e8lement \u00e0 celui du festival lui-m\u00eame qui renait apr\u00e8s treize ann\u00e9es d\u2019absence. D\u2019autres artistes viennent confirmer leur talent reconnu pr\u00e9cocement, ou apr\u00e8s des ann\u00e9es d\u2019attente et de dur labeur.<\/span><\/p>\n<p class=\"p1 c4\"><span class=\"c2\">Dans la cat\u00e9gorie de la libre cr\u00e9ativit\u00e9 dans la chanson, il s\u2019agit de Raoudha Abdallah, d\u00e9couverte aux Journ\u00e9es musicales de Carthage (JMC) et d\u2019Ahmed <span class=\"Apple-converted-space\">\u00a0<\/span> Mejri, un artiste singulier qui arrange et cr\u00e9e dans l\u2019Afro- Jazz et le Reggae, d\u00e9couvert dans le m\u00e9ga-spectacle \u00ab Noujoum \u00bb de Fadhel Jaziri et Samir Agrebi. Et dans l\u2019autre volet de cette cat\u00e9gorie, \u00e0 savoir les pi\u00e8ces instrumentales, il s\u2019agit de Mondher Barkous. Pour ce qui est de la chanson engag\u00e9e, il s\u2019agit de B\u00e9chir Lakkani et de la m\u00eame Raoudha Abdallah. Dans la cat\u00e9gorie de la chanson instrumentale et de vari\u00e9t\u00e9, ce sont : Ahmed Reba\u00ef, Foued Becheikh, Chokri Omar Hannachi, Nabil Boudhina, Rihab Seghaier et Monjia Sfaxi. Un floril\u00e8ge d\u2019artistes avec d\u2019autres encore, qui, feront peut-\u00eatre parler d\u2019eux.<span class=\"Apple-converted-space\">\u00a0 \u00a0<\/span><\/span><\/p>\n<p class=\"p2 c5\"><span class=\"c2\"><strong>Du pr\u00e9sent au pass\u00e9<\/strong><\/span><\/p>\n<p class=\"p1 c4\"><span class=\"c2\">Dans les nouveaux choix du nouveau comit\u00e9 directeur du festival de la chanson tunisienne, le champ de la cr\u00e9ation devient plus ouvert, plus diversifi\u00e9 et mieux organis\u00e9 au niveau des diff\u00e9rentes comp\u00e9titions propos\u00e9es. Des formules, qui appartenaient \u00e0 l\u2019ancien festival Saliha, ont \u00e9t\u00e9 reprises o\u00f9 la cr\u00e9ation et la cr\u00e9ativit\u00e9 \u00e9taient de mise, mais uniquement dans les modes tunisiens. Et l\u00e0, nous avions eu droit \u00e0 des petits chefs-d\u2019\u0153uvre, \u00e0 l\u2019instar de : \u00ab La\u00efatini b\u2019chid el hawa \u00bb chant\u00e9e par N\u00e2ama sur une composition de Kh\u00e9mais Tarn\u00e8ne et des paroles de Tahar Kassar. Cette chanson avait remport\u00e9 en 1960 le premier prix de ce festival. Dans ce m\u00eame contexte, la chanson : \u00ab Bin el outar werrah \u00bb sur des paroles de \u00ab Chiheb \u00bb, alias Si Abderrahmane Ennaifer, notre ancien professeur d\u2019\u00e9ducation religieuse au Lyc\u00e9e Alaoui et sur une composition de Chedly Anouar, avec une interpr\u00e9tation tr\u00e8s touchante et impeccable de N\u00e2ama, avait remport\u00e9 le premier prix du festival Saliha en 1965. Dans sa nouvelle version de la fin des ann\u00e9es 80, le festival, devenu celui de la chanson tunisienne, \u00e9tait ax\u00e9 sur les nouvelles cr\u00e9ations interpr\u00e9t\u00e9es par des voix connues, peu connues, ou prou et sur le concours de chant d\u2019\u0153uvres typiquement tunisiennes. Un concours disparu aujourd\u2019hui pour on ne sait quelle raison. Il permettait de d\u00e9couvrir de nouvelles voix qui feraient peut-\u00eatre du chemin. Plusieurs nouveaux interpr\u00e8tes \u00e9taient n\u00e9s, comme Sonia Mbarek, Fai\u00e7al Rejiba, Chedly Hajji, Moncef Abla\u2026Et la liste est encore longue. Car le festival de la chanson tunisienne avait co\u00efncid\u00e9 avec l\u2019\u00e9closion, sinon l\u2019\u00e9clatement de nouveaux compositeurs, \u00e0 l\u2019image d\u2019Abdelkrim Shabou, Naceur Sammoud, Mohamed Allem, Abderrahmane Ayadi, Mohamed Mejri, Abdelhakim Belgaied, Rachid Yedaas, Samir Agrebi, Mohamed Salah Harakati\u2026Et on en oublie. Et du c\u00f4t\u00e9 des po\u00e8tes et autres paroliers, il y a eu Abdelhamid Rebii, Mahmoud Ben Saber, Habib Mahnouch, Hatem Guizani, B\u00e9chir Lakkani, Abdessamad Korchid, Slaheddine Sassi, Hamadi Dridi, Hmida Jarray\u2026<span class=\"Apple-converted-space\">\u00a0<\/span> Apr\u00e8s douze sessions, le festival a pris une petite pause, car parfois les <span class=\"Apple-converted-space\">\u00a0<\/span> r\u00e9sultats des jurys de la s\u00e9lection et de la comp\u00e9tition ne plaisaient pas du tout \u00e0 plusieurs participants. Et il y avait eu des protestations et m\u00eame des \u00ab batailles \u00bb verbales entre les artistes participants, les jurys et les organisateurs. Le temps de r\u00e9flexion \u00e9tait n\u00e9cessaire pour revoir ce festival au niveau de sa conception pour aboutir, quelques ann\u00e9es apr\u00e8s, \u00e0 une nouvelle formule qui s\u2019ouvrait d\u2019ailleurs sur d\u2019autres genres musicaux qui existent sur la place. Ces derniers faisaient d\u00e9sormais partie des diff\u00e9rentes comp\u00e9titions. Dans son actuelle \u00e9dition, le festival a innov\u00e9 afin d\u2019\u00e9viter le copinage, dans la mesure o\u00f9 chacun des membres des jurys a re\u00e7u les \u0153uvres en lice \u00e0 titre personnel, sans m\u00eame conna\u00eetre les autres membres de son jury. Une belle trouvaille ? qui, nous l\u2019esp\u00e9rons donnera ses fruits.<\/span><\/p>\n<p class=\"p1 c3\">\u00a0<\/p>\n<p class=\"p3 c6\"><span class=\"c2\"><strong>L.B.K<\/strong><\/span><\/p>\n<p>Auteur: letemps1<br \/>\n<a href=\"http:\/\/www.letemps.com.tn\/article\/119012\/la-continuit%C3%A9-dans-un-esprit-de-changement\">Cliquez ici pour lire l&rsquo;article depuis sa source.<\/a><\/p>\n","protected":false},"excerpt":{"rendered":"<p>Le Temps-Lotfi Ben KHALIFA Apr\u00e8s l\u2019annonce des noms des artistes retenus qui participeront aux diff\u00e9rentes comp\u00e9titions de la 20\u00e8 \u00e9dition du festival de la chanson tunisienne, nous remarquons que beaucoup parmi eux y reviennent. Leur \u00a0 retour vient parall\u00e8lement \u00e0 celui du festival lui-m\u00eame qui renait apr\u00e8s treize ann\u00e9es d\u2019absence. D\u2019autres artistes viennent confirmer leur [&hellip;]<\/p>\n","protected":false},"author":1773,"featured_media":0,"comment_status":"closed","ping_status":"closed","sticky":false,"template":"","format":"standard","meta":{"fifu_image_url":"","fifu_image_alt":"","footnotes":""},"categories":[73,55],"tags":[],"class_list":["post-109882","post","type-post","status-publish","format-standard","hentry","category-actualite","category-tunisie"],"_links":{"self":[{"href":"https:\/\/linitiative.ca\/International\/wp-json\/wp\/v2\/posts\/109882","targetHints":{"allow":["GET"]}}],"collection":[{"href":"https:\/\/linitiative.ca\/International\/wp-json\/wp\/v2\/posts"}],"about":[{"href":"https:\/\/linitiative.ca\/International\/wp-json\/wp\/v2\/types\/post"}],"author":[{"embeddable":true,"href":"https:\/\/linitiative.ca\/International\/wp-json\/wp\/v2\/users\/1773"}],"replies":[{"embeddable":true,"href":"https:\/\/linitiative.ca\/International\/wp-json\/wp\/v2\/comments?post=109882"}],"version-history":[{"count":0,"href":"https:\/\/linitiative.ca\/International\/wp-json\/wp\/v2\/posts\/109882\/revisions"}],"wp:attachment":[{"href":"https:\/\/linitiative.ca\/International\/wp-json\/wp\/v2\/media?parent=109882"}],"wp:term":[{"taxonomy":"category","embeddable":true,"href":"https:\/\/linitiative.ca\/International\/wp-json\/wp\/v2\/categories?post=109882"},{"taxonomy":"post_tag","embeddable":true,"href":"https:\/\/linitiative.ca\/International\/wp-json\/wp\/v2\/tags?post=109882"}],"curies":[{"name":"wp","href":"https:\/\/api.w.org\/{rel}","templated":true}]}}