{"id":109886,"date":"2021-01-24T15:14:52","date_gmt":"2021-01-24T20:14:52","guid":{"rendered":"https:\/\/linitiative.ca\/International\/pros-metz-antonetti-farid-boulaya-devient-un-joueur-de-haut-niveau\/"},"modified":"2021-01-24T15:14:52","modified_gmt":"2021-01-24T20:14:52","slug":"pros-metz-antonetti-farid-boulaya-devient-un-joueur-de-haut-niveau","status":"publish","type":"post","link":"https:\/\/linitiative.ca\/International\/pros-metz-antonetti-farid-boulaya-devient-un-joueur-de-haut-niveau\/","title":{"rendered":"Pros : Metz &#8211; Antonetti : \u00ab\u00a0Farid Boulaya devient un joueur de haut niveau\u00a0\u00bb"},"content":{"rendered":"<div readability=\"32\">\n<p>Auteur : <span class=\"time\">dimanche 24 janvier 2021 19:25<\/span><\/p>\n<\/div>\n<div id=\"post_core\" readability=\"46\">\n<p>Farid Boulaya est dans la forme dans sa vie. Longtemps intermittent, il est devenu le premier r\u00f4le de l\u2019\u00e9quipe de Fr\u00e9d\u00e9ric Antonetti, en \u00e9tant d\u00e9sormais impliqu\u00e9 sur huit buts dans ce championnat 2020\/2021 (4 buts et 4 passes d\u00e9cisives). L&rsquo;international alg\u00e9rien a d\u2019abord offert un nouveau caviar \u00e0 Aaron Leya Iseka avant de terminer le travail tout seul comme un grand au bout du temps additionnel d\u2019une frappe limpide au premier poteau (2-0, 94eme).<\/p>\n<p>A l&rsquo;issue de la rencontre, l&rsquo;entraineur messin\u00a0Fr\u00e9d\u00e9ric Antonetti n&rsquo;a pas manqu\u00e9 de complimenter son joueur :<\/p>\n<p>\u00ab\u00a0Farid Boulaya devient un joueur de haut niveau. Je pense qu&rsquo;il a encore une petite marge de progression. Mais au milieu de terrain, il fait des choses qui sortent de l&rsquo;ordinaire\u00a0\u00bb.<\/p>\n<p><strong>Publi\u00e9 dans :<\/strong> <span>Metz<\/span><\/p>\n<\/div>\n<p>Auteur:<br \/>\n<a href=\"http:\/\/www.lebuteur.com\/article\/detail?titre=metz-antonetti-farid-boulaya-devient-un-joueur-de-haut-niveau&#038;id=98830&#038;utm_source=feedburner&#038;utm_medium=feed&#038;utm_campaign=Feed%3A+GalerieFArtciles+%28Les+derniers+articles++-+lebuteur.com%29\">Cliquez ici pour lire l&rsquo;article depuis sa source.<\/a><\/p>\n","protected":false},"excerpt":{"rendered":"<p>Auteur : dimanche 24 janvier 2021 19:25 Farid Boulaya est dans la forme dans sa vie. Longtemps intermittent, il est devenu le premier r\u00f4le de l\u2019\u00e9quipe de Fr\u00e9d\u00e9ric Antonetti, en \u00e9tant d\u00e9sormais impliqu\u00e9 sur huit buts dans ce championnat 2020\/2021 (4 buts et 4 passes d\u00e9cisives). L&rsquo;international alg\u00e9rien a d\u2019abord offert un nouveau caviar \u00e0 [&hellip;]<\/p>\n","protected":false},"author":1738,"featured_media":0,"comment_status":"closed","ping_status":"closed","sticky":false,"template":"","format":"standard","meta":{"fifu_image_url":"\/\/cdn.lebuteur.com\/data\/images\/article\/thumbs\/large-metz-antonetti-farid-boulaya-devient-un-joueur-de-haut-niveau-52257.png","fifu_image_alt":"Pros : Metz - Antonetti : \"Farid Boulaya devient un joueur de haut niveau\"","footnotes":""},"categories":[53,75],"tags":[],"class_list":["post-109886","post","type-post","status-publish","format-standard","hentry","category-algerie","category-sport"],"_links":{"self":[{"href":"https:\/\/linitiative.ca\/International\/wp-json\/wp\/v2\/posts\/109886","targetHints":{"allow":["GET"]}}],"collection":[{"href":"https:\/\/linitiative.ca\/International\/wp-json\/wp\/v2\/posts"}],"about":[{"href":"https:\/\/linitiative.ca\/International\/wp-json\/wp\/v2\/types\/post"}],"author":[{"embeddable":true,"href":"https:\/\/linitiative.ca\/International\/wp-json\/wp\/v2\/users\/1738"}],"replies":[{"embeddable":true,"href":"https:\/\/linitiative.ca\/International\/wp-json\/wp\/v2\/comments?post=109886"}],"version-history":[{"count":0,"href":"https:\/\/linitiative.ca\/International\/wp-json\/wp\/v2\/posts\/109886\/revisions"}],"wp:attachment":[{"href":"https:\/\/linitiative.ca\/International\/wp-json\/wp\/v2\/media?parent=109886"}],"wp:term":[{"taxonomy":"category","embeddable":true,"href":"https:\/\/linitiative.ca\/International\/wp-json\/wp\/v2\/categories?post=109886"},{"taxonomy":"post_tag","embeddable":true,"href":"https:\/\/linitiative.ca\/International\/wp-json\/wp\/v2\/tags?post=109886"}],"curies":[{"name":"wp","href":"https:\/\/api.w.org\/{rel}","templated":true}]}}