{"id":109888,"date":"2021-01-24T15:14:57","date_gmt":"2021-01-24T20:14:57","guid":{"rendered":"https:\/\/linitiative.ca\/International\/pros-algerie-1-tunisie-1-les-mots-tres-touchants-de-belmadi-pour-les-u17\/"},"modified":"2021-01-24T15:14:57","modified_gmt":"2021-01-24T20:14:57","slug":"pros-algerie-1-tunisie-1-les-mots-tres-touchants-de-belmadi-pour-les-u17","status":"publish","type":"post","link":"https:\/\/linitiative.ca\/International\/pros-algerie-1-tunisie-1-les-mots-tres-touchants-de-belmadi-pour-les-u17\/","title":{"rendered":"Pros : Alg\u00e9rie 1 -Tunisie 1: Les mots tr\u00e8s touchants de Belmadi pour les U17"},"content":{"rendered":"<div readability=\"32\">\n<p>Auteur : <span>Moumen A.<\/span> <span class=\"time\">dimanche 24 janvier 2021 20:39<\/span><\/p>\n<\/div>\n<div id=\"post_core\" readability=\"55\">\n<p><strong>Belmadi\u00a0:\u00a0\u00ab\u00a0F\u00e9licitons au coach et aux joueurs, Ils ont jou\u00e9 avec le c\u0153ur et la fiert\u00e9\u00a0\u00bb<\/strong><\/p>\n<p>Pr\u00e9sent comme pr\u00e9vu au stade du 5-Juillet pour encourager la s\u00e9lection des U17 dans son match contre la Tunisie, le s\u00e9lectionneur national Djamel Belmadi a bien voulu commenter cette qualification des Verts\u00a0 \u00e0 la prochaine CAN 2021 pr\u00e9vue au Maroc le mois de mars prochain \u00ab\u00a0F\u00e9licitations \u00ab\u00a0Mebrouk 3lina\u00a0\u00bb, je f\u00e9licite les joueurs et le staff technique pour le travail accompli. Avec le peu de temps qu\u2019ils sont eu pour se pr\u00e9parer, l\u2019\u00e9l\u00e9ment le plus important \u00e9tait d\u2019avoir eu cet \u00e9tat d\u2019esprit d\u2019\u00e9quipe, c\u2019est ce qu\u2019ils ont montr\u00e9\u00a0 ces jeunes adultes. Ils ont jou\u00e9 avec beaucoup de c\u0153ur, avec surtout\u00a0 la fiert\u00e9 de repr\u00e9senter leur pays donc tr\u00e8s content pour eux\u00a0\u00bb<\/p>\n<p><strong>\u00ab\u00a0Qu\u2019ils viennent de France ou d\u2019ailleurs, l\u2019essentiel est que l\u2019Alg\u00e9rie gagne\u00a0\u00bb<\/strong><\/p>\n<p>\u00ab\u00a0 Ce qu\u2019Il faut retenir c\u2019est que c\u2019est l\u2019Alg\u00e9rie qui a gagn\u00e9 tout simplement. Qu\u2019ils viennent de France ou d\u2019ailleurs, ce sont tous des alg\u00e9riens avant tout. C\u2019est un sujet qu\u2019on ne veut plus mettre en avant, aujourd\u2019hui c\u2019est l\u2019Equipe nationale d\u2019Alg\u00e9rie qui a gagn\u00e9. On a vu qu\u2019ils \u00e9taient\u00a0 tr\u00e8s investis et heureux. C\u2019est des choses qui font vraiment plaisir\u00a0\u00bb<\/p>\n<p><strong>Moumen<\/strong> A.<\/p>\n<p><strong>Publi\u00e9 dans :<\/strong> <span>djamel belmadi<\/span><\/p>\n<\/div>\n<p>Auteur:<br \/>\n<a href=\"http:\/\/www.lebuteur.com\/article\/detail?titre=algerie-1-tunisie-1-les-mots-tres-touchants-de-belmadi-pour-les-u17&#038;id=98832&#038;utm_source=feedburner&#038;utm_medium=feed&#038;utm_campaign=Feed%3A+GalerieFArtciles+%28Les+derniers+articles++-+lebuteur.com%29\">Cliquez ici pour lire l&rsquo;article depuis sa source.<\/a><\/p>\n","protected":false},"excerpt":{"rendered":"<p>Auteur : Moumen A. dimanche 24 janvier 2021 20:39 Belmadi\u00a0:\u00a0\u00ab\u00a0F\u00e9licitons au coach et aux joueurs, Ils ont jou\u00e9 avec le c\u0153ur et la fiert\u00e9\u00a0\u00bb Pr\u00e9sent comme pr\u00e9vu au stade du 5-Juillet pour encourager la s\u00e9lection des U17 dans son match contre la Tunisie, le s\u00e9lectionneur national Djamel Belmadi a bien voulu commenter cette qualification des [&hellip;]<\/p>\n","protected":false},"author":1738,"featured_media":0,"comment_status":"closed","ping_status":"closed","sticky":false,"template":"","format":"standard","meta":{"fifu_image_url":"\/\/cdn.lebuteur.com\/data\/images\/article\/thumbs\/large-algerie-1-tunisie-1-les-mots-tres-touchants-de-belmadi-pour-les-u17-743c2.jpg","fifu_image_alt":"Pros : Alg\u00e9rie 1 -Tunisie 1: Les mots tr\u00e8s touchants de Belmadi pour les U17","footnotes":""},"categories":[53,75],"tags":[],"class_list":["post-109888","post","type-post","status-publish","format-standard","hentry","category-algerie","category-sport"],"_links":{"self":[{"href":"https:\/\/linitiative.ca\/International\/wp-json\/wp\/v2\/posts\/109888","targetHints":{"allow":["GET"]}}],"collection":[{"href":"https:\/\/linitiative.ca\/International\/wp-json\/wp\/v2\/posts"}],"about":[{"href":"https:\/\/linitiative.ca\/International\/wp-json\/wp\/v2\/types\/post"}],"author":[{"embeddable":true,"href":"https:\/\/linitiative.ca\/International\/wp-json\/wp\/v2\/users\/1738"}],"replies":[{"embeddable":true,"href":"https:\/\/linitiative.ca\/International\/wp-json\/wp\/v2\/comments?post=109888"}],"version-history":[{"count":0,"href":"https:\/\/linitiative.ca\/International\/wp-json\/wp\/v2\/posts\/109888\/revisions"}],"wp:attachment":[{"href":"https:\/\/linitiative.ca\/International\/wp-json\/wp\/v2\/media?parent=109888"}],"wp:term":[{"taxonomy":"category","embeddable":true,"href":"https:\/\/linitiative.ca\/International\/wp-json\/wp\/v2\/categories?post=109888"},{"taxonomy":"post_tag","embeddable":true,"href":"https:\/\/linitiative.ca\/International\/wp-json\/wp\/v2\/tags?post=109888"}],"curies":[{"name":"wp","href":"https:\/\/api.w.org\/{rel}","templated":true}]}}