{"id":109889,"date":"2021-01-24T04:52:32","date_gmt":"2021-01-24T09:52:32","guid":{"rendered":"https:\/\/linitiative.ca\/International\/rapport-de-benjamin-stora-sur-la-memoire-la-passion-ravivee-sur-les-deux-rives\/"},"modified":"2021-01-24T04:52:32","modified_gmt":"2021-01-24T09:52:32","slug":"rapport-de-benjamin-stora-sur-la-memoire-la-passion-ravivee-sur-les-deux-rives","status":"publish","type":"post","link":"https:\/\/linitiative.ca\/International\/rapport-de-benjamin-stora-sur-la-memoire-la-passion-ravivee-sur-les-deux-rives\/","title":{"rendered":"Rapport de Benjamin Stora sur la m\u00e9moire : La passion raviv\u00e9e sur les deux rives"},"content":{"rendered":"<h4 class=\"title-14\">HISTOIRE<\/h4>\n<div class=\"featured_image\"><img loading=\"lazy\" decoding=\"async\" width=\"1200\" height=\"560\" src=\"https:\/\/www.elwatan.com\/wp-content\/uploads\/2021\/01\/UNEEEEEEEE.gif\" class=\"attachment-post-thumbnail size-post-thumbnail wp-post-image\" alt=\"Benjamin Stora remettant son rapport \u00e0 Emanuel Macron\"\/><span class=\"featured-image-caption\">PHOTO : D. R.<\/span><\/div>\n<p class=\"p1\"><span class=\"s1\"><strong>La question m\u00e9morielle entre l\u2019Alg\u00e9rie et la France suscite toujours des r\u00e9actions de part et d\u2019autre de la M\u00e9diterran\u00e9e. Le rapport r\u00e9dig\u00e9 par l\u2019historien Benjamin Stora, au pr\u00e9sident fran\u00e7ais, Emmanuel Macron, a \u00e9t\u00e9 largement comment\u00e9 par les Alg\u00e9riens, m\u00eame si jusque-l\u00e0 les autorit\u00e9s n\u2019ont pas encore r\u00e9agi. En France, les m\u00e9dias en ont largement fait \u00e9cho.<\/strong><\/span><\/p>\n<p class=\"p1\"><span class=\"s1\"><strong>L<\/strong><\/span><span class=\"s1\">\u2019historien fran\u00e7ais, Benjamin Stora, a soumis, dans le rapport qu\u2019il a remis mercredi dernier au pr\u00e9sident fran\u00e7ais, Emmanuel Macron, une s\u00e9rie de pr\u00e9conisations en vue de r\u00e9gler la question m\u00e9morielle entre l\u2019Alg\u00e9rie et la France. N\u00e9anmoins, il n\u2019est pas question, dans ce document, pour la France de demander des \u00abexcuses\u00bb.<\/span><\/p>\n<p class=\"p1\"><span class=\"s1\"><em>\u00abOn sait que depuis plusieurs ann\u00e9es les autorit\u00e9s alg\u00e9riennes r\u00e9clament des excuses \u00e0 propos de la p\u00e9riode de la colonisation. Dans la lign\u00e9e des discours pr\u00e9sidentiels fran\u00e7ais pr\u00e9c\u00e9dents, ce geste symbolique peut \u00eatre accompli par un nouveau discours. Mais est-ce que cela sera suffisant\u00a0? N\u2019est-il pas n\u00e9cessaire d\u2019emprunter d\u2019autres chemins, de mettre en \u0153uvre une autre m\u00e9thode pour parvenir \u00e0 la r\u00e9conciliation des<\/em> <em>m\u00e9moires\u00a0?\u00bb<\/em> a \u00e9crit Stora dans son rapport.<\/span><\/p>\n<p class=\"p1\"><span class=\"s1\">C\u2019est donc l\u2019absence d\u2019une volont\u00e9, du c\u00f4t\u00e9 fran\u00e7ais, de demander des excuses qui a \u00e9t\u00e9 globalement soulign\u00e9 par beaucoup d\u2019Alg\u00e9riens, notamment au niveau des m\u00e9dias. Et c\u2019est ce qui a \u00e9t\u00e9 relev\u00e9 d\u2019ailleurs par certains m\u00e9dias fran\u00e7ais. \u00abRapport Stora sur la m\u00e9moire de la colonisation\u00a0: scepticisme \u00e0 Alger\u00bb, a titr\u00e9 <em>Le Point<\/em>.<\/span><\/p>\n<p class=\"p1\"><span class=\"s1\">La cha\u00eene France 24 a \u00e9crit: <em>\u00abExcuses, r\u00e9parations\u00a0: le rapport Stora sur l\u2019Alg\u00e9rie r\u00e9veille d\u2019\u00e9ternelles frictions.\u00bb<\/em> <em>\u00abDes critiques alg\u00e9riennes apr\u00e8s le refus de Paris de s\u2019excuser\u00bb<\/em>, a indiqu\u00e9 encore Sud Ouest. <em>La voix du Nord<\/em> a titr\u00e9\u00a0: \u00abGuerre d\u2019Alg\u00e9rie\u00a0: l\u2019Elys\u00e9e refuse les excuses mais plaide pour la reconnaissance.\u00bb<\/span><\/p>\n<p class=\"p1\"><span class=\"s1\">Bien entendu, certains, en Alg\u00e9rie, ont tent\u00e9, par contre, de mettre le doigt sur les aspects positifs de ce rapport en particulier, et de la d\u00e9marche d\u2019une mani\u00e8re g\u00e9n\u00e9rale. <em>\u00abSon apport le plus important est d\u2019ouvrir le d\u00e9bat en Alg\u00e9rie\u00bb<\/em>, a estim\u00e9 \u00e0 cet effet, dans une d\u00e9claration \u00e0 l\u2019AFP, Fouad Soufi, chercheur au Centre de recherche en anthropologie sociale et culturelle (Crasc) d\u2019Oran.<\/span><\/p>\n<p class=\"p1\"><strong><span class=\"s1\">Quid du rapport Chikhi\u00a0?<\/span><\/strong><\/p>\n<p class=\"p1\"><span class=\"s1\">Il faut noter que la principale recommandation du rapport Stora est la constitution, en France bien entendu, d\u2019une commission \u00abM\u00e9moire et V\u00e9rit\u00e9\u00bb qui sera <em>\u00abcharg\u00e9e d\u2019impulser des initiatives communes entre la France et l\u2019Alg\u00e9rie sur les questions de m\u00e9moires\u00bb<\/em>.<\/span><\/p>\n<p class=\"p1\"><span class=\"s1\">Une commission qui aura la charge de se pencher par exemple sur des <em>\u00abtravaux sur les essais nucl\u00e9aires fran\u00e7ais dans le Sahara et leurs cons\u00e9quences,<\/em> <em>ainsi que celles de la pose de mines antipersonnel durant la guerre\u00bb<\/em>, la <em>\u00abpublication d\u2019un guide des disparus alg\u00e9riens et europ\u00e9ens pendant le conflit\u00bb<\/em> ou <em>\u00abavancer sur la question des archives, avec comme objectifs le transfert de certaines archives de la France vers l\u2019Alg\u00e9rie, et d\u2019autre part permettre l\u2019acc\u00e8s aux chercheurs des deux pays aux archives fran\u00e7aises et alg\u00e9riennes ; processus plus rapide de d\u00e9classification des documents secrets\u00bb<\/em>.<\/span><\/p>\n<p class=\"p1\"><span class=\"s1\">L\u2019autre suggestion inscrite dans le rapport est celle relative aux <em>\u00abd\u00e9placements des harkis et de leurs enfants entre France et Alg\u00e9rie\u00bb<\/em>, une question qui fait \u00e9galement toujours d\u00e9bat.<\/span><\/p>\n<p class=\"p1\"><span class=\"s1\">Les autorit\u00e9s alg\u00e9riennes n\u2019ont pas encore r\u00e9agi au contenu de ce rapport. Le vis-\u00e0-vis de Stora en Alg\u00e9rie, Abdelmadjid Chikhi, nomm\u00e9 en juillet 2020, en m\u00eame temps que Benjamin Stora et cens\u00e9 travailler avec lui, n\u2019a pas encore remis son rapport. Il devrait probablement attendre le retour au pays du pr\u00e9sident de la R\u00e9publique, Abdelmadjid Tebboune, qui se trouve en Allemagne pour des soins.<\/span><\/p>\n<p class=\"p1\"><span class=\"s1\">L\u2019Alg\u00e9rie va-t-elle avancer sur ce dossier relatif aux questions m\u00e9morielles, avec la partie fran\u00e7aise, en l\u2019absence d\u2019\u00abexcuses\u00bb\u00a0? En tout cas, le travail fait par Chikhi va certainement apporter des \u00e9l\u00e9ments de r\u00e9ponse quant \u00e0 la d\u00e9marche des autorit\u00e9s par rapport \u00e0 ces questions, et surtout sur l\u2019attitude qui sera adopt\u00e9e.<\/span><\/p>\n<p class=\"p1\"><span class=\"s1\">Le sujet, d\u00e9licat, doit \u00eatre trait\u00e9 loin de toute <em>\u00abcrispation politique et de l\u2019exploitation politicienne\u00bb,<\/em> comme l\u2019avait estim\u00e9 le chef de l\u2019Etat au mois de juillet dernier.<\/span><\/p>\n<p><span class=\"post-views-label\">Post Views:<\/span> <span class=\"post-views-count\">2\u00a0315<\/span><\/p>\n<p><br class=\"c2\"\/><\/p>\n<div class=\"ichhar-moneytagnative c5\" id=\"ichhar-1394118885\">\n<p>Advertisements<\/p>\n<\/div>\n<p><br class=\"c2\"\/><br class=\"c6\"\/><\/p>\n<p>Auteur: Anis Khecheba<br \/>\n<a href=\"https:\/\/www.elwatan.com\/a-la-une\/la-passion-ravivee-sur-les-deux-rives-24-01-2021\">Cliquez ici pour lire l&rsquo;article depuis sa source.<\/a><\/p>\n","protected":false},"excerpt":{"rendered":"<p>HISTOIRE PHOTO : D. R. La question m\u00e9morielle entre l\u2019Alg\u00e9rie et la France suscite toujours des r\u00e9actions de part et d\u2019autre de la M\u00e9diterran\u00e9e. Le rapport r\u00e9dig\u00e9 par l\u2019historien Benjamin Stora, au pr\u00e9sident fran\u00e7ais, Emmanuel Macron, a \u00e9t\u00e9 largement comment\u00e9 par les Alg\u00e9riens, m\u00eame si jusque-l\u00e0 les autorit\u00e9s n\u2019ont pas encore r\u00e9agi. En France, les [&hellip;]<\/p>\n","protected":false},"author":1743,"featured_media":0,"comment_status":"closed","ping_status":"closed","sticky":false,"template":"","format":"standard","meta":{"fifu_image_url":"https:\/\/www.elwatan.com\/wp-content\/uploads\/2021\/01\/UNEEEEEEEE.gif","fifu_image_alt":"Rapport de Benjamin Stora sur la m\u00e9moire : La passion raviv\u00e9e sur les deux rives","footnotes":""},"categories":[73,53],"tags":[],"class_list":["post-109889","post","type-post","status-publish","format-standard","hentry","category-actualite","category-algerie"],"_links":{"self":[{"href":"https:\/\/linitiative.ca\/International\/wp-json\/wp\/v2\/posts\/109889","targetHints":{"allow":["GET"]}}],"collection":[{"href":"https:\/\/linitiative.ca\/International\/wp-json\/wp\/v2\/posts"}],"about":[{"href":"https:\/\/linitiative.ca\/International\/wp-json\/wp\/v2\/types\/post"}],"author":[{"embeddable":true,"href":"https:\/\/linitiative.ca\/International\/wp-json\/wp\/v2\/users\/1743"}],"replies":[{"embeddable":true,"href":"https:\/\/linitiative.ca\/International\/wp-json\/wp\/v2\/comments?post=109889"}],"version-history":[{"count":0,"href":"https:\/\/linitiative.ca\/International\/wp-json\/wp\/v2\/posts\/109889\/revisions"}],"wp:attachment":[{"href":"https:\/\/linitiative.ca\/International\/wp-json\/wp\/v2\/media?parent=109889"}],"wp:term":[{"taxonomy":"category","embeddable":true,"href":"https:\/\/linitiative.ca\/International\/wp-json\/wp\/v2\/categories?post=109889"},{"taxonomy":"post_tag","embeddable":true,"href":"https:\/\/linitiative.ca\/International\/wp-json\/wp\/v2\/tags?post=109889"}],"curies":[{"name":"wp","href":"https:\/\/api.w.org\/{rel}","templated":true}]}}