{"id":109893,"date":"2021-01-24T08:12:52","date_gmt":"2021-01-24T13:12:52","guid":{"rendered":"https:\/\/linitiative.ca\/International\/affaire-de-dilapidation-de-deniers-publics-a-lanie-de-bouira-le-dal-et-des-fonctionnaires-auditionnes\/"},"modified":"2021-01-24T08:12:52","modified_gmt":"2021-01-24T13:12:52","slug":"affaire-de-dilapidation-de-deniers-publics-a-lanie-de-bouira-le-dal-et-des-fonctionnaires-auditionnes","status":"publish","type":"post","link":"https:\/\/linitiative.ca\/International\/affaire-de-dilapidation-de-deniers-publics-a-lanie-de-bouira-le-dal-et-des-fonctionnaires-auditionnes\/","title":{"rendered":"Affaire de dilapidation de deniers publics \u00e0 l\u2019Anie de Bouira : Le Dal et des fonctionnaires auditionn\u00e9s\u00a0"},"content":{"rendered":"<h4 class=\"title-14\"\/>\n<p>L\u2019enqu\u00eate judiciaire ouverte sur des faits pr\u00e9sum\u00e9s de \u00ab dilapidation de deniers publics \u00bb \u00ab surfacturation \u00bb et \u00ab abus de fonction \u00bb, impliquant le coordinateur local de l\u2019autorit\u00e9 nationale ind\u00e9pendante des \u00e9lections (Anie), Herkat Djelloul en l\u2019occurrence, des fonctionnaires et m\u00eame des membres de l\u2019ex\u00e9cutif de la wilaya de Bouira se poursuit toujours.<\/p>\n<p>En effet, le directeur de l\u2019administration locale (Dal), a \u00e9t\u00e9 auditionn\u00e9 par les enqu\u00eateurs de la brigade \u00e9conomique et financi\u00e8re (BEF) de la suret\u00e9 de police, a-t-on appris de source s\u00fbre.<\/p>\n<p>Les services de s\u00e9curit\u00e9, ont pass\u00e9 au crible, et ce, sur instruction du parquet, plusieurs documents et surtout les factures li\u00e9es aux diff\u00e9rentes d\u00e9penses, (h\u00e9bergement et restauration), de l\u2019Anie depuis son installation l\u2019ann\u00e9e pass\u00e9e.<\/p>\n<p>Ils ont d\u00e9couvert, selon nos sources, des malversations dans la gestion des affaires internes de l\u2019organisme en question.<\/p>\n<p>Le enqu\u00eateurs, a-t-on pr\u00e9cis\u00e9 de nos sources, ont soup\u00e7onn\u00e9 une sur\u00e9valuation des montants pr\u00e9sent\u00e9s par le coordinateur local de l\u2019Anie et sign\u00e9 par le Dal.<\/p>\n<p>Poursuivi pour les trois chefs d\u2019accusations de \u00ab surfacturation \u00bb \u00ab dilapidation de deniers publics \u00ab et \u00ab abus de fonction \u00bb, le coordinateur de l\u2019Anie, dont le si\u00e8ge avait \u00e9t\u00e9 compl\u00e8tement incendi\u00e9 le jour de l\u2019\u00e9lection pr\u00e9sidentielle du 12 d\u00e9cembre de l\u2019ann\u00e9e 2019, par des manifestants rejetant le scrutin pr\u00e9sidentiel, avait \u00e9t\u00e9 plac\u00e9 au d\u00e9but du mois courant sous contr\u00f4le judiciaire par le juge d\u2019instruction pr\u00e8s le tribunal de premi\u00e8re instance.<\/p>\n<p>Le wali de Bouira, Lakhal Ayat Abdeslam a mis en cong\u00e9 d\u2019office son directeur de l\u2019administration locale.<\/p>\n<p>Selon des informations recoup\u00e9es et r\u00e9v\u00e9l\u00e9es par des sources concordantes, la mise \u00e0 l\u2019\u00e9cart du Dal n\u2019a aucun lien avec le scandale de gestion des affaires de l\u2019Anie, mais par apport \u00e0 une affaire li\u00e9e \u00e0 la gestion des affaires courantes de la direction en question.<\/p>\n<p><span class=\"post-views-label\">Post Views:<\/span> <span class=\"post-views-count\">636<\/span><\/p>\n<p><br class=\"c2\"\/><\/p>\n<div class=\"ichhar-moneytagnative c5\" id=\"ichhar-1202830494\">\n<p>Advertisements<\/p>\n<\/div>\n<p><br class=\"c2\"\/><br class=\"c6\"\/><\/p>\n<p>Auteur: Mohand Yahiaoui<br \/>\n<a href=\"https:\/\/www.elwatan.com\/regions\/kabylie\/bouira\/affaire-de-dilapidation-de-deniers-publics-a-lanie-de-bouira-le-dal-et-des-fonctionnaires-auditionnes-24-01-2021\">Cliquez ici pour lire l&rsquo;article depuis sa source.<\/a><\/p>\n","protected":false},"excerpt":{"rendered":"<p>L\u2019enqu\u00eate judiciaire ouverte sur des faits pr\u00e9sum\u00e9s de \u00ab dilapidation de deniers publics \u00bb \u00ab surfacturation \u00bb et \u00ab abus de fonction \u00bb, impliquant le coordinateur local de l\u2019autorit\u00e9 nationale ind\u00e9pendante des \u00e9lections (Anie), Herkat Djelloul en l\u2019occurrence, des fonctionnaires et m\u00eame des membres de l\u2019ex\u00e9cutif de la wilaya de Bouira se poursuit toujours. En [&hellip;]<\/p>\n","protected":false},"author":1743,"featured_media":0,"comment_status":"closed","ping_status":"closed","sticky":false,"template":"","format":"standard","meta":{"fifu_image_url":"","fifu_image_alt":"","footnotes":""},"categories":[73,53],"tags":[],"class_list":["post-109893","post","type-post","status-publish","format-standard","hentry","category-actualite","category-algerie"],"_links":{"self":[{"href":"https:\/\/linitiative.ca\/International\/wp-json\/wp\/v2\/posts\/109893","targetHints":{"allow":["GET"]}}],"collection":[{"href":"https:\/\/linitiative.ca\/International\/wp-json\/wp\/v2\/posts"}],"about":[{"href":"https:\/\/linitiative.ca\/International\/wp-json\/wp\/v2\/types\/post"}],"author":[{"embeddable":true,"href":"https:\/\/linitiative.ca\/International\/wp-json\/wp\/v2\/users\/1743"}],"replies":[{"embeddable":true,"href":"https:\/\/linitiative.ca\/International\/wp-json\/wp\/v2\/comments?post=109893"}],"version-history":[{"count":0,"href":"https:\/\/linitiative.ca\/International\/wp-json\/wp\/v2\/posts\/109893\/revisions"}],"wp:attachment":[{"href":"https:\/\/linitiative.ca\/International\/wp-json\/wp\/v2\/media?parent=109893"}],"wp:term":[{"taxonomy":"category","embeddable":true,"href":"https:\/\/linitiative.ca\/International\/wp-json\/wp\/v2\/categories?post=109893"},{"taxonomy":"post_tag","embeddable":true,"href":"https:\/\/linitiative.ca\/International\/wp-json\/wp\/v2\/tags?post=109893"}],"curies":[{"name":"wp","href":"https:\/\/api.w.org\/{rel}","templated":true}]}}