{"id":109895,"date":"2021-01-24T04:00:00","date_gmt":"2021-01-24T09:00:00","guid":{"rendered":"https:\/\/linitiative.ca\/International\/pas-de-laicite-pour-les-colonises\/"},"modified":"2021-01-24T04:00:00","modified_gmt":"2021-01-24T09:00:00","slug":"pas-de-laicite-pour-les-colonises","status":"publish","type":"post","link":"https:\/\/linitiative.ca\/International\/pas-de-laicite-pour-les-colonises\/","title":{"rendered":"Pas de la\u00efcit\u00e9 pour les colonis\u00e9s !"},"content":{"rendered":"<p><span class=\"c3\"><span class=\"c2\"><em><strong><img decoding=\"async\" src=\"\/uploads\/FCK_files\/Mohamed-Habib-Salamouna.jpg\" alt=\"\" width=\"20%\" vspace=\"5\" hspace=\"5\" align=\"left\"\/>Par Mohamed Habib Salamouna &#8211;<\/strong><\/em><\/span><\/span> \u00ab\u00a0L&rsquo;anticl\u00e9ricalisme n&rsquo;est pas un article d&rsquo;exportation.\u00a0\u00bb L&rsquo;expression de L\u00e9on Gambetta r\u00e9sume merveilleusement bien la logique coloniale de la France avec les pays partiellement ou enti\u00e8rement musulmans.<\/p>\n<p>Elle se traduit, dans le Maroc du mar\u00e9chal Lyautey, par un renforcement de la culture ancestrale et la cr\u00e9ation en parall\u00e8le, loin des regards indiscrets, de villes, de quartiers et de lois occidentales. A Damas et \u00e0 Beyrouth, les autorit\u00e9s coloniales d\u00e9claraient jusqu&rsquo;en 1930 travailler \u00ab\u00a0pour le bien du pays, pour l&rsquo;avantage de l&rsquo;Eglise, pour l&rsquo;honneur de la France\u00a0\u00bb.<\/p>\n<p>Ces exemples et bien d&rsquo;autres, longuement \u00e9tay\u00e9s dans Le Choc colonial et l&rsquo;islam, dirig\u00e9 par Pierre-Jean Louizard et publi\u00e9 en\u00a0 2006 aux \u00e9ditions La D\u00e9couverte (livre que j&rsquo;ai lu attentivement pendant le confinement), tentent de r\u00e9pondre, preuve \u00e0 l&rsquo;appui, \u00e0 l&rsquo;accusation islamiste selon laquelle \u00ab\u00a0la la\u00efcit\u00e9 est une greffe occidentale\u00a0\u00bb.<\/p>\n<p>Il s&rsquo;av\u00e8re, au fond, qu&rsquo;en Turquie occidentale, par exemple, ce sont de jeunes esprits libres turcs, influenc\u00e9s par des loges franc-ma\u00e7onnes en Italie et en France, qui ont import\u00e9 la la\u00efcit\u00e9 \u00e0 l&rsquo;\u00e9cole et dans l&rsquo;Etat. Dans d&rsquo;autres pays, des \u00e9lites comparables ont voulu faire de m\u00eame mais le colonisateur les a rarement soutenues. Sa mission civilisatrice \u00e9tait aussi religieuse !<\/p>\n<p class=\"c4\"><strong>Mohamed Habib Salamouna<\/strong><br \/><span class=\"c3\"><em>Prof de fran\u00e7ais<\/em><\/span><br \/>\u00a0<\/p>\n<p>Auteur:<br \/>\n<a href=\"https:\/\/www.leaders.com.tn\/article\/31316-pas-de-laicite-pour-les-colonises\">Cliquez ici pour lire l&rsquo;article depuis sa source.<\/a><\/p>\n","protected":false},"excerpt":{"rendered":"<p>Par Mohamed Habib Salamouna &#8211; \u00ab\u00a0L&rsquo;anticl\u00e9ricalisme n&rsquo;est pas un article d&rsquo;exportation.\u00a0\u00bb L&rsquo;expression de L\u00e9on Gambetta r\u00e9sume merveilleusement bien la logique coloniale de la France avec les pays partiellement ou enti\u00e8rement musulmans. Elle se traduit, dans le Maroc du mar\u00e9chal Lyautey, par un renforcement de la culture ancestrale et la cr\u00e9ation en parall\u00e8le, loin des regards [&hellip;]<\/p>\n","protected":false},"author":1772,"featured_media":0,"comment_status":"closed","ping_status":"closed","sticky":false,"template":"","format":"standard","meta":{"fifu_image_url":"\/uploads\/FCK_files\/Mohamed-Habib-Salamouna.jpg","fifu_image_alt":"Pas de la\u00efcit\u00e9 pour les colonis\u00e9s !","footnotes":""},"categories":[73,55],"tags":[],"class_list":["post-109895","post","type-post","status-publish","format-standard","hentry","category-actualite","category-tunisie"],"_links":{"self":[{"href":"https:\/\/linitiative.ca\/International\/wp-json\/wp\/v2\/posts\/109895","targetHints":{"allow":["GET"]}}],"collection":[{"href":"https:\/\/linitiative.ca\/International\/wp-json\/wp\/v2\/posts"}],"about":[{"href":"https:\/\/linitiative.ca\/International\/wp-json\/wp\/v2\/types\/post"}],"author":[{"embeddable":true,"href":"https:\/\/linitiative.ca\/International\/wp-json\/wp\/v2\/users\/1772"}],"replies":[{"embeddable":true,"href":"https:\/\/linitiative.ca\/International\/wp-json\/wp\/v2\/comments?post=109895"}],"version-history":[{"count":0,"href":"https:\/\/linitiative.ca\/International\/wp-json\/wp\/v2\/posts\/109895\/revisions"}],"wp:attachment":[{"href":"https:\/\/linitiative.ca\/International\/wp-json\/wp\/v2\/media?parent=109895"}],"wp:term":[{"taxonomy":"category","embeddable":true,"href":"https:\/\/linitiative.ca\/International\/wp-json\/wp\/v2\/categories?post=109895"},{"taxonomy":"post_tag","embeddable":true,"href":"https:\/\/linitiative.ca\/International\/wp-json\/wp\/v2\/tags?post=109895"}],"curies":[{"name":"wp","href":"https:\/\/api.w.org\/{rel}","templated":true}]}}