{"id":109897,"date":"2021-01-24T10:47:00","date_gmt":"2021-01-24T15:47:00","guid":{"rendered":"https:\/\/linitiative.ca\/International\/mohamed-hedi-cherif-un-historien-de-renom-tire-sa-reverence\/"},"modified":"2021-01-24T10:47:00","modified_gmt":"2021-01-24T15:47:00","slug":"mohamed-hedi-cherif-un-historien-de-renom-tire-sa-reverence","status":"publish","type":"post","link":"https:\/\/linitiative.ca\/International\/mohamed-hedi-cherif-un-historien-de-renom-tire-sa-reverence\/","title":{"rendered":"Mohamed H\u00e9di Ch\u00e9rif : Un historien de renom tire sa r\u00e9v\u00e9rence"},"content":{"rendered":"<p><span class=\"c3\"><span class=\"c2\"><em><strong><img decoding=\"async\" src=\"\/uploads\/FCK_files\/Noureddine-dogui.jpg\" alt=\"\" width=\"20%\" vspace=\"5\" hspace=\"5\" align=\"left\"\/>Par Noureddine Dougui &#8211;<\/strong><\/em><\/span><\/span> Mohamed H\u00e9di Ch\u00e9rif, historien de renomm\u00e9e internationale et ancien doyen de la Facult\u00e9 des lettres et Sciences humaines de Tunis, vient de s\u2019\u00e9teindre<\/p>\n<p>N\u00e9 \u00e0 Tunis, le 23 juillet 1932, il a fait ses\u00a0 \u00e9tudes au Coll\u00e8ge Sadiki puis \u00e0 l\u2019Institut des Hautes \u00c9tudes de Tunis. C\u2019est l\u00e0 qu\u2019il a pris conscience des enjeux coloniaux en assistant \u00e0 la r\u00e9pression du Mouvement national. D\u2019o\u00f9 son engagement dans la lutte pour l\u2019Ind\u00e9pendance en adh\u00e9rant \u00e0 la Jeunesse scolaire et en collaborant au Journal n\u00e9o-destourien \u00abMission\u00bb.<\/p>\n<p>Agr\u00e9g\u00e9 de la Sorbonne en 1963, il a \u00e9t\u00e9 sollicit\u00e9 officiellement pour inscrire l\u2019histoire du Mouvement national dans ses projets de recherche ; mais d\u00e9\u00e7u par les d\u00e9rives autoritaires du r\u00e9gime et craignant l\u2019instrumentalisation politique de ses travaux, il\u00a0 se retourna vers l\u2019histoire moderne en pr\u00e9parant une th\u00e8se d\u2019Etat intitul\u00e9e: \u00abPouvoir et soci\u00e9t\u00e9 dans la Tunisie de H\u2019usayn Bin Ali (1705-1740)\u00bb.<\/p>\n<p>Nomm\u00e9 en 1967 au d\u00e9partement d\u2019Histoire de la Facult\u00e9 des Lettres et des Sciences Humaines, il a contribu\u00e9 \u00e0 la formation de plusieurs g\u00e9n\u00e9rations de chercheurs et d\u2019enseignants. Fid\u00e8le \u00e0 ses engagements de jeunesse, il milita dans les rangs de l\u2019UGTT et\u00a0 fut l\u2019un des fondateurs du Syndicat g\u00e9n\u00e9ral de l\u2019Enseignement sup\u00e9rieur qui a \u00e9chapp\u00e9 de justesse \u00e0 la dissolution lors de la crise syndicale de janvier 1978.<\/p>\n<p>Mohamed H\u00e9di Ch\u00e9rif fut par ailleurs, professeur visiteur en France, en Alg\u00e9rie, au Maroc et en Maur\u00e9tanie. Mais par suite de la crise de l\u2019universit\u00e9 tunisienne en 1968, il obtint son d\u00e9tachement au CNRS de Paris,\u00a0 o\u00f9 il s\u2019initia aux m\u00e9thodes de l\u2019Ecole des Annales et fut le premier historien tunisien \u00e0 les int\u00e9grer dans l\u2019approche de l\u2019histoire de la Tunisie moderne et contemporaine.<\/p>\n<p>Auteur \u00e0 succ\u00e8s, ses travaux font autorit\u00e9 dans le monde universitaire et ailleurs. Ses anciens disciples gardent de lui le souvenir ind\u00e9l\u00e9bile d\u2019un professeur attentionn\u00e9 et consciencieux. La m\u00e9moire universitaire retiendra de Mohamed H\u00e9di Ch\u00e9rif, outre son action inlassable pour rapatrier en Tunisie les archives fran\u00e7aises aff\u00e9rentes \u00e0 notre pays, ses qualit\u00e9s de c\u0153ur et d\u2019esprit et son immense humilit\u00e9 intellectuelle.<\/p>\n<p class=\"c4\"><strong>Noureddine Dougui<\/strong><\/p>\n<p>Auteur:<br \/>\n<a href=\"https:\/\/www.leaders.com.tn\/article\/31318-mohamed-hedi-cherif-un-historien-de-renom-tire-sa-reverence\">Cliquez ici pour lire l&rsquo;article depuis sa source.<\/a><\/p>\n","protected":false},"excerpt":{"rendered":"<p>Par Noureddine Dougui &#8211; Mohamed H\u00e9di Ch\u00e9rif, historien de renomm\u00e9e internationale et ancien doyen de la Facult\u00e9 des lettres et Sciences humaines de Tunis, vient de s\u2019\u00e9teindre N\u00e9 \u00e0 Tunis, le 23 juillet 1932, il a fait ses\u00a0 \u00e9tudes au Coll\u00e8ge Sadiki puis \u00e0 l\u2019Institut des Hautes \u00c9tudes de Tunis. C\u2019est l\u00e0 qu\u2019il a pris [&hellip;]<\/p>\n","protected":false},"author":1772,"featured_media":0,"comment_status":"closed","ping_status":"closed","sticky":false,"template":"","format":"standard","meta":{"fifu_image_url":"\/uploads\/FCK_files\/Noureddine-dogui.jpg","fifu_image_alt":"Mohamed H\u00e9di Ch\u00e9rif : Un historien de renom tire sa r\u00e9v\u00e9rence","footnotes":""},"categories":[73,55],"tags":[],"class_list":["post-109897","post","type-post","status-publish","format-standard","hentry","category-actualite","category-tunisie"],"_links":{"self":[{"href":"https:\/\/linitiative.ca\/International\/wp-json\/wp\/v2\/posts\/109897","targetHints":{"allow":["GET"]}}],"collection":[{"href":"https:\/\/linitiative.ca\/International\/wp-json\/wp\/v2\/posts"}],"about":[{"href":"https:\/\/linitiative.ca\/International\/wp-json\/wp\/v2\/types\/post"}],"author":[{"embeddable":true,"href":"https:\/\/linitiative.ca\/International\/wp-json\/wp\/v2\/users\/1772"}],"replies":[{"embeddable":true,"href":"https:\/\/linitiative.ca\/International\/wp-json\/wp\/v2\/comments?post=109897"}],"version-history":[{"count":0,"href":"https:\/\/linitiative.ca\/International\/wp-json\/wp\/v2\/posts\/109897\/revisions"}],"wp:attachment":[{"href":"https:\/\/linitiative.ca\/International\/wp-json\/wp\/v2\/media?parent=109897"}],"wp:term":[{"taxonomy":"category","embeddable":true,"href":"https:\/\/linitiative.ca\/International\/wp-json\/wp\/v2\/categories?post=109897"},{"taxonomy":"post_tag","embeddable":true,"href":"https:\/\/linitiative.ca\/International\/wp-json\/wp\/v2\/tags?post=109897"}],"curies":[{"name":"wp","href":"https:\/\/api.w.org\/{rel}","templated":true}]}}