{"id":109898,"date":"2021-01-24T06:32:01","date_gmt":"2021-01-24T11:32:01","guid":{"rendered":"https:\/\/linitiative.ca\/International\/bir-gandouz-et-el-guerguarat-auront-bientot-des-zones-de-distribution-et-de-commerce\/"},"modified":"2021-01-24T06:32:01","modified_gmt":"2021-01-24T11:32:01","slug":"bir-gandouz-et-el-guerguarat-auront-bientot-des-zones-de-distribution-et-de-commerce","status":"publish","type":"post","link":"https:\/\/linitiative.ca\/International\/bir-gandouz-et-el-guerguarat-auront-bientot-des-zones-de-distribution-et-de-commerce\/","title":{"rendered":"Bir Gandouz et El Guerguarat auront bient\u00f4t des zones de distribution et de commerce"},"content":{"rendered":"<p><strong>A Bir Gandouz et \u00e0 El Guerguarat, deux zones de distribution et de commerce, de 30 ha chacune, ayant n\u00e9cessit\u00e9 un investissement de 160 millions de DH, sont en phase d\u2019\u00e9tudes urbanistiques et techniques. Ces deux projets n\u00e9cessiteront<\/strong> <strong>un investissement de<\/strong> <strong>160 millions de DH<\/strong> <strong>(80 millions de DH par projet) pour une dur\u00e9e des travaux de 18 mois. Objectif\u00a0:<\/strong> <strong>permettre \u00e0 la r\u00e9gion de r\u00e9gion de<\/strong> <strong>Dakhla Oued Eddahab de<\/strong> <strong>se positionner en tant que hub strat\u00e9gique entre le Maroc et sa profondeur africaine.<\/strong><\/p>\n<div class=\"c10\"\/>\n<p>Bient\u00f4t des zones de distribution et de commerce \u00e0 Bir Gandouz et El Guerguarat, de 30 ha chacune. Ces deux zones de derni\u00e8re g\u00e9n\u00e9ration qui n\u00e9cessiteront un investissement de 160 millions de DH (80 millions de DH par projet), sont en phase d\u2019\u00e9tudes urbanistiques et techniques. Ainsi, une d\u00e9l\u00e9gation de la Chambre fran\u00e7aise de commerce et d\u2019industrie du Maroc (CFCIM) a rendu visite au pr\u00e9sident du Conseil r\u00e9gional de Dakhla Oued Eddahab, El Khattat Yanja, le vendredi 22 janvier 2021, pour s\u2019enqu\u00e9rir de l\u2019\u00e9tat d\u2019avancement de ces projets, qui vont permettre \u00e0 la r\u00e9gion de se positionner en tant que hub strat\u00e9gique entre le Maroc et sa profondeur africaine.\u00a0 A cette occasion, les membres de la d\u00e9l\u00e9gation et Khattat Yanja ont soulign\u00e9 que ces deux zones de derni\u00e8re g\u00e9n\u00e9ration sont de nature \u00e0 renforcer l\u2019attractivit\u00e9 \u00e9conomique de la r\u00e9gion, \u00e0 m\u00eame d\u2019am\u00e9liorer les infrastructures et d\u2019attirer les investissements priv\u00e9s tant nationaux qu\u2019internationaux.\u00a0 Ils ont \u00e9galement mis l\u2019accent sur le programme de r\u00e9alisation du projet comprenant notamment l\u2019am\u00e9nagement de ces zones (voirie, assainissement, eau potable, \u00e9lectrification, \u00e9clairage, t\u00e9l\u00e9communication) et la r\u00e9alisation des infrastructures hors-site n\u00e9cessaires \u00e0 la mise en valeur des parcs et les am\u00e9nagements communs internes.\u00a0<\/p>\n<p><strong>Lire aussi|<a href=\"https:\/\/www.challenge.ma\/reseau-fca-morocco-la-continentale-tisse-sa-toile-a-el-jadida-172993\/\">R\u00e9seau FCA Morocco : La Continentale tisse sa toile \u00e0 El Jadida<\/a><\/strong><\/p>\n<p><strong>Deux projets au carrefour de l\u2019Afrique<\/strong><\/p>\n<p>Dans une d\u00e9claration \u00e0 la MAP, le pr\u00e9sident de la Chambre fran\u00e7aise de commerce et d\u2019industrie du Maroc (CFCIM), Jean-Pascal Darriet a soulign\u00e9 que la Chambre a mis son exp\u00e9rience et son savoir-faire \u00e0 la disposition du Conseil r\u00e9gional pour acc\u00e9l\u00e9rer l\u2019ex\u00e9cution de ce projet, dans la perspective de promouvoir la r\u00e9gion et mettre en avant ses atouts et potentiels.\u00a0 Selon Darriet, ce projet va aider au d\u00e9veloppement \u00e9conomique et \u00e0 l\u2019implantation d\u2019entreprises, \u00e9mettant le souhait de voir cette dynamique s\u2019installer durablement avec les adh\u00e9rents de la Chambre et de participer pleinement \u00e0 la croissance de la r\u00e9gion.\u00a0 Pour Yanja, ce projet d\u2019envergure va renforcer de mani\u00e8re constante les liens \u00e9conomiques et commerciaux entre le Maroc et sa profondeur africaine, \u00e0 m\u00eame d\u2019assurer l\u2019int\u00e9gration de la r\u00e9gion dans le syst\u00e8me de d\u00e9veloppement int\u00e9gr\u00e9, en vue d\u2019appuyer les entreprises, l\u2019emploi et les investissements.\u00a0 A noter que la mise en place de ces zones de distribution et de commerce intervient dans le sillage d\u2019une convention de partenariat relative \u00e0 l\u2019ex\u00e9cution de projets du secteur du commerce ext\u00e9rieur inscrite dans le cadre du contrat programme relatif au financement et \u00e0 l\u2019ex\u00e9cution des programmes de d\u00e9veloppement int\u00e9gr\u00e9s de la r\u00e9gion (2016-2021).\u00a0<\/p>\n<p><strong>Lire aussi|<a href=\"https:\/\/www.challenge.ma\/ovnis-la-cia-leve-le-voile-sur-ses-dossiers-secrets-desormais-librement-disponibles-au-telechargement-172984\/\">Ovnis : la CIA l\u00e8ve le voile sur ses dossiers secrets d\u00e9sormais librement disponibles au t\u00e9l\u00e9chargement<\/a><\/strong><\/p>\n<p><strong>Les PME et PMI logistiques dans le viseur<\/strong><\/p>\n<p>La cr\u00e9ation de ces zones fait \u00e9galement l\u2019objet d\u2019une convention de partenariat portant sur la viabilisation, l\u2019am\u00e9nagement, et la gestion des parcs logistiques \u00e0 Bir Gandouz et El Guerguarat, sign\u00e9e en marge du Forum d\u2019affaires Maroc-France tenue du 23 au 25 octobre 2019 \u00e0 Dakhla.\u00a0 Cette convention a pour objet de d\u00e9finir les conditions et modalit\u00e9s de r\u00e9alisation, de promotion et de commercialisation des projets des parcs logistiques de Bir Gandouz et El Guerguarat.\u00a0 Les zones de distribution et de commerce \u00e0 Bir Gandouz et El Guerguarat sont destin\u00e9es \u00e0 accueillir en particulier les petites et moyennes entreprises (PME) et petites et moyennes industries (PMI) logistiques sur tous les maillons de la cha\u00eene de valeur (transporteur, entrepositaire, repr\u00e9sentants en douane, transitaires, agents de fret\u2026), ainsi que les diff\u00e9rents services (restauration, banque, pharmacie, commerces et guichet d\u2019aide \u00e0 la cr\u00e9ation d\u2019entreprise et \u00e0 l\u2019obtention d\u2019autorisations de construire).\u00a0 La r\u00e9alisation de ces deux plateformes selon les standards internationaux en mati\u00e8re d\u2019infrastructures et de services s\u2019inscrit dans le cadre du plan de d\u00e9veloppement de la r\u00e9gion de Dakhla Oued Eddahab et favorise l\u2019implantation d\u2019entreprises aussi bien nationales qu\u2019\u00e9trang\u00e8res, eu \u00e9gard aux atouts dont b\u00e9n\u00e9ficie la r\u00e9gion.<\/p>\n<p><strong>Lire aussi|<a href=\"https:\/\/www.challenge.ma\/guerguarate-le-maroc-dement-encore-le-polisario-172988\/\">Guerguarate : Le Maroc d\u00e9ment encore le polisario<\/a><\/strong><\/p>\n<p>Auteur: challenge<br \/>\n<a href=\"https:\/\/www.challenge.ma\/bir-gandouz-et-el-guerguarat-auront-bientot-des-zones-de-distribution-et-de-commerce-173000\/\">Cliquez ici pour lire l&rsquo;article depuis sa source.<\/a><\/p>\n","protected":false},"excerpt":{"rendered":"<p>A Bir Gandouz et \u00e0 El Guerguarat, deux zones de distribution et de commerce, de 30 ha chacune, ayant n\u00e9cessit\u00e9 un investissement de 160 millions de DH, sont en phase d\u2019\u00e9tudes urbanistiques et techniques. Ces deux projets n\u00e9cessiteront un investissement de 160 millions de DH (80 millions de DH par projet) pour une dur\u00e9e des [&hellip;]<\/p>\n","protected":false},"author":1787,"featured_media":0,"comment_status":"closed","ping_status":"closed","sticky":false,"template":"","format":"standard","meta":{"fifu_image_url":"","fifu_image_alt":"","footnotes":""},"categories":[78,54],"tags":[],"class_list":["post-109898","post","type-post","status-publish","format-standard","hentry","category-economie","category-maroc"],"_links":{"self":[{"href":"https:\/\/linitiative.ca\/International\/wp-json\/wp\/v2\/posts\/109898","targetHints":{"allow":["GET"]}}],"collection":[{"href":"https:\/\/linitiative.ca\/International\/wp-json\/wp\/v2\/posts"}],"about":[{"href":"https:\/\/linitiative.ca\/International\/wp-json\/wp\/v2\/types\/post"}],"author":[{"embeddable":true,"href":"https:\/\/linitiative.ca\/International\/wp-json\/wp\/v2\/users\/1787"}],"replies":[{"embeddable":true,"href":"https:\/\/linitiative.ca\/International\/wp-json\/wp\/v2\/comments?post=109898"}],"version-history":[{"count":0,"href":"https:\/\/linitiative.ca\/International\/wp-json\/wp\/v2\/posts\/109898\/revisions"}],"wp:attachment":[{"href":"https:\/\/linitiative.ca\/International\/wp-json\/wp\/v2\/media?parent=109898"}],"wp:term":[{"taxonomy":"category","embeddable":true,"href":"https:\/\/linitiative.ca\/International\/wp-json\/wp\/v2\/categories?post=109898"},{"taxonomy":"post_tag","embeddable":true,"href":"https:\/\/linitiative.ca\/International\/wp-json\/wp\/v2\/tags?post=109898"}],"curies":[{"name":"wp","href":"https:\/\/api.w.org\/{rel}","templated":true}]}}