{"id":109908,"date":"2021-01-24T15:06:22","date_gmt":"2021-01-24T20:06:22","guid":{"rendered":"https:\/\/linitiative.ca\/International\/bombardement-du-poste-frontalier-marocain-par-le-front-polisario-eviter-a-tout-prix-lembrasement\/"},"modified":"2021-01-24T15:06:22","modified_gmt":"2021-01-24T20:06:22","slug":"bombardement-du-poste-frontalier-marocain-par-le-front-polisario-eviter-a-tout-prix-lembrasement","status":"publish","type":"post","link":"https:\/\/linitiative.ca\/International\/bombardement-du-poste-frontalier-marocain-par-le-front-polisario-eviter-a-tout-prix-lembrasement\/","title":{"rendered":"BOMBARDEMENT DU POSTE FRONTALIER MAROCAIN PAR LE FRONT POLISARIO : Eviter \u00e0 tout prix l\u2019embrasement"},"content":{"rendered":"<p class=\"c4\">Le Front Polisario a bombard\u00e9 le poste frontalier de Guerguerat sous contr\u00f4le marocain dans le territoire disput\u00e9 du Sahara occidental, le 24 janvier 2021. Et comme si cela ne suffisait pas, il a menac\u00e9 le Royaume ch\u00e9rifien d\u2019une escalade militaire. En attendant que les ind\u00e9pendantistes mettent \u00e0 ex\u00e9cution leurs menaces, l\u2019on pourrait dire que cette action du Front Polisario est une v\u00e9ritable menace pour la paix dans cette zone. Et il faut \u00e9viter \u00e0 tout prix un embrasement. Il faut d\u2019autant plus l\u2019\u00e9viter qu\u2019une \u00e9ventuelle riposte du Maroc, pourrait pousser certains soutiens\u00a0 de taille du Front Polisario, \u00e0 entrer dans la danse, notamment l\u2019Alg\u00e9rie qui a pris fait et cause pour les ind\u00e9pendantistes. On en vient\u00a0 \u00e0 se demander si le but de l\u2019exercice militaire grandeur nature, men\u00e9 dans la zone par le pays d\u2019Ahmed Ben Bella,\u00a0 ne visait pas \u00e0 d\u00e9celer les failles du dispositif s\u00e9curitaire marocain.\u00a0 Le moins que l\u2019on puisse dire, en tout cas, c\u2019est que la tension est mont\u00e9e d\u2019un cran dans cette zone.\u00a0 Faut-il voir en cela l\u2019ouverture virtuelle de l\u2019ambassade am\u00e9ricaine dans la zone\u00a0?\u00a0 Cette hypoth\u00e8se n\u2019est pas \u00e0 balayer du revers de la main. Ce d\u2019autant que la reconnaissance de la souverainet\u00e9 du Maroc sur l\u2019ensemble du territoire querell\u00e9 par l\u2019Administration Trump, avait effarouch\u00e9 non seulement les ind\u00e9pendantistes, mais aussi l\u2019Alg\u00e9rie qui, du reste, n\u2019avait pas h\u00e9sit\u00e9 \u00e0 voler dans les plumes du d\u00e9sormais ex-pr\u00e9sident am\u00e9ricain.<\/p>\n<p class=\"c4\">Cela dit, cette nouvelle tension interpelle non seulement l\u2019Union africaine (UA), mais aussi et surtout l\u2019ONU, elle qui essaye depuis plus d\u2019un quart de si\u00e8cle, d\u2019amener les fr\u00e8res ennemis \u00e0 fumer le calumet de la paix. Or, tout porte \u00e0 croire que tant que la question du statut du Sahara occidental ne sera pas r\u00e9gl\u00e9e, les ind\u00e9pendantistes et le Roi Mohammed VI continueront \u00e0 se regarder en chiens de fa\u00efence. Il urge donc que les instances continentale et mondiale fassent de cette question de la R\u00e9publique arabe sahraoui d\u00e9mocratique (RASD) proclam\u00e9e depuis 1976 par les ind\u00e9pendantistes mais contest\u00e9e par le Maroc, l\u2019une des priorit\u00e9s de cette nouvelle ann\u00e9e.<\/p>\n<p class=\"c4\"><strong>Ni le Maroc ni le Front Polisario n\u2019ont v\u00e9ritablement int\u00e9r\u00eat \u00e0 ce que la situation d\u00e9g\u00e9n\u00e8re<\/strong><\/p>\n<p class=\"c4\">Car, ce <em>statu quo<\/em> d\u2019une trentaine d\u2019ann\u00e9es, ne saurait faire bouger les lignes. On est d\u2019autant plus fond\u00e9 \u00e0 le penser que les ind\u00e9pendantistes commencent \u00e0 se lasser du sur-place. S\u2019ils se disent pr\u00eats \u00e0 n\u00e9gocier, ils n\u2019excluent pas la lutte arm\u00e9e. C\u2019est dire si le risque d\u2019une reprise de la guerre est grand. Or, on le sait, les cons\u00e9quences d\u2019une \u00e9ventuelle guerre pourraient \u00eatre dramatiques pour bien des pays. D\u2019abord, parce que les \u00e9changes commerciaux avec certains pays de l\u2019Afrique de l\u2019Ouest,\u00a0 pourraient en souffrir. Ensuite, parce que dans ce contexte de la pand\u00e9mie du coronavirus qui frappe durement l\u2019\u00e9conomie marocaine, se lancer dans une guerre de conqu\u00eate de territoire, serait un sacrifice \u00e9norme pour Rabat. A cela, il faut ajouter le contexte sous-r\u00e9gional en proie au terrorisme. En effet, m\u00eame si le Maroc n\u2019est pas touch\u00e9 au m\u00eame titre que les pays du Sahel, il reste qu\u2019il est loin d\u2019\u00eatre \u00e0 l\u2019abri de l\u2019hydre terroriste. <em>Quid<\/em> de la RASD\u00a0? Il ne fait l\u2019ombre d\u2019aucun doute que le poids \u00e9conomique d\u2019une guerre ouverte, pourrait asphyxier l\u2019\u00e9conomie de ce territoire qui aura pass\u00e9 pr\u00e8s d\u2019un demi-si\u00e8cle \u00e0 lutter pour sa souverainet\u00e9 internationale.<\/p>\n<p class=\"c4\">Autant dire que ni le Maroc ni le Front Polisario n\u2019ont v\u00e9ritablement int\u00e9r\u00eat \u00e0 ce que la situation d\u00e9g\u00e9n\u00e8re. Cela dit, tout se passe comme si le Front Polisario cherche \u00e0 r\u00e9veiller la communaut\u00e9 internationale qui semble tergiverser sur la question de son statut. Car, la \u00a0suspension, en 2019, des pourparlers qui impliquaient des pays voisins tels que la Mauritanie et l\u2019Alg\u00e9rie n\u2019aura eu pour effets, que d\u2019\u00e9mousser les espoirs du Front Polisario. Et comme pour ne rien arranger, le bloc de soutien du Polisario s\u2019est fissur\u00e9 avec l\u2019int\u00e9gration du Maroc \u00e0 la CEDEAO. Autant dire que cette mont\u00e9e de tensions s\u2019apparente, \u00e0 bien des \u00e9gards, \u00e0 un acte de d\u00e9sespoir de la part du Front Polisario.<\/p>\n<p class=\"c4\"><strong>Dabadi ZOUMBARA\u00a0\u00a0<\/strong><\/p>\n<p class=\"c4\"><strong>\u00a0<\/strong><\/p>\n<p class=\"c4\"><strong>\u00a0<\/strong><\/p>\n<p>Auteur: Le Pays<br \/>\n<a href=\"https:\/\/lepays.bf\/bombardement-du-poste-frontalier-marocain-par-le-front-polisario-eviter-a-tout-prix-lembrasement\/\">Cliquez ici pour lire l&rsquo;article depuis sa source.<\/a><\/p>\n","protected":false},"excerpt":{"rendered":"<p>Le Front Polisario a bombard\u00e9 le poste frontalier de Guerguerat sous contr\u00f4le marocain dans le territoire disput\u00e9 du Sahara occidental, le 24 janvier 2021. Et comme si cela ne suffisait pas, il a menac\u00e9 le Royaume ch\u00e9rifien d\u2019une escalade militaire. En attendant que les ind\u00e9pendantistes mettent \u00e0 ex\u00e9cution leurs menaces, l\u2019on pourrait dire que cette [&hellip;]<\/p>\n","protected":false},"author":1813,"featured_media":0,"comment_status":"closed","ping_status":"closed","sticky":false,"template":"","format":"standard","meta":{"fifu_image_url":"","fifu_image_alt":"","footnotes":""},"categories":[73,81],"tags":[],"class_list":["post-109908","post","type-post","status-publish","format-standard","hentry","category-actualite","category-burkina-faso"],"_links":{"self":[{"href":"https:\/\/linitiative.ca\/International\/wp-json\/wp\/v2\/posts\/109908","targetHints":{"allow":["GET"]}}],"collection":[{"href":"https:\/\/linitiative.ca\/International\/wp-json\/wp\/v2\/posts"}],"about":[{"href":"https:\/\/linitiative.ca\/International\/wp-json\/wp\/v2\/types\/post"}],"author":[{"embeddable":true,"href":"https:\/\/linitiative.ca\/International\/wp-json\/wp\/v2\/users\/1813"}],"replies":[{"embeddable":true,"href":"https:\/\/linitiative.ca\/International\/wp-json\/wp\/v2\/comments?post=109908"}],"version-history":[{"count":0,"href":"https:\/\/linitiative.ca\/International\/wp-json\/wp\/v2\/posts\/109908\/revisions"}],"wp:attachment":[{"href":"https:\/\/linitiative.ca\/International\/wp-json\/wp\/v2\/media?parent=109908"}],"wp:term":[{"taxonomy":"category","embeddable":true,"href":"https:\/\/linitiative.ca\/International\/wp-json\/wp\/v2\/categories?post=109908"},{"taxonomy":"post_tag","embeddable":true,"href":"https:\/\/linitiative.ca\/International\/wp-json\/wp\/v2\/tags?post=109908"}],"curies":[{"name":"wp","href":"https:\/\/api.w.org\/{rel}","templated":true}]}}