{"id":109909,"date":"2021-01-24T15:12:24","date_gmt":"2021-01-24T20:12:24","guid":{"rendered":"https:\/\/linitiative.ca\/International\/an-ii-de-felix-tshisekedi-au-pouvoir-les-congolais-attendent-toujours\/"},"modified":"2021-01-24T15:12:24","modified_gmt":"2021-01-24T20:12:24","slug":"an-ii-de-felix-tshisekedi-au-pouvoir-les-congolais-attendent-toujours","status":"publish","type":"post","link":"https:\/\/linitiative.ca\/International\/an-ii-de-felix-tshisekedi-au-pouvoir-les-congolais-attendent-toujours\/","title":{"rendered":"AN II DE FELIX TSHISEKEDI AU POUVOIR: Les Congolais attendent toujours"},"content":{"rendered":"<p class=\"c4\">Le 24 janvier 2019, l\u2019ancien pr\u00e9sident de la R\u00e9publique d\u00e9mocratique du Congo (RDC), Joseph Kabila, remettait, au Palais de la Nation et sans effusion de sang, les armoiries de la R\u00e9publique \u00e0 son successeur F\u00e9lix Tshisekedi, suite \u00e0 l\u2019\u00e9lection surprise de ce dernier comme nouveau pr\u00e9sident deux semaines plus t\u00f4t. Apr\u00e8s deux ans de gouvernance, le bilan de celui que ses compatriotes qualifient ironiquement de \u00ab\u00a0<em>distributeur automatique de promesses\u00a0<\/em>\u00bb, est pour le moins embryonnaire sur tous les plans, et notamment sur celui de la corruption contre laquelle il avait pourtant promis une lutte sans merci, tout en pr\u00e9cisant que ces actions punitives ne seraient pas r\u00e9troactives, \u00e0 la grande d\u00e9ception de la soci\u00e9t\u00e9 civile qui lui a toujours reproch\u00e9 ce discours ambigu. En v\u00e9rit\u00e9, il \u00e9tait difficile au pr\u00e9sident F\u00e9lix Tshisekedi de remettre ce pays-continent sur les rails, \u00e9tant, comme chacun le sait, lui-m\u00eame \u00e0 l\u2019\u00e9troit dans une coalition qu\u2019il \u00e9tait oblig\u00e9 de former, au d\u00e9but de son mandat avec son pr\u00e9d\u00e9cesseur, faute de majorit\u00e9 \u00e0 l\u2019Assembl\u00e9e nationale.<\/p>\n<p class=\"c4\">Et comme il fallait s\u2019y attendre, la lutte entre les deux hommes, commenc\u00e9e \u00e0 bas bruit, a rapidement tourn\u00e9 au combat \u00e0 mort politique dans la perspective des \u00e9lections de 2023, avec les blocages quasi syst\u00e9matiques de toutes les r\u00e9formes envisag\u00e9es par le nouveau pouvoir. S\u2019il voulait v\u00e9ritablement incarner le changement tant attendu par les Congolais, il fallait que F\u00e9lix Tshisekedi se lib\u00e9r\u00e2t de l\u2019emprise de Kabila en rompant les amarres, afin de r\u00e9gler les probl\u00e8mes de fond au lieu de faire des repl\u00e2trages et des ajustements \u00e0 doses hom\u00e9opathiques. De toute \u00e9vidence, le divorce aujourd\u2019hui presque consomm\u00e9 entre le <em>Cash<\/em> de l\u2019actuel pr\u00e9sident et le FCC de l\u2019ancien homme fort, n\u2019a pas \u00e9t\u00e9 facile \u00e0 obtenir, en partie \u00e0 cause du fait que Kabila disposait d\u2019une majorit\u00e9 \u00e9crasante \u00e0 l\u2019Assembl\u00e9e nationale, d\u2019une myriade de courtisans dans l\u2019Administration publique, et surtout de 2\/3 de ministres qui lui \u00e9taient fid\u00e8les dans le gouvernement pl\u00e9thorique de 67 membres au d\u00e9but du mandat en cours.<\/p>\n<p class=\"c4\"><strong>F\u00e9lix Tshisekedi doit avoir le courage de secouer le cocotier<\/strong><\/p>\n<p class=\"c4\">Mais le moins qu\u2019on puisse dire, c\u2019est que l\u2019actuel locataire du Palais de la Nation, a admirablement bien r\u00e9ussi la man\u0153uvre en d\u00e9bauchant, probablement \u00e0 coup de promesses mirobolantes ou de menaces de poursuites judiciaires, de tr\u00e8s nombreux d\u00e9put\u00e9s <em>kabilistes<\/em> afin de r\u00e9duire presqu\u2019\u00e0 n\u00e9ant la capacit\u00e9 de nuisance de son ancien alli\u00e9. Pari donc r\u00e9ussi pour Tshisekedi qui, depuis qu\u2019il a ralli\u00e9 \u00e0 sa cause la majorit\u00e9 des parlementaires, multiplie les motions pour d\u00e9mettre le bureau de l\u2019Assembl\u00e9e nationale, mais aussi le gouvernement et son Premier ministre pro Kabila, Sylvestre Ilunga. Les heures sont d\u2019ailleurs compt\u00e9es pour ce dernier, d\u2019autant qu\u2019il a \u00e9t\u00e9 convoqu\u00e9 devant le Parlement demain apr\u00e8s-midi, pour se voir probablement d\u00e9cerner un carton rouge qui l\u2019\u00e9vincera de la t\u00eate du gouvernement, au profit, selon des indiscr\u00e9tions, du s\u00e9nateur et fid\u00e8le de F\u00e9lix Tshisekedi, Modeste Bahati. Reste \u00e0 savoir si le changement annonc\u00e9 de gouvernement, va rimer avec changement de gouvernance, quand on sait que dans ce pays francophone le plus vaste et le plus peupl\u00e9 au monde, les hommes politiques ont rarement fait preuve de gestion orthodoxe des ressources publiques. C\u2019est vrai que depuis son accession au pouvoir, le pr\u00e9sident Tshisekedi a pris des mesures positives, telles la lib\u00e9ration en rafale de prisonniers politiques, l\u2019autorisation du retour de ses ex-d\u00e9tracteurs qui \u00e9taient en exil comme Moise Katumbi et Jean-Pierre Bemba, la traduction devant la Justice de certains de ceux qui ont tremp\u00e9 leur barbichette dans la sauce f\u00e9tide de la corruption et des passe-droits comme son ancien directeur de cabinet, Vital Kamerhe, l\u2019\u00e9viction de ses proches consid\u00e9r\u00e9s \u00e0 tort ou \u00e0 raison comme clivants, notamment Albert Yuma et Evariste Boshab, ou encore la fin de l\u2019isolement du Congo, sur le plan international. Mais s\u2019il veut avoir la confiance de ses compatriotes et esp\u00e9rer \u00eatre r\u00e9\u00e9lu dans trois ans, ou b\u00e9n\u00e9ficier de la bienveillance des chancelleries occidentales qui ren\u00e2clent jusqu\u2019ici \u00e0 accompagner la RDC, il doit imm\u00e9diatement et imp\u00e9rativement s\u2019attaquer aux principaux maux qui minent depuis longtemps ce pays immens\u00e9ment riche en minerais, mais dont la population est paradoxalement l\u2019une des plus pauvres au monde, en partie \u00e0 cause de la gestion pr\u00e9datrice de ses ressources par ses dirigeants.<\/p>\n<p class=\"c4\">Deux ans apr\u00e8s son arriv\u00e9e aux affaires, les Congolais attentent toujours, en effet, que Tshisekedi arr\u00eate et traduise en justice, les seigneurs de guerre et les pr\u00e9sum\u00e9s auteurs de violation des droits de l\u2019Homme clairement identifi\u00e9s mais toujours en libert\u00e9, qu\u2019il mette fin aux massacres des populations civiles qui ont malheureusement repris de plus belle dans la lointaine province du Kivu et plus g\u00e9n\u00e9ralement \u00e0 l\u2019Est du pays, qu\u2019il fasse le m\u00e9nage au sein de l\u2019Arm\u00e9e, et surtout, surtout, qu\u2019il d\u00e9clenche une guerre ouverte contre la corruption intensive qui fait que tous les indicateurs de d\u00e9veloppement dans ce pays sont quasiment au rouge. Si F\u00e9lix Tshisekedi a pris le risque politique de se d\u00e9faire de son puissant pr\u00e9d\u00e9cesseur, il doit avoir le courage de secouer le cocotier dans tous les domaines sus-cit\u00e9s, s\u2019il ne veut pas terminer son mandat controvers\u00e9 d\u00e8s le d\u00e9part, avec un bilan mi-figue, mi-raisin qui risque de lui \u00eatre fatal en 2023 face \u00e0 des baroudeurs politiques comme Bemba, Katumbi et Kabila.<\/p>\n<p class=\"c4\"><strong>\u00a0<\/strong><\/p>\n<p class=\"c4\"><strong>Hamadou GADIAGA<\/strong><\/p>\n<p>Auteur: Le Pays<br \/>\n<a href=\"https:\/\/lepays.bf\/an-ii-de-felix-tshisekedi-au-pouvoir-les-congolais-attendent-toujours\/\">Cliquez ici pour lire l&rsquo;article depuis sa source.<\/a><\/p>\n","protected":false},"excerpt":{"rendered":"<p>Le 24 janvier 2019, l\u2019ancien pr\u00e9sident de la R\u00e9publique d\u00e9mocratique du Congo (RDC), Joseph Kabila, remettait, au Palais de la Nation et sans effusion de sang, les armoiries de la R\u00e9publique \u00e0 son successeur F\u00e9lix Tshisekedi, suite \u00e0 l\u2019\u00e9lection surprise de ce dernier comme nouveau pr\u00e9sident deux semaines plus t\u00f4t. Apr\u00e8s deux ans de gouvernance, [&hellip;]<\/p>\n","protected":false},"author":1813,"featured_media":0,"comment_status":"closed","ping_status":"closed","sticky":false,"template":"","format":"standard","meta":{"fifu_image_url":"","fifu_image_alt":"","footnotes":""},"categories":[73,81],"tags":[],"class_list":["post-109909","post","type-post","status-publish","format-standard","hentry","category-actualite","category-burkina-faso"],"_links":{"self":[{"href":"https:\/\/linitiative.ca\/International\/wp-json\/wp\/v2\/posts\/109909","targetHints":{"allow":["GET"]}}],"collection":[{"href":"https:\/\/linitiative.ca\/International\/wp-json\/wp\/v2\/posts"}],"about":[{"href":"https:\/\/linitiative.ca\/International\/wp-json\/wp\/v2\/types\/post"}],"author":[{"embeddable":true,"href":"https:\/\/linitiative.ca\/International\/wp-json\/wp\/v2\/users\/1813"}],"replies":[{"embeddable":true,"href":"https:\/\/linitiative.ca\/International\/wp-json\/wp\/v2\/comments?post=109909"}],"version-history":[{"count":0,"href":"https:\/\/linitiative.ca\/International\/wp-json\/wp\/v2\/posts\/109909\/revisions"}],"wp:attachment":[{"href":"https:\/\/linitiative.ca\/International\/wp-json\/wp\/v2\/media?parent=109909"}],"wp:term":[{"taxonomy":"category","embeddable":true,"href":"https:\/\/linitiative.ca\/International\/wp-json\/wp\/v2\/categories?post=109909"},{"taxonomy":"post_tag","embeddable":true,"href":"https:\/\/linitiative.ca\/International\/wp-json\/wp\/v2\/tags?post=109909"}],"curies":[{"name":"wp","href":"https:\/\/api.w.org\/{rel}","templated":true}]}}