{"id":109910,"date":"2021-01-24T15:17:41","date_gmt":"2021-01-24T20:17:41","guid":{"rendered":"https:\/\/linitiative.ca\/International\/covid-19-eco-et-le-mali-au-menu-du-58e-sommet-de-la-cedeao-seuls-compteront-les-resultats\/"},"modified":"2021-01-24T15:17:41","modified_gmt":"2021-01-24T20:17:41","slug":"covid-19-eco-et-le-mali-au-menu-du-58e-sommet-de-la-cedeao-seuls-compteront-les-resultats","status":"publish","type":"post","link":"https:\/\/linitiative.ca\/International\/covid-19-eco-et-le-mali-au-menu-du-58e-sommet-de-la-cedeao-seuls-compteront-les-resultats\/","title":{"rendered":"COVID-19, ECO ET LE MALI AU MENU DU 58e SOMMET DE LA CEDEAO: Seuls compteront les r\u00e9sultats"},"content":{"rendered":"<p class=\"c4\">Le 23 janvier dernier, s\u2019est tenu, par vid\u00e9oconf\u00e9rence, le 58<sup>e<\/sup> sommet ordinaire de la Communaut\u00e9 \u00e9conomique des Etats de l\u2019Afrique de l\u2019Ouest (CEDEAO). La Covid-19, l\u2019ECO et le Mali \u00e9taient au menu de ce sommet. Par rapport au premier point, c\u2019est-\u00e0-dire la Covid-19, les chefs d\u2019Etat pr\u00e9conisent des concertations entre les diff\u00e9rents Etats de la CEDEAO, l\u2019OOAS (Organisation ouest-africaine de la sant\u00e9) et l\u2019OMS (Organisation mondiale de la sant\u00e9).<\/p>\n<p class=\"c4\">L\u2019objectif de ces actions concert\u00e9es est de permettre l\u2019acc\u00e8s aux vaccins contre la Covid-19, aux pays membres de l\u2019Organisation ouest-africaine. L\u2019on peut, d\u2019embl\u00e9e, se r\u00e9jouir de cette initiative de la CEDEAO pour deux raisons essentielles.<\/p>\n<p class=\"c4\">La premi\u00e8re est li\u00e9e au fait qu\u2019elle est opportune. En effet, la volont\u00e9 affich\u00e9e des chefs d\u2019Etat de doter les pays membres de la CEDEAO, de vaccins anti-Covid, intervient \u00e0 un moment o\u00f9 l\u2019Afrique est en proie \u00e0 une deuxi\u00e8me vague de la pand\u00e9mie. Et le moins que l\u2019on puisse dire, c\u2019est que celle-ci est plus meurtri\u00e8re.<\/p>\n<p class=\"c4\"><strong>On a des raisons d\u2019\u00eatre pessimiste quant \u00e0 un approvisionnement diligent des pays membres, en vaccins contre la Covid-19<\/strong><\/p>\n<p class=\"c4\">En effet, le taux de mortalit\u00e9 de la pand\u00e9mie de la Covid-19 en Afrique, d\u00e9passe celui de la moyenne mondiale. Et pour ne pas arranger les choses, la variante du virus d\u00e9tect\u00e9 en Afrique du Sud, est en train de se r\u00e9pandre sur le continent comme une train\u00e9e de poudre. La situation donc commandait que la CEDEAO se pench\u00e2t sur les solutions \u00e0 d\u00e9gager pour l\u2019approvisionnement des pays en vaccins. L\u2019autre raison pour laquelle l\u2019on peut se r\u00e9jouir de l\u2019initiative de la CEDEAO, c\u2019est le fait d\u2019avoir per\u00e7u la n\u00e9cessit\u00e9 d\u2019envisager de mani\u00e8re solidaire, l\u2019approvisionnement de l\u2019espace ouest-africain, en vaccins. Une telle d\u00e9marche de solidarit\u00e9 sous-r\u00e9gionale, a de fortes chances de permettre \u00e0 la CEDEAO d\u2019obtenir les vaccins \u00e0 des prix consid\u00e9rablement r\u00e9duits. Cela dit, une chose est de pr\u00e9coniser des concertations entre les diff\u00e9rents Etats de la CEDEAO, l\u2019OOAS et l\u2019OMS pour d\u00e9gager des solutions \u00a0sur l\u2019approvisionnement des pays en vaccins, une autre est d\u2019obtenir ces vaccins dans des d\u00e9lais raisonnables. Et quand on conna\u00eet le mode de fonctionnement de la CEDEAO connue pour son caract\u00e8re bureaucratique, l\u2019on a des raisons d\u2019\u00eatre pessimiste quant \u00e0 un approvisionnement diligent des pays membres, en vaccins contre la Covid-19. L\u2019on peut m\u00eame craindre que ces fameux vaccins se fassent attendre comme Godot. Bref, comme toujours et dans presque tous les domaines, l\u2019Afrique est attach\u00e9e aux basques des autres. En effet, dans cette course \u00e9perdue aux vaccins contre la Covid-19, l\u2019on peut faire le constat que le continent noir brille par son absence. Ce qui fait de ses populations, d\u2019\u00e9ternelles consommatrices des fruits des d\u00e9couvertes des autres. Un continent qui est r\u00e9duit \u00e0 cela, ne peut jamais se hisser au niveau des autres. Et la transition est toute trouv\u00e9e pour parler du deuxi\u00e8me point au menu de ce 58<sup>e<\/sup> sommet ordinaire de la CEDEAO, c\u2019est-\u00e0-dire l\u2019ECO. Sur la question, on peut retenir ceci\u00a0: une nouvelle feuille de route a \u00e9t\u00e9 adopt\u00e9e, avec en perspective l\u2019entr\u00e9e en vigueur de l\u2019ECO \u00e0 l\u2019horizon 2025. En rappel, l\u2019entr\u00e9e en vigueur de la monnaie commune \u00e9tait initialement pr\u00e9vue pour juillet 2020. Ce rendez-vous n\u2019a pas \u00e9t\u00e9 respect\u00e9.<\/p>\n<p class=\"c4\"><strong>Si l\u2019\u00e9ch\u00e9ance de 2025 n\u2019est pas tenue, l\u2019ECO sera per\u00e7ue comme une arl\u00e9sienne<\/strong><\/p>\n<p class=\"c4\">D\u00e9sormais, c\u2019est 2025 qui a \u00e9t\u00e9 retenue. Les raisons avanc\u00e9es pour justifier cela sont d\u2019ordres technique et sanitaire. En effet, la conf\u00e9rence a suspendu l\u2019application du Pacte de convergence en 2021 avec l\u2019espoir qu\u2019il sera mis en \u0153uvre \u00e0 partir du 1<sup>er<\/sup> janvier 2022. <em>In fine<\/em>, il s\u2019agit de r\u00e9aliser en trois ans, les crit\u00e8res de convergence n\u00e9cessaires \u00e0 la r\u00e9alisation de la monnaie unique en 2025. La conf\u00e9rence a point\u00e9 du doigt la Covid-19 pour justifier cet \u00e9tat de choses. L\u2019on peut lui conc\u00e9der cela.\u00a0 Mais plus les ann\u00e9es passent, plus l\u2019on peut avoir l\u2019impression que l\u2019ECO a peu de chances d\u2019\u00eatre une r\u00e9alit\u00e9,\u00a0 tant les divergences entre le Nigeria et la C\u00f4te-d\u2019Ivoire\u00a0 sont profondes sur bien des aspects de cette monnaie.<\/p>\n<p class=\"c4\">En tout cas, si l\u2019\u00e9ch\u00e9ance de 2025 n\u2019est pas tenue, l\u2019ECO sera per\u00e7ue comme une arl\u00e9sienne. C\u2019est pourquoi tout doit \u00eatre fait pour cesser de jouer avec les nerfs des populations. Ces derni\u00e8res, franchement, sont en train de perdre patience quant \u00e0 la r\u00e9alisation effective, un jour, de la monnaie unique. Et connaissant le manque\u00a0\u00a0 d\u2019anticipation de nos dirigeants, l\u2019on peut affirmer que la nouvelle \u00e9ch\u00e9ance ne sera pas respect\u00e9e. Et ce sont les populations qui, une fois de plus, trinqueront. Le dernier point abord\u00e9 par la conf\u00e9rence\u00a0 est li\u00e9 \u00e0 la situation politique au Mali. A ce sujet, le 58<sup>e<\/sup> sommet ordinaire a \u00e9t\u00e9, on ne peut plus clair\u00a0: des \u00e9lections doivent avoir lieu sur l\u2019ensemble du territoire malien dans 14 mois. Pour \u00e9viter la moindre entrave\u00a0 \u00e0 ce processus, la CEDEAO, peut-on dire, a remont\u00e9 les bretelles aux autorit\u00e9s de la Transition. En effet, la conf\u00e9rence a rappel\u00e9 au Mali, ses engagements et a demand\u00e9 la dissolution imm\u00e9diate du Comit\u00e9 national de salut \u00a0du peuple (CNSP). La CEDEAO est dans son droit. Car, c\u2019est elle qui accompagne le Mali depuis le coup d\u2019Etat du 18 ao\u00fbt dernier, pour que le pays revienne \u00e0 une vie constitutionnelle normale. Et depuis lors, la CEDEAO veille sur le Mali, comme du lait sur le feu afin que la feuille de route remise \u00e0 la Transition, soit scrupuleusement respect\u00e9e. Apr\u00e8s avoir entendu leur homologue malien, Bah N\u2019Daw, les chefs d\u2019Etat ont \u00e9cout\u00e9 le rapport de Goodluck Jonathan, le m\u00e9diateur de l\u2019organisation ouest-africaine. Le rappel \u00e0 l\u2019ordre du Mali est intervenu apr\u00e8s ces deux auditions. En tout cas, la CEDEAO a fait bien de durcir le ton, car avec ces putschistes-l\u00e0, il faut \u00eatre vigilant jusqu\u2019au bout.<\/p>\n<p class=\"c4\">En tout \u00e9tat de cause, sur l\u2019ensemble des trois points qui \u00e9taient au menu de ce 58<sup>e<\/sup> sommet ordinaire de la CEDEAO, seuls les r\u00e9sultats compteront.<\/p>\n<p class=\"c4\"><strong><em>\u00ab Le Pays \u00bb\u00a0<\/em><\/strong><\/p>\n<p>Auteur: Le Pays<br \/>\n<a href=\"https:\/\/lepays.bf\/covid-19-eco-et-le-mali-au-menu-du-58e-sommet-de-la-cedeao-seuls-compteront-les-resultats\/\">Cliquez ici pour lire l&rsquo;article depuis sa source.<\/a><\/p>\n","protected":false},"excerpt":{"rendered":"<p>Le 23 janvier dernier, s\u2019est tenu, par vid\u00e9oconf\u00e9rence, le 58e sommet ordinaire de la Communaut\u00e9 \u00e9conomique des Etats de l\u2019Afrique de l\u2019Ouest (CEDEAO). La Covid-19, l\u2019ECO et le Mali \u00e9taient au menu de ce sommet. Par rapport au premier point, c\u2019est-\u00e0-dire la Covid-19, les chefs d\u2019Etat pr\u00e9conisent des concertations entre les diff\u00e9rents Etats de la [&hellip;]<\/p>\n","protected":false},"author":1813,"featured_media":0,"comment_status":"closed","ping_status":"closed","sticky":false,"template":"","format":"standard","meta":{"fifu_image_url":"","fifu_image_alt":"","footnotes":""},"categories":[73,81],"tags":[],"class_list":["post-109910","post","type-post","status-publish","format-standard","hentry","category-actualite","category-burkina-faso"],"_links":{"self":[{"href":"https:\/\/linitiative.ca\/International\/wp-json\/wp\/v2\/posts\/109910","targetHints":{"allow":["GET"]}}],"collection":[{"href":"https:\/\/linitiative.ca\/International\/wp-json\/wp\/v2\/posts"}],"about":[{"href":"https:\/\/linitiative.ca\/International\/wp-json\/wp\/v2\/types\/post"}],"author":[{"embeddable":true,"href":"https:\/\/linitiative.ca\/International\/wp-json\/wp\/v2\/users\/1813"}],"replies":[{"embeddable":true,"href":"https:\/\/linitiative.ca\/International\/wp-json\/wp\/v2\/comments?post=109910"}],"version-history":[{"count":0,"href":"https:\/\/linitiative.ca\/International\/wp-json\/wp\/v2\/posts\/109910\/revisions"}],"wp:attachment":[{"href":"https:\/\/linitiative.ca\/International\/wp-json\/wp\/v2\/media?parent=109910"}],"wp:term":[{"taxonomy":"category","embeddable":true,"href":"https:\/\/linitiative.ca\/International\/wp-json\/wp\/v2\/categories?post=109910"},{"taxonomy":"post_tag","embeddable":true,"href":"https:\/\/linitiative.ca\/International\/wp-json\/wp\/v2\/tags?post=109910"}],"curies":[{"name":"wp","href":"https:\/\/api.w.org\/{rel}","templated":true}]}}