{"id":109916,"date":"2021-01-23T22:18:02","date_gmt":"2021-01-24T03:18:02","guid":{"rendered":"https:\/\/linitiative.ca\/International\/marcelle-aka-laureate-du-super-prix-ebony-2020-du-meilleur-journaliste-ivoirien\/"},"modified":"2021-01-23T22:18:02","modified_gmt":"2021-01-24T03:18:02","slug":"marcelle-aka-laureate-du-super-prix-ebony-2020-du-meilleur-journaliste-ivoirien","status":"publish","type":"post","link":"https:\/\/linitiative.ca\/International\/marcelle-aka-laureate-du-super-prix-ebony-2020-du-meilleur-journaliste-ivoirien\/","title":{"rendered":"Marcelle Aka, laur\u00e9ate du Super Prix Ebony 2020 du meilleur journaliste ivoirien"},"content":{"rendered":"<p>La journaliste ivoirienne, Marcelle Akissi Aka du quotidien L\u2019Inter, a remport\u00e9 samedi le Super Prix Ebony 2020 du meilleur journaliste de C\u00f4te d\u2019Ivoire, \u00e0 l\u2019occasion de la 22e \u00e9dition du week-end des Ebony tenue \u00e0 Yamoussoukro.<\/p>\n<p>Les Prix Ebony, organis\u00e9s par l\u2019Union nationale des journalistes de C\u00f4te d\u2019Ivoire (Unjci), sont d\u00e9cern\u00e9s aux meilleurs journalistes ivoiriens dans les productions d\u2019enqu\u00eates, de reportages et d\u2019interviews. Ils comportent \u00e9galement des prix sectoriels et sp\u00e9ciaux.\u00a0<\/p>\n<p>La laur\u00e9ate du Super Ebony, Marcelle Aka, a remport\u00e9 le prix Jean-Pierre Ay\u00e9 de la meilleure interview. Une production qui a accroch\u00e9 le jury, pr\u00e9sid\u00e9 par M. Keb\u00e9 Yacouba, le pr\u00e9sident de la Commission acc\u00e8s \u00e0 l\u2019information d\u2019int\u00e9r\u00eat public et aux documents publics (CAIDP).\u00a0<\/p>\n<p>Sortie d\u2019une op\u00e9ration chirurgicale, il y a plus d\u2019une semaine, Marcelle Aka a toutefois pris part \u00e0 la Soir\u00e9e des Ebony qui c\u00e9l\u00e8bre l\u2019excellence dans le secteur de la presse. Elle a d\u00e9clar\u00e9 que \u00ab\u00a0la t\u00e2che n\u2019a pas \u00e9t\u00e9 ais\u00e9e, mais c\u2019est au bout de l\u2019effort qu\u2019on peut relever les d\u00e9fis\u00a0\u00bb.\u00a0<\/p>\n<p>\u00ab\u00a0Les grands genres (journalistiques) sont en train de dispara\u00eetre dans les journaux, et vu que les parts de march\u00e9 sont \u00e9miett\u00e9es \u00e0 cause de la concurrence, il faut que nous journalistes, nous fassions la promotion des grands genres (reportage, interview, enqu\u00eate)\u00a0\u00bb, a-t-elle soutenu.<\/p>\n<p>Le Prix J\u00e9r\u00f4me Di\u00e9gou Bailly de la meilleure enqu\u00eate a \u00e9t\u00e9 attribu\u00e9 \u00e0 la journaliste Germaine Boni Ado de Fraternit\u00e9 Matin, le journal officiel, tandis que le prix Joseph Diomand\u00e9 du meilleur reportage est revenu \u00e0 Amy Sissoko de la RTI 1, la t\u00e9l\u00e9vision publique.<\/p>\n<p>Adama Bakayoko de la radio C\u00f4te d\u2019Ivoire (publique), a d\u00e9croch\u00e9 le Prix du meilleur journaliste culturel d\u00e9nomm\u00e9 prix Zadi Zahourou. Le Prix sp\u00e9cial pour la lutte contre le travail des enfants, pr\u00e9sid\u00e9 par la Premi\u00e8re dame Dominique Ouattara, a \u00e9t\u00e9 d\u00e9cern\u00e9 \u00e0 Germain Gabo Kob\u00e9 de Fraternit\u00e9 Matin.\u00a0<\/p>\n<p>Emiline P\u00e9h\u00e9 de Fraternit\u00e9 Matin, elle, a arrach\u00e9 le Prix sp\u00e9cial du meilleur journaliste en agro-industrie. Quant au prix sp\u00e9cial du meilleur pr\u00e9sentateur du journal t\u00e9l\u00e9vis\u00e9, il a \u00e9t\u00e9 attribu\u00e9 \u00e0 Ali Diarrassouba de Nouvelle cha\u00eene ivoirienne (NCI, priv\u00e9e).<\/p>\n<p>Le Prix sp\u00e9cial du meilleur journaliste d\u2019agence de presse en ligne, une innovation pour l\u2019\u00e9dition des Ebony 2020, a \u00e9t\u00e9 remport\u00e9 par Marcel Ngbesso Assoumou, de l\u2019Agence ivoirienne de presse (AIP, publique).<\/p>\n<p>Pour la promotion des droits de l\u2019Homme, un prix sp\u00e9cial a \u00e9t\u00e9 initi\u00e9. Cette distinction est revenue \u00e0 Armel Kouadio Nguessan de Radio C\u00f4te d\u2019Ivoire. Le Prix sp\u00e9cial pour la promotion du transport, lui, a \u00e9t\u00e9 d\u00e9cern\u00e9 \u00e0 Bamba Mafoumgb\u00e9 du journal Le Temps.<\/p>\n<p>Quant au prix de la meilleure entreprise de presse en bonne gouvernance, prix Amadou Gon Coulibaly, a \u00e9t\u00e9 remis au Groupe Olympe. Le Prix sp\u00e9cial du meilleur journaliste pour la lutte contre l\u2019immigration irr\u00e9guli\u00e8re, a \u00e9t\u00e9 attribu\u00e9 \u00e0 Ernest N\u2019zi Kouakou de Radio Chandelier.<\/p>\n<p>Le Prix sp\u00e9cial SODEFOR pour la lutte contre la d\u00e9forestation a \u00e9t\u00e9 rafl\u00e9 par Germain Gabo de Fraternit\u00e9 Matin. Thomas Mahi, lui, part avec le Prix du meilleur journaliste sportif, tandis que Esther Nguessan de l\u2019AIP s\u2019arroge le prix sp\u00e9cial pour la lutte contre la fraude CIE (Compagnie ivoirienne d\u2019\u00e9lectricit\u00e9). \u00a0<\/p>\n<p>Marcelle Aka a par ailleurs gagn\u00e9 le prix de la meilleure journaliste en presse \u00e9crite. Le Prix Ebony presse num\u00e9rique a \u00e9t\u00e9 d\u00e9cern\u00e9 \u00e0 Tenin Be Ousmane de Voix de femme, alors que le prix Ebony Radio a \u00e9t\u00e9 glan\u00e9 par Aim\u00e9 Ludovic de Radio Yopougon.\u00a0<\/p>\n<p>L\u2019Ebony t\u00e9l\u00e9vision a \u00e9t\u00e9 remport\u00e9 par le journaliste Check Kon\u00e9 de la RTI 1, la t\u00e9l\u00e9vision publique. Outre les prix d\u00e9cern\u00e9s aux journalistes, des Ebony d\u2019honneur ont \u00e9t\u00e9 attribu\u00e9s \u00e0 des personnalit\u00e9s, notamment des devanciers qui ont contribu\u00e9 \u00e0 \u00e9crire les belles pages de la presse ivoirienne.\u00a0<\/p>\n<p>Les Ebony d\u2019honneur ont \u00e9t\u00e9 remis \u00e0 Samba Kon\u00e9, pr\u00e9sident de l\u2019Autorit\u00e9 nationale de la presse (ANP, r\u00e9gulateur presse \u00e9crite et num\u00e9rique), Zio Moussa, le pr\u00e9sident de l\u2019Observatoire de la libert\u00e9 de la presse (Olped), No\u00ebl Yao et K\u00e9b\u00e9 Yacouba.\u00a0<\/p>\n<p>L\u2019\u00c9dition 2020 des Prix Ebony s\u2019est d\u00e9roul\u00e9e autour du th\u00e8me: \u00ab\u00a0Quel journalisme pour une C\u00f4te d\u2019Ivoire rassembl\u00e9e ?\u00a0\u00bb. Le ministre de la Communication et des m\u00e9dias, Sidi Tour\u00e9, repr\u00e9sentant le Premier ministre Hamed Bakayoko, le parrain, a salu\u00e9 les efforts de la presse pour l\u2019\u00e9dification d\u2019une paix durable en C\u00f4te d\u2019Ivoire.<\/p>\n<p>M. Sidi Tour\u00e9, par ailleurs porte-parole du gouvernement, a encourag\u00e9 les professionnels de la presse ivoirienne \u00e0 \u00eatre des \u00ab\u00a0b\u00e2tisseurs de l\u2019humanit\u00e9\u00a0\u00bb, tout en assurant de l\u2019appui du gouvernement aux diff\u00e9rents projets des organisations des journalistes.<\/p>\n<p>Le pr\u00e9sident du Conseil ex\u00e9cutif de l\u2019Unjci, Jean-Claude Coulibaly, a rappel\u00e9 que Ebony, nom de plume No\u00ebl Essy Kouam\u00e9 (1953-juillet 1986), un journaliste \u00e9m\u00e9rite et homme de lettres, vise \u00e0 c\u00e9l\u00e9brer l\u2019excellence dans le secteur de la presse. Ce prix se tient chaque ann\u00e9e.\u00a0<\/p>\n<p>Auteur: APA News<br \/>\n<a href=\"https:\/\/www.journalducameroun.com\/marcelle-aka-laureate-du-super-prix-ebony-2020-du-meilleur-journaliste-ivoirien\/\">Cliquez ici pour lire l&rsquo;article depuis sa source.<\/a><\/p>\n","protected":false},"excerpt":{"rendered":"<p>La journaliste ivoirienne, Marcelle Akissi Aka du quotidien L\u2019Inter, a remport\u00e9 samedi le Super Prix Ebony 2020 du meilleur journaliste de C\u00f4te d\u2019Ivoire, \u00e0 l\u2019occasion de la 22e \u00e9dition du week-end des Ebony tenue \u00e0 Yamoussoukro. Les Prix Ebony, organis\u00e9s par l\u2019Union nationale des journalistes de C\u00f4te d\u2019Ivoire (Unjci), sont d\u00e9cern\u00e9s aux meilleurs journalistes ivoiriens [&hellip;]<\/p>\n","protected":false},"author":1965,"featured_media":0,"comment_status":"closed","ping_status":"closed","sticky":false,"template":"","format":"standard","meta":{"fifu_image_url":"","fifu_image_alt":"","footnotes":""},"categories":[73,82],"tags":[],"class_list":["post-109916","post","type-post","status-publish","format-standard","hentry","category-actualite","category-cameroun"],"_links":{"self":[{"href":"https:\/\/linitiative.ca\/International\/wp-json\/wp\/v2\/posts\/109916","targetHints":{"allow":["GET"]}}],"collection":[{"href":"https:\/\/linitiative.ca\/International\/wp-json\/wp\/v2\/posts"}],"about":[{"href":"https:\/\/linitiative.ca\/International\/wp-json\/wp\/v2\/types\/post"}],"author":[{"embeddable":true,"href":"https:\/\/linitiative.ca\/International\/wp-json\/wp\/v2\/users\/1965"}],"replies":[{"embeddable":true,"href":"https:\/\/linitiative.ca\/International\/wp-json\/wp\/v2\/comments?post=109916"}],"version-history":[{"count":0,"href":"https:\/\/linitiative.ca\/International\/wp-json\/wp\/v2\/posts\/109916\/revisions"}],"wp:attachment":[{"href":"https:\/\/linitiative.ca\/International\/wp-json\/wp\/v2\/media?parent=109916"}],"wp:term":[{"taxonomy":"category","embeddable":true,"href":"https:\/\/linitiative.ca\/International\/wp-json\/wp\/v2\/categories?post=109916"},{"taxonomy":"post_tag","embeddable":true,"href":"https:\/\/linitiative.ca\/International\/wp-json\/wp\/v2\/tags?post=109916"}],"curies":[{"name":"wp","href":"https:\/\/api.w.org\/{rel}","templated":true}]}}