{"id":109917,"date":"2021-01-24T07:42:15","date_gmt":"2021-01-24T12:42:15","guid":{"rendered":"https:\/\/linitiative.ca\/International\/chan-2020-cameroun-contre-burkina-faso-choc-explosif-ce-dimanche-dans-la-cuvette-de-mfandena\/"},"modified":"2021-01-24T07:42:15","modified_gmt":"2021-01-24T12:42:15","slug":"chan-2020-cameroun-contre-burkina-faso-choc-explosif-ce-dimanche-dans-la-cuvette-de-mfandena","status":"publish","type":"post","link":"https:\/\/linitiative.ca\/International\/chan-2020-cameroun-contre-burkina-faso-choc-explosif-ce-dimanche-dans-la-cuvette-de-mfandena\/","title":{"rendered":"Chan 2020 : Cameroun contre Burkina Faso, choc explosif ce dimanche dans la cuvette de Mfandena"},"content":{"rendered":"<div readability=\"32\">\n<p>Publi\u00e9 le 24.01.2021 \u00e0 13h42 par Christian Djimadeu<\/p>\n<\/div>\n<div readability=\"55\">\n<h2>Les Lions A\u2019 ont besoin d\u2019un nul ou d\u2019une victoire ce 24 janvier pour se qualifier pour les quarts de finale du sixi\u00e8me Championnat d\u2019Afrique des nations.<\/h2>\n<p>Le Cameroun va-t-il se qualifier pour le second tour du Chan ? Telle est la question qui brule toutes les l\u00e8vres ce dimanche. Les Lions indomptables A\u2019 affronte l\u2019une des meilleures \u00e9quipes de sa poule, le Burkina Faso, qui a imp\u00e9rativement besoin de la victoire pour ne pas sortir au premier tour.<\/p>\n<p>Le match a tout l\u2019air d\u2019une finale. Le Cameroun compte jusqu\u2019ici 4 points, pareil que le Mali. Le Burkina occupe la troisi\u00e8me place de la poule avec 3 points, devant le Zimbabwe qui n\u2019en compte aucun.<\/p>\n<p>Hier en conf\u00e9rence de presse d\u2019avant match, le s\u00e9lectionneur Camerounais Martin Ndtoungou Mpil\u00e9 a affirm\u00e9 que \u00e9quipe jouera pour capter une victoire et non nul.<\/p>\n<p>Le s\u00e9lectionneur Burkinab\u00e9 Seydou Zerbo \u00e0 pour sa part indiqu\u00e9 que \u00ab <em>Ce sera un match difficile pour nous, mais aussi pour l\u2019adversaire. Nous allons mettre tous nos atouts pour faire un tr\u00e8s bon match<\/em> \u00bb._<\/p>\n<p>Le coup d\u2019envoi de la rencontre sera donn\u00e9 \u00e0 20 heures. Au m\u00eame moment que l\u2019autre rencontre du groupe A entre le Mali et le Zimbabwe du c\u00f4t\u00e9 de Douala.<\/p>\n<\/div>\n<p>Auteur: Christian DJIMADEU<br \/>\n<a href=\"https:\/\/www.journalducameroun.com\/chan-2020-cameroun-contre-burkina-faso-choc-explosif-ce-dimanche-dans-la-cuvette-de-camerounmfandena\/\">Cliquez ici pour lire l&rsquo;article depuis sa source.<\/a><\/p>\n","protected":false},"excerpt":{"rendered":"<p>Publi\u00e9 le 24.01.2021 \u00e0 13h42 par Christian Djimadeu Les Lions A\u2019 ont besoin d\u2019un nul ou d\u2019une victoire ce 24 janvier pour se qualifier pour les quarts de finale du sixi\u00e8me Championnat d\u2019Afrique des nations. Le Cameroun va-t-il se qualifier pour le second tour du Chan ? Telle est la question qui brule toutes les [&hellip;]<\/p>\n","protected":false},"author":1965,"featured_media":0,"comment_status":"closed","ping_status":"closed","sticky":false,"template":"","format":"standard","meta":{"fifu_image_url":"","fifu_image_alt":"","footnotes":""},"categories":[73,82],"tags":[],"class_list":["post-109917","post","type-post","status-publish","format-standard","hentry","category-actualite","category-cameroun"],"_links":{"self":[{"href":"https:\/\/linitiative.ca\/International\/wp-json\/wp\/v2\/posts\/109917","targetHints":{"allow":["GET"]}}],"collection":[{"href":"https:\/\/linitiative.ca\/International\/wp-json\/wp\/v2\/posts"}],"about":[{"href":"https:\/\/linitiative.ca\/International\/wp-json\/wp\/v2\/types\/post"}],"author":[{"embeddable":true,"href":"https:\/\/linitiative.ca\/International\/wp-json\/wp\/v2\/users\/1965"}],"replies":[{"embeddable":true,"href":"https:\/\/linitiative.ca\/International\/wp-json\/wp\/v2\/comments?post=109917"}],"version-history":[{"count":0,"href":"https:\/\/linitiative.ca\/International\/wp-json\/wp\/v2\/posts\/109917\/revisions"}],"wp:attachment":[{"href":"https:\/\/linitiative.ca\/International\/wp-json\/wp\/v2\/media?parent=109917"}],"wp:term":[{"taxonomy":"category","embeddable":true,"href":"https:\/\/linitiative.ca\/International\/wp-json\/wp\/v2\/categories?post=109917"},{"taxonomy":"post_tag","embeddable":true,"href":"https:\/\/linitiative.ca\/International\/wp-json\/wp\/v2\/tags?post=109917"}],"curies":[{"name":"wp","href":"https:\/\/api.w.org\/{rel}","templated":true}]}}