{"id":109918,"date":"2021-01-24T11:18:02","date_gmt":"2021-01-24T16:18:02","guid":{"rendered":"https:\/\/linitiative.ca\/International\/lafrique-est-la-prochaine-frontiere-commerciale-adesina\/"},"modified":"2021-01-24T11:18:02","modified_gmt":"2021-01-24T16:18:02","slug":"lafrique-est-la-prochaine-frontiere-commerciale-adesina","status":"publish","type":"post","link":"https:\/\/linitiative.ca\/International\/lafrique-est-la-prochaine-frontiere-commerciale-adesina\/","title":{"rendered":"\u00ab L\u2019Afrique est la prochaine fronti\u00e8re commerciale\u00bb (Adesina)"},"content":{"rendered":"<div readability=\"32\">\n<p>Publi\u00e9 le 24.01.2021 \u00e0 17h18 par APA News<\/p>\n<\/div>\n<div readability=\"95\">\n<p>Le pr\u00e9sident de la Banque africaine de d\u00e9veloppement (Bad) a soutenu que l\u2019Afrique reste un terrain propice \u00e0 l\u2019investissement, si le continent arrive \u00e0 dynamiser son secteur de la sant\u00e9, a d\u00e9clar\u00e9 Akinwumi A. Adesina, lors de la Conf\u00e9rence sur l\u2019investissement en Afrique.Le pr\u00e9sident de la Bad s\u2019est exprim\u00e9 lors cet \u00e9v\u00e8nement virtuel d\u2019une journ\u00e9e organis\u00e9 par le minist\u00e8re du Commerce international du Royaume-Uni, qui a rassembl\u00e9 des dirigeants britanniques et africains du monde des affaires et de gouvernements pour discuter des possibilit\u00e9s d\u2019investissement et de partenariat.<\/p>\n<p>\u00ab L\u2019Afrique poss\u00e8de encore les fondamentaux qui ont contribu\u00e9 \u00e0 la croissance ph\u00e9nom\u00e9nale du continent au cours des dix derni\u00e8res ann\u00e9es \u00bb, a d\u00e9clar\u00e9 Akinwumi A. Adesina. Le continent offrait de vastes possibilit\u00e9s en termes de ressources naturelles, d\u2019immenses \u00e9tendues de terre arable et une population jeune, moteur d\u2019une urbanisation rapide. Le potentiel de la toute nouvelle Zone de libre-\u00e9change continentale africaine (ZLECAf) a \u00e9t\u00e9 \u00e9galement soulign\u00e9.<\/p>\n<p>\u00ab Les fondamentaux de ces taux de croissance ph\u00e9nom\u00e9naux en Afrique existent toujours [\u2026]. L\u2019Afrique se distingue pour ce qui est de la facilit\u00e9 de faire des affaires [\u2026]. L\u2019explosion du num\u00e9rique constat\u00e9 aujourd\u2019hui en Afrique est tr\u00e8s prometteuse \u00bb, a ajout\u00e9 le pr\u00e9sident Adesina, citant notamment la vague de fusions-acquisitions r\u00e9alis\u00e9es parmi les entreprises africaines.<\/p>\n<p>En effet, l\u2019\u00e9conomie de l\u2019Afrique a recul\u00e9 de 2,1 % en 2020 et devrait cro\u00eetre de 3,4 % en 2021 alors que l\u2019\u00e9conomie mondiale se remet de l\u2019impact de la pand\u00e9mie de Covid-19 a ajout\u00e9\u00a0\u00a0Adesina.<\/p>\n<p>Quatre secteurs \u00e9taient au menu des discussions des \u00e9changes : l\u2019infrastructure durable, les \u00e9nergies renouvelables, les services financiers et professionnels ainsi que l\u2019agriculture et l\u2019agro technologie.<\/p>\n<p>La commissaire britannique pour le commerce en Afrique, Emma Wade-Smith, a rejoint le pr\u00e9sident de la Bad pour une discussion informelle sur le th\u00e8me \u00abreconstruire en mieux, en utilisant les forces et les valeurs du secteur priv\u00e9 du Royaume-Uni et les opportunit\u00e9s interentreprises, en collaborant avec le gouvernement du Royaume-Uni et d\u2019autres partenaires \u00e0 l\u2019avenir\u00bb.<\/p>\n<p>Interrog\u00e9 par Emma Wade-Smith sur l\u2019impact des vaccins sur les perspectives \u00e9conomiques de l\u2019Afrique, Akinwumi A. Adesina a estim\u00e9 qu\u2019il s\u2019agissait d\u2019un probl\u00e8me \u00e0 long terme.<\/p>\n<p>L\u2019Afrique ne compte que 365 soci\u00e9t\u00e9s pharmaceutiques, contre 7 000 en Chine et 11 000 en Inde, deux pays avec des populations de taille comparable \u00e0 celle du continent. Les investisseurs britanniques ont \u00e9t\u00e9 fortement encourag\u00e9s \u00e0 se tourner vers l\u2019frique. \u00ab\u00a0C\u2019est l\u00e0 que se trouve la nouvelle fronti\u00e8re ! \u00bb, a affirm\u00e9 le pr\u00e9sident Adesina.<\/p>\n<p>Mme Wade-Smith a indiqu\u00e9 qu\u2019elle se r\u00e9jouissait d\u2019apprendre que dix des \u00e9conomies \u00e0 la croissance la plus rapide se trouvaient encore en Afrique, ajoutant que l\u2019on ne communiquait pas suffisamment sur l\u2019ampleur de l\u2019innovation dans la r\u00e9gion. Elle a affirm\u00e9 qu\u2019il \u00e9tait tout \u00e0 fait possible de conjuguer l\u2019innovation africaine et britannique. \u00ab J\u2019ai \u00e9t\u00e9 \u00e9tonn\u00e9e de constater \u00e0 quel point les opportunit\u00e9s sont nombreuses \u00bb, a-t-elle ajout\u00e9.<\/p>\n<\/div>\n<p>Auteur: APA News<br \/>\n<a href=\"https:\/\/www.journalducameroun.com\/lafrique-est-la-prochaine-frontiere-commerciale-adesina\/\">Cliquez ici pour lire l&rsquo;article depuis sa source.<\/a><\/p>\n","protected":false},"excerpt":{"rendered":"<p>Publi\u00e9 le 24.01.2021 \u00e0 17h18 par APA News Le pr\u00e9sident de la Banque africaine de d\u00e9veloppement (Bad) a soutenu que l\u2019Afrique reste un terrain propice \u00e0 l\u2019investissement, si le continent arrive \u00e0 dynamiser son secteur de la sant\u00e9, a d\u00e9clar\u00e9 Akinwumi A. Adesina, lors de la Conf\u00e9rence sur l\u2019investissement en Afrique.Le pr\u00e9sident de la Bad [&hellip;]<\/p>\n","protected":false},"author":1965,"featured_media":0,"comment_status":"closed","ping_status":"closed","sticky":false,"template":"","format":"standard","meta":{"fifu_image_url":"","fifu_image_alt":"","footnotes":""},"categories":[73,82],"tags":[],"class_list":["post-109918","post","type-post","status-publish","format-standard","hentry","category-actualite","category-cameroun"],"_links":{"self":[{"href":"https:\/\/linitiative.ca\/International\/wp-json\/wp\/v2\/posts\/109918","targetHints":{"allow":["GET"]}}],"collection":[{"href":"https:\/\/linitiative.ca\/International\/wp-json\/wp\/v2\/posts"}],"about":[{"href":"https:\/\/linitiative.ca\/International\/wp-json\/wp\/v2\/types\/post"}],"author":[{"embeddable":true,"href":"https:\/\/linitiative.ca\/International\/wp-json\/wp\/v2\/users\/1965"}],"replies":[{"embeddable":true,"href":"https:\/\/linitiative.ca\/International\/wp-json\/wp\/v2\/comments?post=109918"}],"version-history":[{"count":0,"href":"https:\/\/linitiative.ca\/International\/wp-json\/wp\/v2\/posts\/109918\/revisions"}],"wp:attachment":[{"href":"https:\/\/linitiative.ca\/International\/wp-json\/wp\/v2\/media?parent=109918"}],"wp:term":[{"taxonomy":"category","embeddable":true,"href":"https:\/\/linitiative.ca\/International\/wp-json\/wp\/v2\/categories?post=109918"},{"taxonomy":"post_tag","embeddable":true,"href":"https:\/\/linitiative.ca\/International\/wp-json\/wp\/v2\/tags?post=109918"}],"curies":[{"name":"wp","href":"https:\/\/api.w.org\/{rel}","templated":true}]}}