{"id":109919,"date":"2021-01-24T15:18:02","date_gmt":"2021-01-24T20:18:02","guid":{"rendered":"https:\/\/linitiative.ca\/International\/la-ligue-arabe-salue-les-conclusions-du-dialogue-interlibyen-tenu-au-maroc\/"},"modified":"2021-01-24T15:18:02","modified_gmt":"2021-01-24T20:18:02","slug":"la-ligue-arabe-salue-les-conclusions-du-dialogue-interlibyen-tenu-au-maroc","status":"publish","type":"post","link":"https:\/\/linitiative.ca\/International\/la-ligue-arabe-salue-les-conclusions-du-dialogue-interlibyen-tenu-au-maroc\/","title":{"rendered":"La Ligue arabe salue les conclusions du dialogue interlibyen tenu au Maroc"},"content":{"rendered":"<div readability=\"32\">\n<p>Publi\u00e9 le 24.01.2021 \u00e0 21h18 par APA News<\/p>\n<\/div>\n<div readability=\"100\">\n<p>Par Mohamed Fayed \u2014 La Ligue des Etats arabes a salu\u00e9, dimanche, les accords auxquels sont parvenues les d\u00e9l\u00e9gations du Haut Conseil d\u2019Etat et de la Chambre des repr\u00e9sentants libyens lors du nouveau round du dialogue interlibyen sur l\u2019unification des institutions libyennes et les occupants des postes de souverainet\u00e9, tenu les 22 et 23 janvier \u00e0 Bouznika, au Maroc.Dans un communiqu\u00e9, la Ligue arabe a soulign\u00e9 que ces progr\u00e8s importants contribueront \u00e0 r\u00e9soudre la crise libyenne et \u00e0 faire avancer les processus de r\u00e8glement parrain\u00e9s par l\u2019ONU, en particulier en ce qui concerne la formation du nouveau pouvoir ex\u00e9cutif, l\u2019unification des institutions libyennes, la mise en \u0153uvre des dispositions de l\u2019accord de cessez-le-feu et le d\u00e9but des pr\u00e9paratifs des \u00e9lections pr\u00e9sidentielles et l\u00e9gislatives.<\/p>\n<p>La Ligue arabe a exprim\u00e9 son soutien \u00e0 tous les efforts nationaux dans lesquels les Libyens sont engag\u00e9s afin de parvenir \u00e0 un r\u00e8glement politique int\u00e9gr\u00e9 de la situation dans le pays, saluant \u00e0 cet \u00e9gard les accords conclus r\u00e9cemment par les d\u00e9l\u00e9gations du Haut Conseil d\u2019Etat et de la Chambre des repr\u00e9sentants en Egypte concernant les dispositions constitutionnelles portant sur les \u00e9lections.<\/p>\n<p>Les d\u00e9l\u00e9gations du Haut Conseil d\u2019Etat et de la Chambre des repr\u00e9sentants libyens se sont mises d\u2019accord, samedi \u00e0 Bouznika, sur la formation et la nomination de groupes de travail restreints pour prendre des mesures pratiques au sujet des occupants des postes de souverainet\u00e9.<\/p>\n<p>Dans le communiqu\u00e9 final sanctionnant les travaux d\u2019un nouveau round du dialogue interlibyen, les deux parties indiquent qu\u2019il a \u00e9t\u00e9 proc\u00e9d\u00e9, lors de cette r\u00e9union, \u00e0 la r\u00e9vision de ce qui a \u00e9t\u00e9 convenu concernant la mise en oeuvre de l\u2019article 15 de l\u2019accord politique de Skhirat de 2015.<\/p>\n<p>Les groupes de travail veilleront notamment \u00e0 l\u2019\u00e9laboration des formulaires de candidature et inviteront les candidats \u00e0 pr\u00e9senter leurs dossiers qui doivent r\u00e9pondre aux crit\u00e8res et conditions convenus, rel\u00e8ve le communiqu\u00e9, notant que ces \u00e9quipes vont \u00e9galement s\u2019assurer de la conformit\u00e9 des candidatures avec les crit\u00e8res et conditions mis en place comme elles recevront les formulaires de candidature et les curriculum vitae des candidats \u00e0 partir du 26 janvier 2021 \u00e0 midi jusqu\u2019au 2 f\u00e9vrier prochain.<\/p>\n<p>Selon la m\u00eame source, les postes de souverainet\u00e9 concern\u00e9s sont ceux de gouverneur de la banque centrale et son adjoint, de pr\u00e9sident de l\u2019autorit\u00e9 de contr\u00f4le administratif et son adjoint, de pr\u00e9sident du bureau d\u2019audit et son adjoint, de pr\u00e9sident de l\u2019Instance de lutte contre la corruption et son adjoint, outre le poste de pr\u00e9sident de la Haute commission \u00e9lectorale libyenne.<\/p>\n<p>Le communiqu\u00e9 a aussi mis l\u2019accent sur la n\u00e9cessit\u00e9 de respecter les crit\u00e8res de comp\u00e9tence et de professionnalisme et de veiller \u00e0 l\u2019\u00e9quilibre g\u00e9ographique \u00e0 m\u00eame de garantir une r\u00e9partition \u00e9quitable de tous les postes sup\u00e9rieurs dans les institutions de l\u2019Etat (gouvernement, postes de leadership dans les institutions \u00e9conomiques et de services outre ceux de souverainet\u00e9).<\/p>\n<p>Les nominations \u00e0 ces postes prennent fin d\u00e8s cl\u00f4ture de l\u2019\u00e9tape pr\u00e9liminaire puisque les pr\u00e9rogatives seront restaur\u00e9es aux autorit\u00e9s \u00e9lues et au gouvernement charg\u00e9 de ces autorit\u00e9s.<\/p>\n<p>Quant aux postes de pr\u00e9sident de la cour supr\u00eame et de procureur g\u00e9n\u00e9ral, le communiqu\u00e9 a relev\u00e9 que les mesures stipul\u00e9es dans les l\u00e9gislations en vigueur y seront appliqu\u00e9es.<\/p>\n<p>Par ailleurs, les deux parties libyennes ont insist\u00e9 sur le soutien des efforts fournis par le Forum de dialogue politique parrain\u00e9 par la Mission d\u2019appui des Nations Unies en Libye pour former un pouvoir ex\u00e9cutif de l\u2019\u00e9tape pr\u00e9liminaire, soulignant qu\u2019elles s\u2019acquitteront de leurs responsabilit\u00e9s si les efforts du dialogue politique concernant la r\u00e9alisation de cette \u00e9ch\u00e9ance ne parviennent pas.<\/p>\n<\/div>\n<p>Auteur: APA News<br \/>\n<a href=\"https:\/\/www.journalducameroun.com\/la-ligue-arabe-salue-les-conclusions-du-dialogue-interlibyen-tenu-au-maroc\/\">Cliquez ici pour lire l&rsquo;article depuis sa source.<\/a><\/p>\n","protected":false},"excerpt":{"rendered":"<p>Publi\u00e9 le 24.01.2021 \u00e0 21h18 par APA News Par Mohamed Fayed \u2014 La Ligue des Etats arabes a salu\u00e9, dimanche, les accords auxquels sont parvenues les d\u00e9l\u00e9gations du Haut Conseil d\u2019Etat et de la Chambre des repr\u00e9sentants libyens lors du nouveau round du dialogue interlibyen sur l\u2019unification des institutions libyennes et les occupants des postes [&hellip;]<\/p>\n","protected":false},"author":1965,"featured_media":0,"comment_status":"closed","ping_status":"closed","sticky":false,"template":"","format":"standard","meta":{"fifu_image_url":"","fifu_image_alt":"","footnotes":""},"categories":[73,82],"tags":[],"class_list":["post-109919","post","type-post","status-publish","format-standard","hentry","category-actualite","category-cameroun"],"_links":{"self":[{"href":"https:\/\/linitiative.ca\/International\/wp-json\/wp\/v2\/posts\/109919","targetHints":{"allow":["GET"]}}],"collection":[{"href":"https:\/\/linitiative.ca\/International\/wp-json\/wp\/v2\/posts"}],"about":[{"href":"https:\/\/linitiative.ca\/International\/wp-json\/wp\/v2\/types\/post"}],"author":[{"embeddable":true,"href":"https:\/\/linitiative.ca\/International\/wp-json\/wp\/v2\/users\/1965"}],"replies":[{"embeddable":true,"href":"https:\/\/linitiative.ca\/International\/wp-json\/wp\/v2\/comments?post=109919"}],"version-history":[{"count":0,"href":"https:\/\/linitiative.ca\/International\/wp-json\/wp\/v2\/posts\/109919\/revisions"}],"wp:attachment":[{"href":"https:\/\/linitiative.ca\/International\/wp-json\/wp\/v2\/media?parent=109919"}],"wp:term":[{"taxonomy":"category","embeddable":true,"href":"https:\/\/linitiative.ca\/International\/wp-json\/wp\/v2\/categories?post=109919"},{"taxonomy":"post_tag","embeddable":true,"href":"https:\/\/linitiative.ca\/International\/wp-json\/wp\/v2\/tags?post=109919"}],"curies":[{"name":"wp","href":"https:\/\/api.w.org\/{rel}","templated":true}]}}