{"id":109923,"date":"2021-01-24T10:06:15","date_gmt":"2021-01-24T15:06:15","guid":{"rendered":"https:\/\/linitiative.ca\/International\/agro-industrie-lusine-davocats-de-mbouda-sans-machines\/"},"modified":"2021-01-24T10:06:15","modified_gmt":"2021-01-24T15:06:15","slug":"agro-industrie-lusine-davocats-de-mbouda-sans-machines","status":"publish","type":"post","link":"https:\/\/linitiative.ca\/International\/agro-industrie-lusine-davocats-de-mbouda-sans-machines\/","title":{"rendered":"Agro-industrie : l\u2019usine d\u2019avocats de Mbouda sans machines"},"content":{"rendered":"<p>C\u2019est depuis huit ans que les populations du d\u00e9partement des Bamboutos attendent de voir entrer en activit\u00e9 l\u2019usine d\u2019extraction d\u2019huile d\u2019avocat. C\u2019est depuis 2013 que l\u2019information annon\u00e7ant sa cr\u00e9ation circule au Cameroun. Sur le site de ce projet, situ\u00e9 \u00e0 moins d\u2019un kilom\u00e8tre de la chefferie Bafounda, les travaux de g\u00e9nie civil sont d\u00e9j\u00e0 achev\u00e9s. Selon des sources sur place, le projet a d\u00e9j\u00e0 fait l\u2019objet d\u2019une r\u00e9ception provisoire au cours d\u2019une r\u00e9union \u00e0 la satisfaction de Fran\u00e7ois Wadji, maire de la Commune de Mbouda. Les riverains de ce site et les populations rencontr\u00e9es sont conscientes du fait que ce projet viendra enfin valoriser ce fruit tr\u00e8s r\u00e9put\u00e9 dans le d\u00e9partement des Bamboutos. Ce projet qui vient ainsi amorcer l\u2019industrialisation de cette partie du pays, est mis en \u0153uvre dans le cadre du \u00ab Sous-programme de r\u00e9duction de la pauvret\u00e9 \u00e0 la base \u00bb, pilot\u00e9 par le minist\u00e8re de l\u2019\u00c9conomie, de la planification et l\u2019am\u00e9nagement du territoire (MINEPAT) avec le concours du Programme des nations unies pour le d\u00e9veloppement (PNUD).<\/p>\n<p><strong>Lire aussi<\/strong> : <a href=\"https:\/\/ecomatin.net\/450-millions-pour-construire-une-usine-dextraction-dhuile-davocat-a-mbouda\/\">450 millions pour construire une usine d\u2019extraction d\u2019huile d\u2019avocat \u00e0 Mbouda<\/a><\/p>\n<p><strong>Une enveloppe globale de 450 millions<\/strong><\/p>\n<p>Au sein des producteurs, la mise en activit\u00e9 de cette usine, une fois les travaux achev\u00e9s dans sa globalit\u00e9, viendra revaloriser ce potentiel agricole qui est rest\u00e9 dans la l\u00e9thargie depuis plusieurs d\u00e9cennies. Il est connu de toute personne \u00e9trang\u00e8re au d\u00e9partement des Bamboutos, qu\u2019\u00ab \u00e0 Mbouda, il n\u2019y a pas de sardine \u00bb. Cette d\u00e9claration aux connotations p\u00e9joratives, est devenue du fil du temps le fruit par lequel, tout ressortissant de cette unit\u00e9 administrative s\u2019identifie. Un tel projet autour de ce potentiel agricole identique \u00e0 ce d\u00e9partement, viendra valoriser ce fruit tr\u00e8s pris\u00e9 donc la r\u00e9putation n\u2019est plus \u00e0 d\u00e9montrer dans le monde. Ce projet une fois r\u00e9alis\u00e9 va entrainer de nombreux emplois \u00e0 pourvoir.<\/p>\n<p>Sur le site, la gu\u00e9rite, le b\u00e2timent administratif, la cantine, l\u2019unit\u00e9 de traitement de d\u00e9chets et le b\u00e2timent principal devant abriter l\u2019usine affichent fi\u00e8re allure. \u00ab Les travaux sont achev\u00e9s. Seuls les petits travaux de finition sont en cours actuellement. Pour le moment, nous attendons les machines qui ont \u00e9t\u00e9 fabriqu\u00e9es en Italie. Vous comprenez que dans les prochains jours, l\u2019usine d\u2019extraction de l\u2019huile d\u2019avocat de Mbouda sera op\u00e9rationnelle \u00bb, confie un responsable. D\u2019apr\u00e8s Armel W., l\u2019ing\u00e9nieur en charge des travaux de g\u00e9nie civil, \u00ab Vu l\u2019\u00e9volution des travaux, nous comptons livrer ces travaux la semaine prochaine. Quand je parle de livraison, il s\u2019agit du gros \u0153uvre, les portes, les raccords en termes de cr\u00e9pissage, par la suite nous allons lancer avec les en-tuiles, la peinture\u00bb. Mbouda porteur de ce projet, fait ainsi partie des communes de la R\u00e9publique dans lesquelles les fili\u00e8res porteuses de croissance devraient \u00eatre encourag\u00e9es. C\u2019est ainsi que la commune de Mbouda a \u00e9t\u00e9 retenu comme projet porteur de croissance. Une fois inform\u00e9, le Gouvernement \u00e0 travers le MINEPAT a donc d\u00e9cid\u00e9 d\u2019accorder une enveloppe globale de 450 millions pour le financement de la construction de cette usine.<\/p>\n<p><strong>Lire aussi<\/strong> : <a href=\"https:\/\/ecomatin.net\/le-cameroun-veut-mettre-sur-pied-trois-usines-dextraction-dhuile-de-palme\/\">Le Cameroun veut mettre sur pied trois usines d\u2019extraction d\u2019huile de palme<\/a><\/p>\n<p><strong>30% de pertes enregistr\u00e9es par an<\/strong><\/p>\n<p>Bien que Mbouda soit reconnu comme une terre par excellence de la production d\u2019avocats, cette commune aura besoin de ses pairs pour faire tourner cette usine en plein temps et atteindre les objectifs escompt\u00e9s. En attendant l\u2019installation des machines, les autres bassins de production \u00e0 savoir le Noun et la Mifi sont sollicit\u00e9s dans le but de renforcer la fourniture de la mati\u00e8re premi\u00e8re. Sur place, les populations sont encourag\u00e9es \u00e0 quitter de la production pour la consommation, \u00e0 migrer vers les vari\u00e9t\u00e9s plus riches en huile dans la perspective de tirer tout le profit et les avantages qu\u2019offrira cette usine. Surtout quand on sait qu\u2019\u00e0 Mbouda comme partout sur l\u2019\u00e9tendue des Bamboutos, pas possible de recenser une concession derri\u00e8re laquelle ne se trouve un avocatier. Les populations, depuis des centaines d\u2019ann\u00e9es se sont ainsi investies dans cette culture qui alimente leur quotidien et permet \u00e0 de nombreuses familles de r\u00eaver d\u2019un cadre de vie meilleure apr\u00e8s la chute du prix kilogramme de caf\u00e9. Elles ont \u00e9t\u00e9 sensibilis\u00e9es \u00e0 passer de leurs avocatiers habituels, pour des nouvelles vari\u00e9t\u00e9s plus am\u00e9lior\u00e9es et \u00e0 forte teneur en huile.<\/p>\n<p>Selon les statistiques du minist\u00e8re de l\u2019Agriculture et du d\u00e9veloppement rural, le d\u00e9partement des Bamboutos dont Mbouda est le chef-lieu, est le principal bassin de production des avocats au Cameroun avec environ 120 000 tonnes chaque ann\u00e9e. Le projet en cours d\u2019ach\u00e8vement \u00e0 Mbouda viendra entre autres, permettre de profiter des plus de 30% de pertes que les populations des Bamboutos enregistrent chaque ann\u00e9e du fait du caract\u00e8re hautement p\u00e9rissable de ce fruit qui s\u2019\u00e9coule jusqu\u2019ici dans les principales grandes villes du Cameroun et en Afrique Centrale. Jadis utilis\u00e9 pour des simples besoins de consommation, les experts sont unanimes que l\u2019avocat pr\u00e9sente aussi des vertus dans la fabrication des produits utiles dans le traitement des cheveux et de la peau.<\/p>\n<p><strong>Lire aussi<\/strong> : <a href=\"https:\/\/ecomatin.net\/secteur-rural-lagriculture-familiale-pour-assurer-la-securite-alimentaire\/\">Agriculture familiale\u00a0: une agence nationale de conseil agropastoral en vue<\/a><\/p>\n<p><strong>Au commencement \u00e9tait l\u2019avocat<\/strong><\/p>\n<p>Les ann\u00e9es d\u2019avant 1990 dans le d\u00e9partement des Bamboutos, r\u00e9gion de l\u2019Ouest restent aujourd\u2019hui des ann\u00e9es de gloire avec des nombreuses reformes agricoles initi\u00e9es sous la houlette de certaines grandes figures. C\u2019est dans la culture du caf\u00e9 que le peuple de cette partie de l\u2019Ouest du Cameroun a excell\u00e9. La sant\u00e9 de cette culture \u00e9tait due \u00e0 sa forte rentabilit\u00e9 et sa comp\u00e9titivit\u00e9 sur le march\u00e9 national et international. Selon les \u00e9conomistes, c\u2019est \u00e0 la d\u00e9valuation du franc CFA que l\u2019on doit la d\u00e9cote de ce produit de rente quelques ann\u00e9es plus tard, nous sommes dans les ann\u00e9es 1994. Face \u00e0 cette situation inopin\u00e9e, le peuple Bamboutos ne s\u2019est pas comport\u00e9 en victimes r\u00e9sign\u00e9es. C\u2019est ainsi que, en plus des produits vivriers, furent d\u00e9velopp\u00e9s la culture de nombreux autres produits \u00e0 l\u2019instar de l\u2019ananas, la mangue, les goyaves et l\u2019avocat. Ce dernier connait \u00e0 l\u2019\u00e9tat actuel une renaissance remarquable digne de toutes les attentions.<\/p>\n<p>L\u2019ins\u00e9curit\u00e9 alimentaire justifie et milite pour la demande effective, permanente et sans cesse croissante de ce produit. La fertilit\u00e9 du sol dans les Bamboutos constitue un atout majeur et un actif sp\u00e9cifique qui garantissent la comp\u00e9titivit\u00e9 mise en exergue dans l\u2019achat de la production de certains avocatiers avant m\u00eame la floraison et la maturit\u00e9 des fruits. Le cycle de la production des vari\u00e9t\u00e9s de qualit\u00e9 est relativement court et les avocatiers contribuent \u00e0 solutionner le probl\u00e8me de r\u00e9chauffement climatique. De plus, la production de l\u2019avocat couvre presque les 12mois de l\u2019ann\u00e9e. Il n\u2019y a presque pas de p\u00e9riode morte, ce qui \u00e9vite le ch\u00f4mage de ceux qui s\u2019y investissent.<\/p>\n<p><strong>Lire aussi<\/strong> : <a href=\"https:\/\/ecomatin.net\/agriculture-louest-et-le-nord-ouest-leaders-de-la-culture-de-la-pomme-de-terre-au-cameroun\/\">Agriculture : l\u2019Ouest et le Nord-Ouest, leaders de la culture de la pomme de terre au Cameroun<\/a><\/p>\n<p>A la faveur de la descente effectu\u00e9e en date du mercredi 14 octobre 2020 par\u00a0\ud835\udc25\ud835\udc1e\u00a0\ud835\udc0c\ud835\udc1a\ud835\udc22\ud835\udc2b\ud835\udc1e\u00a0\ud835\udc05\ud835\udc2b\ud835\udc1a\ud835\udc27\u00e7\ud835\udc28\ud835\udc22\ud835\udc2c\u00a0\ud835\udc16\ud835\udc00\ud835\udc03\ud835\udc09\ud835\udc08\u00a0de la Commune de Mbouda sur le site du chantier de construction de l\u2019usine d\u2019extraction de l\u2019huile d\u2019avocat \u00e0 Bafounda, le CIRCOD a fait des riverains pour un focus sur ce fruit qui n\u2019a pas encore fini de donner du sourire dans cette partie de l\u2019Ouest.<\/p>\n<p>Auteur: Eco Matin<br \/>\n<a href=\"https:\/\/ecomatin.net\/agro-industrie-lusine-davocats-de-mbouda-sans-machines\/\">Cliquez ici pour lire l&rsquo;article depuis sa source.<\/a><\/p>\n","protected":false},"excerpt":{"rendered":"<p>C\u2019est depuis huit ans que les populations du d\u00e9partement des Bamboutos attendent de voir entrer en activit\u00e9 l\u2019usine d\u2019extraction d\u2019huile d\u2019avocat. C\u2019est depuis 2013 que l\u2019information annon\u00e7ant sa cr\u00e9ation circule au Cameroun. Sur le site de ce projet, situ\u00e9 \u00e0 moins d\u2019un kilom\u00e8tre de la chefferie Bafounda, les travaux de g\u00e9nie civil sont d\u00e9j\u00e0 achev\u00e9s. [&hellip;]<\/p>\n","protected":false},"author":1969,"featured_media":0,"comment_status":"closed","ping_status":"closed","sticky":false,"template":"","format":"standard","meta":{"fifu_image_url":"","fifu_image_alt":"","footnotes":""},"categories":[82,78],"tags":[],"class_list":["post-109923","post","type-post","status-publish","format-standard","hentry","category-cameroun","category-economie"],"_links":{"self":[{"href":"https:\/\/linitiative.ca\/International\/wp-json\/wp\/v2\/posts\/109923","targetHints":{"allow":["GET"]}}],"collection":[{"href":"https:\/\/linitiative.ca\/International\/wp-json\/wp\/v2\/posts"}],"about":[{"href":"https:\/\/linitiative.ca\/International\/wp-json\/wp\/v2\/types\/post"}],"author":[{"embeddable":true,"href":"https:\/\/linitiative.ca\/International\/wp-json\/wp\/v2\/users\/1969"}],"replies":[{"embeddable":true,"href":"https:\/\/linitiative.ca\/International\/wp-json\/wp\/v2\/comments?post=109923"}],"version-history":[{"count":0,"href":"https:\/\/linitiative.ca\/International\/wp-json\/wp\/v2\/posts\/109923\/revisions"}],"wp:attachment":[{"href":"https:\/\/linitiative.ca\/International\/wp-json\/wp\/v2\/media?parent=109923"}],"wp:term":[{"taxonomy":"category","embeddable":true,"href":"https:\/\/linitiative.ca\/International\/wp-json\/wp\/v2\/categories?post=109923"},{"taxonomy":"post_tag","embeddable":true,"href":"https:\/\/linitiative.ca\/International\/wp-json\/wp\/v2\/tags?post=109923"}],"curies":[{"name":"wp","href":"https:\/\/api.w.org\/{rel}","templated":true}]}}