{"id":109924,"date":"2021-01-24T13:50:03","date_gmt":"2021-01-24T18:50:03","guid":{"rendered":"https:\/\/linitiative.ca\/International\/chan-2020-la-caf-vole-au-secours-des-volontaires-de-yaounde-abandonnes-a-leur-sort\/"},"modified":"2021-01-24T13:50:03","modified_gmt":"2021-01-24T18:50:03","slug":"chan-2020-la-caf-vole-au-secours-des-volontaires-de-yaounde-abandonnes-a-leur-sort","status":"publish","type":"post","link":"https:\/\/linitiative.ca\/International\/chan-2020-la-caf-vole-au-secours-des-volontaires-de-yaounde-abandonnes-a-leur-sort\/","title":{"rendered":"CHAN 2020 : la CAF vole au secours des volontaires de Yaound\u00e9 abandonn\u00e9s \u00e0 leur sort"},"content":{"rendered":"<p>Il couvait un mouvement d\u2019humeur des volontaires du Championnat d\u2019Afrique des Nations (CHAN) de football 2020, sur le site du stade omnisports Ahmadou de Yaound\u00e9, o\u00f9 est bas\u00e9e la poule A, constitu\u00e9e du Cameroun le pays h\u00f4te, du Burkina Faso, du Mali et du Zimbabw\u00e9. Mais depuis 24 heures, ces jeunes camerounais mobilis\u00e9s pour accompagner la Conf\u00e9d\u00e9ration Africaine de Football (CAF) dans le cadre de cette comp\u00e9tition ont presque abandonn\u00e9 l\u2019id\u00e9e de leur gr\u00e8ve.<\/p>\n<p>En effet, depuis le samedi 23 janvier 2021, les volontaires de Yaound\u00e9 passent \u00e0 la caisse, apr\u00e8s une semaine sans le moindre copec. Ils ont re\u00e7u \u00e0 l\u2019occasion la somme de 10\u00a0000 FCFA\u00a0\u00a0chacun, repr\u00e9sentant leurs indemnit\u00e9s de transport, \u00e0 raison de 2000 FCFA par jour.<\/p>\n<p>Pour autant, les volontaires ne d\u00e9col\u00e9raient pas. V\u00eatus de mani\u00e8re disparate depuis le d\u00e9but de la comp\u00e9tition, les seuls atours \u00e0 travers lesquels ils \u00e9taient identifiables \u00e9taient des polos de couleur bleu marine. Mais depuis l\u2019apr\u00e8s-midi de ce dimanche 24 janvier 2020, (certains) volontaires se sont vus octroyer des patalons \u00e0 l\u2019estampille de la CAF, outre des chaussures tennis, et ce gr\u00e2ce \u00e0 l\u2019intercession du coordonnateur g\u00e9n\u00e9ral du site de Yaound\u00e9, le Sud-africain Kabelo Bosilong.<\/p>\n<p>\u00ab\u00a0Il \u00e9tait tr\u00e8s m\u00e9content de nous voir habill\u00e9s diff\u00e9remment. Il a piqu\u00e9 une col\u00e8re et a dit que si on n\u2019est pas en uniforme compl\u00e8te, avec le pantalon du surv\u00eatement et des tennis neuves, il ne veut voir personne \u00e0 la main courante pendant le match, et qu\u2019on aille voir nos responsables pour revendiquer nos kits parce que la CAF les avait d\u00e9j\u00e0 remis au Cameroun\u00a0\u00bb, a confi\u00e9 sous anonymat un volontaire \u00e0\u00a0EcoMatin.<\/p>\n<p>Notre informateur croit savoir que ce rappel \u00e0 l\u2019ordre de l\u2019officiel de la CAF a contribu\u00e9 \u00e0 am\u00e9liorer leur prise en charge car, sur ces entrefaites, ils se sont vus remis le reste du kit, m\u00eame avec des chaussures aux couleurs disparates (noir, bleu et blanc). Aussi, ils ont, pour la premi\u00e8re fois, b\u00e9n\u00e9fici\u00e9 de casse-croute, le minimum qui leur manquait depuis le d\u00e9but de la comp\u00e9tition.<\/p>\n<p>Sur les sites de Douala-B\u00e9panda et de Douala-Japoma pourtant, si les esp\u00e8ces sonnantes et tr\u00e9buchantes font d\u00e9faut, les kits sont ce qui manque le moins. L\u00e0-bas, les volontaires ont tout de m\u00eame b\u00e9n\u00e9fici\u00e9 de ces atours, qui \u00e0 Yaound\u00e9, tendaient \u00e0 prendre une autre direction.<\/p>\n<p><strong>Yannick KENNE<\/strong><\/p>\n<p>Auteur: Eco Matin<br \/>\n<a href=\"https:\/\/ecomatin.net\/chan-2020-la-caf-vole-au-secours-des-volontaires-de-yaounde-abandonnes-a-leur-sort\/\">Cliquez ici pour lire l&rsquo;article depuis sa source.<\/a><\/p>\n","protected":false},"excerpt":{"rendered":"<p>Il couvait un mouvement d\u2019humeur des volontaires du Championnat d\u2019Afrique des Nations (CHAN) de football 2020, sur le site du stade omnisports Ahmadou de Yaound\u00e9, o\u00f9 est bas\u00e9e la poule A, constitu\u00e9e du Cameroun le pays h\u00f4te, du Burkina Faso, du Mali et du Zimbabw\u00e9. Mais depuis 24 heures, ces jeunes camerounais mobilis\u00e9s pour accompagner [&hellip;]<\/p>\n","protected":false},"author":1969,"featured_media":0,"comment_status":"closed","ping_status":"closed","sticky":false,"template":"","format":"standard","meta":{"fifu_image_url":"","fifu_image_alt":"","footnotes":""},"categories":[82,78],"tags":[],"class_list":["post-109924","post","type-post","status-publish","format-standard","hentry","category-cameroun","category-economie"],"_links":{"self":[{"href":"https:\/\/linitiative.ca\/International\/wp-json\/wp\/v2\/posts\/109924","targetHints":{"allow":["GET"]}}],"collection":[{"href":"https:\/\/linitiative.ca\/International\/wp-json\/wp\/v2\/posts"}],"about":[{"href":"https:\/\/linitiative.ca\/International\/wp-json\/wp\/v2\/types\/post"}],"author":[{"embeddable":true,"href":"https:\/\/linitiative.ca\/International\/wp-json\/wp\/v2\/users\/1969"}],"replies":[{"embeddable":true,"href":"https:\/\/linitiative.ca\/International\/wp-json\/wp\/v2\/comments?post=109924"}],"version-history":[{"count":0,"href":"https:\/\/linitiative.ca\/International\/wp-json\/wp\/v2\/posts\/109924\/revisions"}],"wp:attachment":[{"href":"https:\/\/linitiative.ca\/International\/wp-json\/wp\/v2\/media?parent=109924"}],"wp:term":[{"taxonomy":"category","embeddable":true,"href":"https:\/\/linitiative.ca\/International\/wp-json\/wp\/v2\/categories?post=109924"},{"taxonomy":"post_tag","embeddable":true,"href":"https:\/\/linitiative.ca\/International\/wp-json\/wp\/v2\/tags?post=109924"}],"curies":[{"name":"wp","href":"https:\/\/api.w.org\/{rel}","templated":true}]}}