{"id":109926,"date":"2021-01-25T09:43:46","date_gmt":"2021-01-25T14:43:46","guid":{"rendered":"https:\/\/linitiative.ca\/International\/donnons-de-la-culture-a-la-vie-et-de-la-vie-a-la-culture\/"},"modified":"2021-01-25T09:43:46","modified_gmt":"2021-01-25T14:43:46","slug":"donnons-de-la-culture-a-la-vie-et-de-la-vie-a-la-culture","status":"publish","type":"post","link":"https:\/\/linitiative.ca\/International\/donnons-de-la-culture-a-la-vie-et-de-la-vie-a-la-culture\/","title":{"rendered":"Donnons de la culture \u00e0 la vie\u2026 Et de la vie  \u00e0 la culture !"},"content":{"rendered":"<p><img decoding=\"async\" class=\"post_layout_5_img\" src=\"http:\/\/aujourdhui.ma\/wp-content\/uploads\/2016\/02\/Ahmed-GHAYET.jpg\" alt=\"Donnons de la culture &#xE0; la vie&#x2026; Et de la vie &#xE0; la culture !\"\/><\/p>\n<p><span class=\"c5\"><strong>Le virus a tout boulevers\u00e9 dans nos vies, tout ! Nos rep\u00e8res ne sont plus ceux qu\u2019ils \u00e9taient et nous n\u2019avons pas encore r\u00e9ussi \u00e0 en cr\u00e9er de nouveaux. Parmi les rep\u00e8res dont nous avons besoin, essentiels, sont ceux que nous donne la culture.<\/strong><\/span><\/p>\n<p><span id=\"more-366427\"\/><br \/>Je n\u2019aborderai pas ici les domaines de l\u2019\u00e9cole, de la formation, de la sant\u00e9, de l\u2019emploi, qui bien \u00e9videmment sont vitaux, mais tel n\u2019est pas le sujet dont je veux parler.<br \/>Bien souvent, trop souvent, la culture est minor\u00e9e, consid\u00e9r\u00e9e comme un luxe, comme superflue, alors qu\u2019elle est en fait primordiale.<br \/>La culture forme notre personnalit\u00e9, habille notre \u00e2me et donne le \u2018\u2019sel\u2019\u2019 de la vie, or malheureusement en temps de pand\u00e9mie, elle devient invisible sur les radars des pr\u00e9occupations de nos responsables, d\u2019autant plus qu\u2019en temps normal elle en est h\u00e9las aussi la grande oubli\u00e9e.<br \/>Si les adultes ont besoin de culture imaginez donc \u00e0 quel point la jeunesse en est avide !<br \/>Elle est ce qui occupe une grande partie de la vie d\u2019un ado, d\u2019un jeune\u2026 et aujourd\u2019hui notre jeunesse est en souffrance : les activit\u00e9s culturelles ont quasiment disparu de la vraie vie. Heureusement le Web permet de combler une partie de ce vide, mais il ne peut remplacer la pratique culturelle de proximit\u00e9.<br \/>La culture c\u2019est aussi les rencontres, les \u00e9changes, les contacts\u2026 sans cela c\u2019est tout un pan de la vie des jeunes en g\u00e9n\u00e9ral, et des jeunes des quartiers populaires en particulier qui dispara\u00eet, ceux qui vivent dans 10 m2 \u2013 entour\u00e9s des parents, petits fr\u00e8res et s\u0153urs, grands-parents \u2013 qui est ainsi devenue une longue succession de jours qui ressemblent aux jours, n\u2019apportant que frustrations et interdits.<br \/>A situation exceptionnelle, r\u00e9ponses exceptionnelles : puisque la pand\u00e9mie a boulevers\u00e9 \u00able possible\u00bb alors inventons l\u2019impossible, il nous faut cr\u00e9er, innover, chercher de nouvelles pistes, trouver des r\u00e9ponses nouvelles aux besoins, aux attentes, aux envies de notre jeunesse en temps d\u2019\u00e9pid\u00e9mie.<br \/>Nous sommes un peuple inventif, notre jeunesse d\u00e9borde d\u2019imagination, de cr\u00e9ativit\u00e9 : ouvrons les vannes, d\u00e9bloquons des moyens, il s\u2019agit l\u00e0 de la sant\u00e9 mentale de notre jeunesse, voire de notre population.<br \/>Ce n\u2019est pas anodin, ce n\u2019est pas secondaire, les g\u00e9n\u00e9rations actuelles garderont les stigmates de cette p\u00e9riode si nous n\u2019agissons pas, notre jeunesse risque d\u2019\u00eatre amput\u00e9e d\u2019une partie d\u2019elle-m\u00eame\u2026<br \/>Les artistes, les acteurs culturels sont \u2013 dans une situation telle que celle que nous vivons- eux aussi en quelque sorte \u00abdes soignants\u00bb, il y a urgence \u00e0 inventer de nouvelles fa\u00e7ons de faire vivre la culture -en tenant compte des consignes sanitaires- car notre jeunesse s\u2019enfonce dans une r\u00e9elle d\u00e9tresse.<br \/>Il nous faut trouver des id\u00e9es, de nouvelles formes d\u2019expression, des activit\u00e9s innovantes\u2026 tout comme il existe un Conseil scientifique de gestion de la Covid, il nous faudrait cr\u00e9er un Comit\u00e9 culturel \u00e0 m\u00eame de proposer \u2013 et de mettre en pratique \u2013 des solutions concr\u00e8tes, les artistes, les femmes et hommes de la communication, les acteurs culturels, les jeunes en seraient les membres par excellence.<br \/>Ainsi \u00e0 titre d\u2019exemple -et puisque les autorit\u00e9s m\u00e9dicales sont d\u2019accord pour dire qu\u2019il y a peu de risques de contamination en plein air \u2013 cherchons \u00e0 utiliser la rue, les grands espaces o\u00f9 la distanciation est possible, pour r\u00e9inventer l\u2019acc\u00e8s \u00e0 la culture.<\/p>\n<p>Auteur: Ahmed GHAYET<br \/>\n<a href=\"https:\/\/aujourdhui.ma\/chroniques\/donnons-de-la-culture-a-la-vie-et-de-la-vie-a-la-culture\">Cliquez ici pour lire l&rsquo;article depuis sa source.<\/a><\/p>\n","protected":false},"excerpt":{"rendered":"<p>Le virus a tout boulevers\u00e9 dans nos vies, tout ! Nos rep\u00e8res ne sont plus ceux qu\u2019ils \u00e9taient et nous n\u2019avons pas encore r\u00e9ussi \u00e0 en cr\u00e9er de nouveaux. Parmi les rep\u00e8res dont nous avons besoin, essentiels, sont ceux que nous donne la culture. Je n\u2019aborderai pas ici les domaines de l\u2019\u00e9cole, de la formation, [&hellip;]<\/p>\n","protected":false},"author":1759,"featured_media":0,"comment_status":"closed","ping_status":"closed","sticky":false,"template":"","format":"standard","meta":{"fifu_image_url":"http:\/\/aujourdhui.ma\/wp-content\/uploads\/2016\/02\/Ahmed-GHAYET.jpg","fifu_image_alt":"Donnons de la culture \u00e0 la vie\u2026 Et de la vie  \u00e0 la culture !","footnotes":""},"categories":[73,54],"tags":[],"class_list":["post-109926","post","type-post","status-publish","format-standard","hentry","category-actualite","category-maroc"],"_links":{"self":[{"href":"https:\/\/linitiative.ca\/International\/wp-json\/wp\/v2\/posts\/109926","targetHints":{"allow":["GET"]}}],"collection":[{"href":"https:\/\/linitiative.ca\/International\/wp-json\/wp\/v2\/posts"}],"about":[{"href":"https:\/\/linitiative.ca\/International\/wp-json\/wp\/v2\/types\/post"}],"author":[{"embeddable":true,"href":"https:\/\/linitiative.ca\/International\/wp-json\/wp\/v2\/users\/1759"}],"replies":[{"embeddable":true,"href":"https:\/\/linitiative.ca\/International\/wp-json\/wp\/v2\/comments?post=109926"}],"version-history":[{"count":0,"href":"https:\/\/linitiative.ca\/International\/wp-json\/wp\/v2\/posts\/109926\/revisions"}],"wp:attachment":[{"href":"https:\/\/linitiative.ca\/International\/wp-json\/wp\/v2\/media?parent=109926"}],"wp:term":[{"taxonomy":"category","embeddable":true,"href":"https:\/\/linitiative.ca\/International\/wp-json\/wp\/v2\/categories?post=109926"},{"taxonomy":"post_tag","embeddable":true,"href":"https:\/\/linitiative.ca\/International\/wp-json\/wp\/v2\/tags?post=109926"}],"curies":[{"name":"wp","href":"https:\/\/api.w.org\/{rel}","templated":true}]}}