{"id":109928,"date":"2021-01-25T09:48:53","date_gmt":"2021-01-25T14:48:53","guid":{"rendered":"https:\/\/linitiative.ca\/International\/facultes-polydisciplinaires-de-chefchaouen-et-ouezzane-le-compte-a-rebours-est-lance-pour-les-travaux-de-construction\/"},"modified":"2021-01-25T09:48:53","modified_gmt":"2021-01-25T14:48:53","slug":"facultes-polydisciplinaires-de-chefchaouen-et-ouezzane-le-compte-a-rebours-est-lance-pour-les-travaux-de-construction","status":"publish","type":"post","link":"https:\/\/linitiative.ca\/International\/facultes-polydisciplinaires-de-chefchaouen-et-ouezzane-le-compte-a-rebours-est-lance-pour-les-travaux-de-construction\/","title":{"rendered":"Facult\u00e9s polydisciplinaires de Chefchaouen et Ouezzane : Le compte \u00e0 rebours est lanc\u00e9  pour les travaux de construction"},"content":{"rendered":"<p><img decoding=\"async\" class=\"post_layout_5_img\" src=\"http:\/\/aujourdhui.ma\/wp-content\/uploads\/2018\/07\/universite-abdelmalek-essaadi.jpg\" alt=\"Facult&#xE9;s polydisciplinaires de Chefchaouen et Ouezzane : Le compte &#xE0; rebours est lanc&#xE9; pour les travaux de construction\"\/><\/p>\n<p><span class=\"c5\"><strong>D\u00e9velopper et \u00e9largir l\u2019offre de formation universitaire dans la r\u00e9gion du Nord.<\/strong><\/span><span id=\"more-366354\"\/><\/p>\n<p>C\u2019est dans ce contexte que s\u2019inscrit le projet de cr\u00e9ation des deux futures facult\u00e9s polydisciplinaires \u00e0 Chefchaouen et Ouezzane. Tr\u00e8s attendus, les travaux de construction de ces deux \u00e9tablissements universitaires seront bient\u00f4t lanc\u00e9s selon l\u2019agenda pr\u00e9\u00e9tabli d\u2019avance. D\u2019une enveloppe budg\u00e9taire globale de plus de 16,2 millions de dirhams, la cr\u00e9ation de ces deux facult\u00e9s est le fruit d\u2019une convention de coop\u00e9ration entre l\u2019Universit\u00e9 Abdelmalek Essa\u00e2di, le Conseil r\u00e9gional de Tanger-T\u00e9touan-Al Hoceima (CR-TTA), le d\u00e9partement de l\u2019enseignement sup\u00e9rieur ainsi que les institutions concern\u00e9es et les autres conseils \u00e9lus des communes relevant des deux provinces. Ces deux projets visent \u00e0 r\u00e9pondre aux besoins d\u2019un grand nombre de bacheliers et \u00e9tudiants de Chefchaouen et Ouezzane et les zones avoisinantes, tout en cherchant \u00e0 r\u00e9duire la pression sur les autres facult\u00e9s polydisciplinaires des deux villes de Larache et T\u00e9touan.<\/p>\n<p>Sur le co\u00fbt total de 16,2 millions de dirhams, quelque 8,1 millions sont consacr\u00e9s \u00e0 la construction du premier \u00e9tablissement universitaire de Chefchaouen et l\u2019autre moiti\u00e9 de 8,1 millions de dirhams \u00e0 celui de Ouezzane. Tous les efforts sont d\u00e9ploy\u00e9s pour assurer la bonne marche de r\u00e9alisation de ces deux projets, qui viennent d\u2019entrer d\u00e9j\u00e0 dans la phase des \u00e9tudes techniques. Elle est destin\u00e9e \u00e0 \u00eatre suivie bient\u00f4t par la mise en chantier des deux structures universitaires. En se basant sur les dispositions de cette convention, le CR-TTA s\u2019engage \u00e0 assurer le financement total de la construction des deux facult\u00e9s, dans le cadre de son programme de son soutien au d\u00e9veloppement de la formation universitaire dans la r\u00e9gion du Nord. Ces projets sont port\u00e9s par l\u2019Universit\u00e9 Abdelmalek Essa\u00e2di et le d\u00e9partement de tutelle, qui sont charg\u00e9s tous les deux d\u2019impliquer le conseil r\u00e9gional et les autres partenaires concern\u00e9s dans toutes les phases de la mise en place de ces deux structures universitaires (les \u00e9tudes, l\u2019\u00e9laboration des cahiers des charges, le lancement et le suivi des appels d\u2019offres, la mise en chantier des deux projets,\u2026 ).<\/p>\n<p>Rappelons que ces deux projets s\u2019inscrivent dans le cadre d\u2019un ambitieux programme visant \u00e0 doter les principales villes du Nord de nouveaux \u00e9tablissements universitaires, qui sont destin\u00e9s \u00e0 assurer la formation, la restauration et l\u2019h\u00e9bergement des \u00e9tudiants de la r\u00e9gion. Ce qui permet de rapprocher l\u2019universit\u00e9 des \u00e9tudiants sur le territoire r\u00e9gional. Cr\u00e9\u00e9e il y a une trentaine d\u2019ann\u00e9es \u00e0 T\u00e9touan, l\u2019Universit\u00e9 Abdelmalek Essa\u00e2di a r\u00e9ussi \u00e0 se faire une place parmi les principales institutions universitaires gr\u00e2ce \u00e0 ses \u00e9tablissements r\u00e9partis dans un premier temps entre Tanger, T\u00e9touan et Martil. Elle a pu au fil du temps s\u2019agrandir pour s\u2019\u00e9tendre \u00e0 d\u2019autres villes, dont Larache, Al Hoceima puis Ksar El K\u00e9bir.<\/p>\n<p>Auteur: Najat Fa\u00efssal<br \/>\n<a href=\"https:\/\/aujourdhui.ma\/emploi\/formation\/facultes-polydisciplinaires-de-chefchaouen-et-ouezzane-le-compte-a-rebours-est-lance-pour-les-travaux-de-construction\">Cliquez ici pour lire l&rsquo;article depuis sa source.<\/a><\/p>\n","protected":false},"excerpt":{"rendered":"<p>D\u00e9velopper et \u00e9largir l\u2019offre de formation universitaire dans la r\u00e9gion du Nord. C\u2019est dans ce contexte que s\u2019inscrit le projet de cr\u00e9ation des deux futures facult\u00e9s polydisciplinaires \u00e0 Chefchaouen et Ouezzane. Tr\u00e8s attendus, les travaux de construction de ces deux \u00e9tablissements universitaires seront bient\u00f4t lanc\u00e9s selon l\u2019agenda pr\u00e9\u00e9tabli d\u2019avance. D\u2019une enveloppe budg\u00e9taire globale de plus [&hellip;]<\/p>\n","protected":false},"author":1759,"featured_media":0,"comment_status":"closed","ping_status":"closed","sticky":false,"template":"","format":"standard","meta":{"fifu_image_url":"http:\/\/aujourdhui.ma\/wp-content\/uploads\/2018\/07\/universite-abdelmalek-essaadi.jpg","fifu_image_alt":"Facult\u00e9s polydisciplinaires de Chefchaouen et Ouezzane : Le compte \u00e0 rebours est lanc\u00e9  pour les travaux de construction","footnotes":""},"categories":[73,54],"tags":[],"class_list":["post-109928","post","type-post","status-publish","format-standard","hentry","category-actualite","category-maroc"],"_links":{"self":[{"href":"https:\/\/linitiative.ca\/International\/wp-json\/wp\/v2\/posts\/109928","targetHints":{"allow":["GET"]}}],"collection":[{"href":"https:\/\/linitiative.ca\/International\/wp-json\/wp\/v2\/posts"}],"about":[{"href":"https:\/\/linitiative.ca\/International\/wp-json\/wp\/v2\/types\/post"}],"author":[{"embeddable":true,"href":"https:\/\/linitiative.ca\/International\/wp-json\/wp\/v2\/users\/1759"}],"replies":[{"embeddable":true,"href":"https:\/\/linitiative.ca\/International\/wp-json\/wp\/v2\/comments?post=109928"}],"version-history":[{"count":0,"href":"https:\/\/linitiative.ca\/International\/wp-json\/wp\/v2\/posts\/109928\/revisions"}],"wp:attachment":[{"href":"https:\/\/linitiative.ca\/International\/wp-json\/wp\/v2\/media?parent=109928"}],"wp:term":[{"taxonomy":"category","embeddable":true,"href":"https:\/\/linitiative.ca\/International\/wp-json\/wp\/v2\/categories?post=109928"},{"taxonomy":"post_tag","embeddable":true,"href":"https:\/\/linitiative.ca\/International\/wp-json\/wp\/v2\/tags?post=109928"}],"curies":[{"name":"wp","href":"https:\/\/api.w.org\/{rel}","templated":true}]}}