{"id":109930,"date":"2021-01-25T10:40:11","date_gmt":"2021-01-25T15:40:11","guid":{"rendered":"https:\/\/linitiative.ca\/International\/son-premier-film-oliver-black-est-selectionne-dans-la-categorie-des-films-etrangers-tawfiq-baba-en-lice-pour-le-prix-international-golden-globes-awards\/"},"modified":"2021-01-25T10:40:11","modified_gmt":"2021-01-25T15:40:11","slug":"son-premier-film-oliver-black-est-selectionne-dans-la-categorie-des-films-etrangers-tawfiq-baba-en-lice-pour-le-prix-international-golden-globes-awards","status":"publish","type":"post","link":"https:\/\/linitiative.ca\/International\/son-premier-film-oliver-black-est-selectionne-dans-la-categorie-des-films-etrangers-tawfiq-baba-en-lice-pour-le-prix-international-golden-globes-awards\/","title":{"rendered":"Son premier film \u00abOliver Black\u00bb est s\u00e9lectionn\u00e9 dans la cat\u00e9gorie des films \u00e9trangers : Tawfiq Baba en lice pour  le prix international \u00abGolden Globes Awards\u00bb"},"content":{"rendered":"<header>\n<\/header>\n<div class=\"entry-content clearfix\" readability=\"67\"><img decoding=\"async\" class=\"post_layout_5_img\" src=\"http:\/\/aujourdhui.ma\/wp-content\/uploads\/2021\/01\/Tawfiq-Baba-en-lice-pour-le-prix-international-Golden-Globes-Awards.jpg\" alt=\"Son premier film &#xAB;Oliver Black&#xBB; est s&#xE9;lectionn&#xE9; dans la cat&#xE9;gorie des films &#xE9;trangers : Tawfiq Baba en lice pour le prix international &#xAB;Golden Globes Awards&#xBB;\"\/><\/p>\n<p><span class=\"c5\"><strong>Le Maroc sera bel et bien pr\u00e9sent \u00e0 la 78\u00e8me \u00e9dition du Golden Globes 2021, un rendez-vous annuel des plus grands noms du cin\u00e9ma et de la t\u00e9l\u00e9vision.<\/strong><\/span><span id=\"more-366424\"\/><\/p>\n<p>Il sera repr\u00e9sent\u00e9 par le jeune r\u00e9alisateur marocain Tawfiq Baba pour son film intitul\u00e9 \u00abOliver Black\u00bb. Selon Hollywood Foreign Press Association, organisatrice de ce prix, ce film est s\u00e9lectionn\u00e9 dans la cat\u00e9gorie des films \u00e9trangers. Il faut dire que ce film est une autoproduction et le fruit d\u2019un effort collectif et d\u2019une coop\u00e9ration. Le r\u00e9alisateur Tawfiq Baba a r\u00e9uni le producteur Rabab Abu Al-Hussaini et les acteurs Modu Mbu, Hassan Rishwi, Ilham Ojri et Muhammad Al-Kashir. Pour son premier film tourn\u00e9 \u00e0 Ouarzazate, Tawfiq Baba essaye de poser de lourdes questions, en allant d\u2019une histoire toute simple. \u00abLe film est une nouvelle vision du discours prononc\u00e9 en 1963 par le pasteur et militant am\u00e9ricain Martin Luther King, \u00abI have a dream\u00bb.<\/p>\n<p>Devant plus de 250.000 manifestants, King appelle solennellement \u00e0 la fin du racisme aux \u00c9tats-Unis et revendique l\u2019\u00e9galit\u00e9 des droits civiques et \u00e9conomiques entre blancs et Afro-Am\u00e9ricains\u00bb, indique-t-il. En effet, l\u2019histoire de ce film se d\u00e9roule dans une terre st\u00e9rile, celle d\u2019un jeune gar\u00e7on noir appel\u00e9 \u00abVendredi\u00bb qui traverse le d\u00e9sert \u00e0 destination du Maroc pour rejoindre un cirque. Cependant, une rencontre avec un vieil homme perdu change sa vie \u00e0 jamais.<\/p>\n<p>Rappelons que le film a \u00e9t\u00e9 projet\u00e9 dans de nombreux festivals internationaux et a remport\u00e9 de nombreux prix, dont celui du meilleur long m\u00e9trage international au Festival de Cin\u00e9ma de Alter do Chao au Br\u00e9sil et le prix du meilleur film international au Festival international de cin\u00e9ma de Lleida en Espagne. Il a \u00e9galement rafl\u00e9 le prix du meilleur acteur gr\u00e2ce \u00e0 son h\u00e9ro\u00efne Hassan Rishoy, et celui de meilleur acteur assistant par l\u2019acteur s\u00e9n\u00e9galais Modu Nabaw, lors de la 21\u00e8me \u00e9dition du Festival national du film de Tanger. Pour noter, \u00abOliver Black\u00bb est s\u00e9lectionn\u00e9 aux c\u00f4t\u00e9s de plusieurs films \u00e9trangers et arabes. \u00abCette ann\u00e9e, 139 films en langue \u00e9trang\u00e8re \u00e9taient s\u00e9lectionn\u00e9s au Golden Globe de 77 pays\u00bb, indique Hollywood Foreign Press Association.<\/p>\n<\/div>\n<p>Auteur: Siham Jadraoui<br \/>\n<a href=\"https:\/\/aujourdhui.ma\/culture\/son-premier-film-oliver-black-est-selectionne-dans-la-categorie-des-films-etrangers-tawfiq-baba-en-lice-pour-le-prix-international-golden-globes-awards\">Cliquez ici pour lire l&rsquo;article depuis sa source.<\/a><\/p>\n","protected":false},"excerpt":{"rendered":"<p>Le Maroc sera bel et bien pr\u00e9sent \u00e0 la 78\u00e8me \u00e9dition du Golden Globes 2021, un rendez-vous annuel des plus grands noms du cin\u00e9ma et de la t\u00e9l\u00e9vision. Il sera repr\u00e9sent\u00e9 par le jeune r\u00e9alisateur marocain Tawfiq Baba pour son film intitul\u00e9 \u00abOliver Black\u00bb. Selon Hollywood Foreign Press Association, organisatrice de ce prix, ce film [&hellip;]<\/p>\n","protected":false},"author":1759,"featured_media":0,"comment_status":"closed","ping_status":"closed","sticky":false,"template":"","format":"standard","meta":{"fifu_image_url":"http:\/\/aujourdhui.ma\/wp-content\/uploads\/2021\/01\/Tawfiq-Baba-en-lice-pour-le-prix-international-Golden-Globes-Awards.jpg","fifu_image_alt":"Son premier film \u00abOliver Black\u00bb est s\u00e9lectionn\u00e9 dans la cat\u00e9gorie des films \u00e9trangers : Tawfiq Baba en lice pour  le prix international \u00abGolden Globes Awards\u00bb","footnotes":""},"categories":[73,54],"tags":[],"class_list":["post-109930","post","type-post","status-publish","format-standard","hentry","category-actualite","category-maroc"],"_links":{"self":[{"href":"https:\/\/linitiative.ca\/International\/wp-json\/wp\/v2\/posts\/109930","targetHints":{"allow":["GET"]}}],"collection":[{"href":"https:\/\/linitiative.ca\/International\/wp-json\/wp\/v2\/posts"}],"about":[{"href":"https:\/\/linitiative.ca\/International\/wp-json\/wp\/v2\/types\/post"}],"author":[{"embeddable":true,"href":"https:\/\/linitiative.ca\/International\/wp-json\/wp\/v2\/users\/1759"}],"replies":[{"embeddable":true,"href":"https:\/\/linitiative.ca\/International\/wp-json\/wp\/v2\/comments?post=109930"}],"version-history":[{"count":0,"href":"https:\/\/linitiative.ca\/International\/wp-json\/wp\/v2\/posts\/109930\/revisions"}],"wp:attachment":[{"href":"https:\/\/linitiative.ca\/International\/wp-json\/wp\/v2\/media?parent=109930"}],"wp:term":[{"taxonomy":"category","embeddable":true,"href":"https:\/\/linitiative.ca\/International\/wp-json\/wp\/v2\/categories?post=109930"},{"taxonomy":"post_tag","embeddable":true,"href":"https:\/\/linitiative.ca\/International\/wp-json\/wp\/v2\/tags?post=109930"}],"curies":[{"name":"wp","href":"https:\/\/api.w.org\/{rel}","templated":true}]}}