{"id":109931,"date":"2021-01-25T09:22:58","date_gmt":"2021-01-25T14:22:58","guid":{"rendered":"https:\/\/linitiative.ca\/International\/la-snrt-rend-hommage-aux-personnalites-sportives-illustres-en-2020\/"},"modified":"2021-01-25T09:22:58","modified_gmt":"2021-01-25T14:22:58","slug":"la-snrt-rend-hommage-aux-personnalites-sportives-illustres-en-2020","status":"publish","type":"post","link":"https:\/\/linitiative.ca\/International\/la-snrt-rend-hommage-aux-personnalites-sportives-illustres-en-2020\/","title":{"rendered":"La SNRT rend hommage aux personnalit\u00e9s sportives illustres en 2020"},"content":{"rendered":"<p><strong>A l\u2019occasion de la c\u00e9r\u00e9monie annuelle c\u00e9l\u00e9br\u00e9e par la radio nationale pour consacrer le meilleur sportif de l\u2019ann\u00e9e au Maroc, la SNRT a rendu, dans le studio\u00a0Tayeb\u00a0La\u00e2lej\u00a0sis \u00e0 son si\u00e8ge, hommage \u00e0 des cadres et \u00e9quipes sportives nationales, qui se sont distingu\u00e9es en\u00a02020,\u00a0le temps d\u2019un \u00e9v\u00e9nement restreint diffus\u00e9 sur les ondes.\u00a0<\/strong><\/p>\n<p>Vu l\u2019inexistence de comp\u00e9tition sportive lors de la saison \u00e9coul\u00e9e, hormis le football, cette c\u00e9r\u00e9monie, devenue une coutume chez la radio nationale depuis 1979, s\u2019est content\u00e9e d\u2019honorer les gagnants \u00e0 l\u2019issue de s\u00e9lections destin\u00e9es \u00e0 encourager certains noms et \u00e9quipes sportives qui ont surmont\u00e9 la conjoncture exceptionnelle li\u00e9e \u00e0 la pand\u00e9mie de Covid 19, pr\u00e9cise la SNRT dans un communiqu\u00e9 de presse.<\/p>\n<p>Aussi, cet \u00e9v\u00e9nement, marqu\u00e9 par des r\u00e9sultats honorables, s\u2019est bas\u00e9 sur le sondage r\u00e9alis\u00e9 par le D\u00e9partement \u00a0du Sport \u00e0 la radio nationale parmi les repr\u00e9sentants de 48 d\u00e9partements sportifs dans les diff\u00e9rents m\u00e9dias nationaux, ajoute la m\u00eame source.\u00a0 Et les honor\u00e9s sont le s\u00e9lectionneur de la Renaissance de Berkane, Tarek Sekitioui, le s\u00e9lectionneur du Raja de Casablanca, Jamal Sellami.<\/p>\n<p>Cela en plus de l\u2019\u00e9quipe du Raja qui a remport\u00e9 le championnat professionnel national \u00abBotola Pro\u00bb lors de la derni\u00e8re saison, ainsi que l\u2019\u00e9quipe de Berkane ayant gagn\u00e9 la coupe de l\u2019union africaine du football (Coupe de la CAF), l\u2019\u00e9quipe nationale du futsal pour avoir remport\u00e9 la finale de la coupe d\u2019Afrique des nations et sa participation \u00e0 la coupe du monde, et l\u2019\u00e9quipe nationale de handball qui s\u2019est qualifi\u00e9e \u00e0 la coupe du monde.<\/p>\n<p>De plus, la liste des honor\u00e9s a, en r\u00e9ponse \u00e0 la tradition d\u2019hommage et de reconnaissance des ressources humaines de la SNRT, rassembl\u00e9, cette ann\u00e9e parmi les personnalit\u00e9s m\u00e9diatiques \u00e0 savoir Mehdi Ibrahim et Ibrahim Falaki qui ont d\u00e9j\u00e0 travaill\u00e9 pour le compte de la SNRT.<\/p>\n<p>Cet hommage leur a \u00e9t\u00e9 rendu en guise de reconnaissance \u00e0 leur fid\u00e9lit\u00e9 et d\u2019appr\u00e9ciation aux services louables qu\u2019ils ont rendus \u00e0 la radio sportive au Maroc.<\/p>\n<p>En concr\u00e9tisation \u00a0des orientations de Fay\u00e7al La\u00e2ra\u00efchi, Pr\u00e9sident-Directeur G\u00e9n\u00e9ral de la SNRT, les festivit\u00e9s de cette c\u00e9r\u00e9monie d\u2019hommage ont \u00e9t\u00e9 diffus\u00e9es sur les ondes de la radio nationale, lors d\u2019un \u00e9pisode sp\u00e9cial de l\u2019\u00e9mission authentique *Al Ahad Arriyadi*, tout en respectant le protocole de la SNRT relatif aux mesures pr\u00e9ventives destin\u00e9es \u00e0 lutter contre la propagation de la Covid-19, peut on lire dans le communiqu\u00e9 de la SNRT.<\/p>\n<p>A cette occasion, cette c\u00e9r\u00e9monie a \u00e9t\u00e9 marqu\u00e9e par la pr\u00e9sence de Said Wahbi, porte-parole de l\u2019\u00e9quipe du Raja de Casablanca, Mejrane Abdelmajid, responsable du club de la Renaissance de Berkane, Hicham Dekik, entra\u00eeneur de l\u2019\u00e9quipe nationale de futsal et Abderrahmane El Oudghiri, vice-pr\u00e9sident de la F\u00e9d\u00e9ration royale marocaine de handball qui ont re\u00e7u le troph\u00e9e d\u2019hommage au nom de leurs \u00e9quipes.<\/p>\n<p>Pour rappel, cette c\u00e9r\u00e9monie annuelle couronne la programmation\u00a0sportive annuelle de la radio\u00a0nationale qui atteint chaque ann\u00e9e 530 heures de diffusion, soit 6.13% du taux g\u00e9n\u00e9ral de la diffusion de la radio nationale. Ce qui refl\u00e8te la place historique et p\u00e9renne du sport dans la programmation de la radio nationale qui veille \u00e0 assurer l\u2019accompagnement m\u00e9diatique de tous les \u00e9v\u00e9nements sportifs \u00e0 l\u2019\u00e9chelle nationale et internationale. Le tout en accordant un int\u00e9r\u00eat particulier aux \u00e9quipes nationales dans les diverses cat\u00e9gories sportives sur plusieurs niveaux.\u00a0<\/p>\n<p>Auteur: M&rsquo;hammed rahal<br \/>\n<a href=\"http:\/\/albayane.press.ma\/la-snrt-rend-hommage-aux-personnalites-sportives-illustres-en-2020.html\">Cliquez ici pour lire l&rsquo;article depuis sa source.<\/a><\/p>\n","protected":false},"excerpt":{"rendered":"<p>A l\u2019occasion de la c\u00e9r\u00e9monie annuelle c\u00e9l\u00e9br\u00e9e par la radio nationale pour consacrer le meilleur sportif de l\u2019ann\u00e9e au Maroc, la SNRT a rendu, dans le studio\u00a0Tayeb\u00a0La\u00e2lej\u00a0sis \u00e0 son si\u00e8ge, hommage \u00e0 des cadres et \u00e9quipes sportives nationales, qui se sont distingu\u00e9es en\u00a02020,\u00a0le temps d\u2019un \u00e9v\u00e9nement restreint diffus\u00e9 sur les ondes.\u00a0 Vu l\u2019inexistence de comp\u00e9tition [&hellip;]<\/p>\n","protected":false},"author":1760,"featured_media":0,"comment_status":"closed","ping_status":"closed","sticky":false,"template":"","format":"standard","meta":{"fifu_image_url":"","fifu_image_alt":"","footnotes":""},"categories":[73,54],"tags":[],"class_list":["post-109931","post","type-post","status-publish","format-standard","hentry","category-actualite","category-maroc"],"_links":{"self":[{"href":"https:\/\/linitiative.ca\/International\/wp-json\/wp\/v2\/posts\/109931","targetHints":{"allow":["GET"]}}],"collection":[{"href":"https:\/\/linitiative.ca\/International\/wp-json\/wp\/v2\/posts"}],"about":[{"href":"https:\/\/linitiative.ca\/International\/wp-json\/wp\/v2\/types\/post"}],"author":[{"embeddable":true,"href":"https:\/\/linitiative.ca\/International\/wp-json\/wp\/v2\/users\/1760"}],"replies":[{"embeddable":true,"href":"https:\/\/linitiative.ca\/International\/wp-json\/wp\/v2\/comments?post=109931"}],"version-history":[{"count":0,"href":"https:\/\/linitiative.ca\/International\/wp-json\/wp\/v2\/posts\/109931\/revisions"}],"wp:attachment":[{"href":"https:\/\/linitiative.ca\/International\/wp-json\/wp\/v2\/media?parent=109931"}],"wp:term":[{"taxonomy":"category","embeddable":true,"href":"https:\/\/linitiative.ca\/International\/wp-json\/wp\/v2\/categories?post=109931"},{"taxonomy":"post_tag","embeddable":true,"href":"https:\/\/linitiative.ca\/International\/wp-json\/wp\/v2\/tags?post=109931"}],"curies":[{"name":"wp","href":"https:\/\/api.w.org\/{rel}","templated":true}]}}