{"id":109933,"date":"2021-01-25T09:56:02","date_gmt":"2021-01-25T14:56:02","guid":{"rendered":"https:\/\/linitiative.ca\/International\/%ef%bb%bfle-japon-saccroche-a-ses-jeux\/"},"modified":"2021-01-25T09:56:02","modified_gmt":"2021-01-25T14:56:02","slug":"%ef%bb%bfle-japon-saccroche-a-ses-jeux","status":"publish","type":"post","link":"https:\/\/linitiative.ca\/International\/%ef%bb%bfle-japon-saccroche-a-ses-jeux\/","title":{"rendered":"\ufeffLe Japon s\u2019accroche \u00e0 ses Jeux"},"content":{"rendered":"<p class=\"c2\"><strong>Malgr\u00e9 des bruits d\u2019annulation<\/strong><\/p>\n<p><strong>Les diverses parties prenantes au Japon des JO de Tokyo, report\u00e9s l\u2019an dernier en raison de la pand\u00e9mie de Covid-19, ont r\u00e9affirm\u00e9 vendredi leur intention de les tenir cet \u00e9t\u00e9, malgr\u00e9 des informations selon lesquelles le gouvernement nippon y aurait secr\u00e8tement renonc\u00e9.<\/strong><\/p>\n<p>\u00ab\u00a0Je suis d\u00e9termin\u00e9\u00a0\u00bb \u00e0 accueillir des Jeux olympiques \u00ab\u00a0s\u00fbrs\u00a0\u00bb \u00e0 Tokyo, en signe de \u00ab\u00a0victoire de l\u2019humanit\u00e9 sur le nouveau coronavirus\u00a0\u00bb, a d\u00e9clar\u00e9 le Premier ministre Yoshihide Suga lors d\u2019une s\u00e9ance parlementaire.<\/p>\n<p>Le comit\u00e9 d\u2019organisation de Tokyo-2020 a aussi rappel\u00e9 vendredi qu\u2019il \u00e9tait \u00ab\u00a0enti\u00e8rement concentr\u00e9\u00a0\u00bb sur les pr\u00e9paratifs pour accueillir les JO (23 juillet-8 ao\u00fbt), \u00e0 l\u2019unisson avec le gouvernement japonais et la ville de Tokyo, le Comit\u00e9 international olympique (CIO) et le Comit\u00e9 international paralympique (CIP).<\/p>\n<p>Selon le journal britannique The Times, qui a cit\u00e9 jeudi une source au sein de la coalition au pouvoir au Japon, le gouvernement aurait d\u00e9j\u00e0 secr\u00e8tement act\u00e9 l\u2019impossibilit\u00e9 d\u2019organiser les Jeux olympiques cette ann\u00e9e, du fait de la recrudescence mondiale du coronavirus, y compris au Japon.<\/p>\n<p>Pour sauver la face, le gouvernement chercherait \u00e0 s\u2019assurer au pr\u00e9alable que Tokyo organise les JO de 2032, la prochaine \u00e9dition disponible (apr\u00e8s Paris-2024 et Los Angeles-2028), toujours selon le Times.<\/p>\n<p>D\u2019autres responsables nippons ont d\u00e9menti en bloc. Le porte-parole adjoint du gouvernement japonais, Manabu Sakai, a d\u00e9clar\u00e9 qu\u2019il n\u2019y avait \u00ab\u00a0rien de vrai\u00a0\u00bb dans l\u2019article du Times et la gouverneure de Tokyo, Yuriko Koike, a assur\u00e9 n\u2019avoir \u00ab\u00a0aucune id\u00e9e\u00a0\u00bb quant \u00e0 l\u2019origine de l\u2019information.<\/p>\n<p>\u00ab\u00a0Nous nous coordonnons \u00e9troitement avec le gouvernement, le comit\u00e9 organisateur et le CIO\u00a0\u00bb et \u00ab\u00a0la v\u00e9rit\u00e9 est qu\u2019il n\u2019y a eu aucune discussion sur une annulation ou un report\u00a0\u00bb des Jeux, a d\u00e9clar\u00e9 Mme Koike \u00e0 la presse.<br \/>Dans un entretien mardi \u00e0 l\u2019AFP, le directeur g\u00e9n\u00e9ral de Tokyo-2020, Toshiro Muto, avait affirm\u00e9 que la tenue des Jeux cet \u00e9t\u00e9 \u00e9tait le \u00ab\u00a0cap inflexible\u00a0\u00bb des organisateurs.<\/p>\n<p>Face aux doutes grandissants, le pr\u00e9sident du CIO, Thomas Bach, a encore assur\u00e9 vendredi soir dans un message vid\u00e9o que \u00ab\u00a0tout le monde \u00e9tait d\u00e9termin\u00e9 \u00e0 faire de ces Jeux olympiques, dans six mois, la lumi\u00e8re au bout du tunnel dans lequel nous sommes encore tous\u00a0\u00bb.<\/p>\n<p>En mars dernier, au moment o\u00f9 la premi\u00e8re vague du coronavirus se propageait \u00e0 travers le monde, le CIO avait pris la d\u00e9cision sans pr\u00e9c\u00e9dent de reporter les Jeux juste apr\u00e8s l\u2019annonce, par l\u2019Australie et le Canada, de leur intention de ne pas envoyer leurs sportifs \u00e0 Tokyo.<\/p>\n<p>La recrudescence actuelle de la pand\u00e9mie touche aussi le Japon, o\u00f9 l\u2019opinion publique est d\u00e9sormais tr\u00e8s majoritairement oppos\u00e9e \u00e0 l\u2019organisation des Jeux, pr\u00e9f\u00e9rant un nouveau report ou une annulation pure et simple, selon de r\u00e9cents sondages.<\/p>\n<p>Alors que des \u00e9lections l\u00e9gislatives doivent se tenir au Japon cet automne au plus tard, le Parti lib\u00e9ral-d\u00e9mocrate (PLD) au pouvoir \u00ab\u00a0pourrait prendre un risque \u00e9norme en organisant ces Jeux extr\u00eamement impopulaires\u00a0\u00bb, a estim\u00e9 Amir Anvarzadeh, strat\u00e9giste chez Asymmetric Advisors.<\/p>\n<p>\u00ab\u00a0Il est quasiment certain\u00a0\u00bb, vu le nombre de personnes impliqu\u00e9es et les nouveaux variants du Covid-19 en circulation, que les JO causeraient une flamb\u00e9e d\u2019infections s\u2019ils avaient lieu, a soulign\u00e9 cet analyste.<br \/>Des \u00e9lus de l\u2019opposition au Japon ont d\u2019ailleurs demand\u00e9 jeudi le report ou l\u2019annulation des JO.<\/p>\n<p>L\u2019Association m\u00e9dicale de Tokyo a quant \u00e0 elle sugg\u00e9r\u00e9 vendredi que l\u2019\u00e9v\u00e9nement se d\u00e9roule sans public. Les organisateurs, favorables \u00e0 une pr\u00e9sence du public, m\u00eame limit\u00e9e, entendent trancher dans les prochains mois sur la question.<\/p>\n<p>\u00ab\u00a0Il ne peut y avoir de tabou pour garantir des Jeux s\u00fbrs\u00a0\u00bb, a pour sa part d\u00e9clar\u00e9 Thomas Bach, \u00e9voquant une panoplie de mesures allant \u00ab\u00a0des r\u00e8gles d\u2019immigration et de quarantaine\u00a0\u00bb \u00e0 \u00ab\u00a0la question de la vaccination et celle des spectateurs\u00a0\u00bb.<\/p>\n<p>\u00ab\u00a0Combien ? Et pourra-t-il y avoir des spectateurs ?\u00a0\u00bb, a-t-il lanc\u00e9. Le CIO n\u2019a jamais exclu l\u2019hypoth\u00e8se d\u2019un huis clos, d\u2019autant que le rayonnement et les revenus des Jeux tiennent essentiellement \u00e0 leur retransmission dans le monde entier, bien plus qu\u2019\u00e0 l\u2019affluence dans les stades.<\/p>\n<p>Enfin, le directeur des urgences \u00e0 l\u2019Organisation Mondiale de la Sant\u00e9 (OMS), Michael Ryan, s\u2019est lui aussi exprim\u00e9 vendredi sur ce sujet sensible: \u00ab\u00a0Nous souhaitons tous que les Jeux aient lieu, pour leur port\u00e9e symbolique, mais nous devons prendre, depuis un an, des d\u00e9cisions bas\u00e9es sur les preuves, la science et les risques \u00e0 un moment donn\u00e9\u00a0\u00bb.<\/p>\n<p>Ces risques sont \u00ab\u00a0r\u00e9\u00e9valu\u00e9s en permanence par le gouvernement japonais et le CIO\u00a0\u00bb, a ajout\u00e9 M. Ryan, pour qui \u00ab\u00a0il est difficile d\u2019imaginer des Jeux se d\u00e9roulant dans le contexte d\u2019une situation d\u2019urgence \u00e0 Tokyo\u00a0\u00bb.<\/p>\n<p>\u00ab\u00a0Il n\u2019y a pas de r\u00e9ponses faciles\u00a0\u00bb, a ajout\u00e9 M. Ryan, pour qui \u00ab\u00a0science et politique, ce n\u2019est pas la m\u00eame chose\u00a0\u00bb. Il reconna\u00eet que \u00ab\u00a0le gouvernement japonais est dans une position difficile\u00a0\u00bb mais se dit convaincu qu\u2019il prendra \u00ab\u00a0la d\u00e9cision appropri\u00e9e au moment le plus appropri\u00e9\u00a0\u00bb.<\/p>\n<p>Auteur: M&rsquo;hammed rahal<br \/>\n<a href=\"http:\/\/albayane.press.ma\/%EF%BB%BFle-japon-saccroche-a-ses-jeux.html\">Cliquez ici pour lire l&rsquo;article depuis sa source.<\/a><\/p>\n","protected":false},"excerpt":{"rendered":"<p>Malgr\u00e9 des bruits d\u2019annulation Les diverses parties prenantes au Japon des JO de Tokyo, report\u00e9s l\u2019an dernier en raison de la pand\u00e9mie de Covid-19, ont r\u00e9affirm\u00e9 vendredi leur intention de les tenir cet \u00e9t\u00e9, malgr\u00e9 des informations selon lesquelles le gouvernement nippon y aurait secr\u00e8tement renonc\u00e9. \u00ab\u00a0Je suis d\u00e9termin\u00e9\u00a0\u00bb \u00e0 accueillir des Jeux olympiques \u00ab\u00a0s\u00fbrs\u00a0\u00bb [&hellip;]<\/p>\n","protected":false},"author":1760,"featured_media":0,"comment_status":"closed","ping_status":"closed","sticky":false,"template":"","format":"standard","meta":{"fifu_image_url":"","fifu_image_alt":"","footnotes":""},"categories":[73,54],"tags":[],"class_list":["post-109933","post","type-post","status-publish","format-standard","hentry","category-actualite","category-maroc"],"_links":{"self":[{"href":"https:\/\/linitiative.ca\/International\/wp-json\/wp\/v2\/posts\/109933","targetHints":{"allow":["GET"]}}],"collection":[{"href":"https:\/\/linitiative.ca\/International\/wp-json\/wp\/v2\/posts"}],"about":[{"href":"https:\/\/linitiative.ca\/International\/wp-json\/wp\/v2\/types\/post"}],"author":[{"embeddable":true,"href":"https:\/\/linitiative.ca\/International\/wp-json\/wp\/v2\/users\/1760"}],"replies":[{"embeddable":true,"href":"https:\/\/linitiative.ca\/International\/wp-json\/wp\/v2\/comments?post=109933"}],"version-history":[{"count":0,"href":"https:\/\/linitiative.ca\/International\/wp-json\/wp\/v2\/posts\/109933\/revisions"}],"wp:attachment":[{"href":"https:\/\/linitiative.ca\/International\/wp-json\/wp\/v2\/media?parent=109933"}],"wp:term":[{"taxonomy":"category","embeddable":true,"href":"https:\/\/linitiative.ca\/International\/wp-json\/wp\/v2\/categories?post=109933"},{"taxonomy":"post_tag","embeddable":true,"href":"https:\/\/linitiative.ca\/International\/wp-json\/wp\/v2\/tags?post=109933"}],"curies":[{"name":"wp","href":"https:\/\/api.w.org\/{rel}","templated":true}]}}