{"id":109934,"date":"2021-01-25T09:59:27","date_gmt":"2021-01-25T14:59:27","guid":{"rendered":"https:\/\/linitiative.ca\/International\/une-presence-empreinte-de-symboles-a-el-guergarate\/"},"modified":"2021-01-25T09:59:27","modified_gmt":"2021-01-25T14:59:27","slug":"une-presence-empreinte-de-symboles-a-el-guergarate","status":"publish","type":"post","link":"https:\/\/linitiative.ca\/International\/une-presence-empreinte-de-symboles-a-el-guergarate\/","title":{"rendered":"Une pr\u00e9sence empreinte de symboles \u00e0 EL Guergarate"},"content":{"rendered":"<p class=\"c2\"><strong>Le Hassania d\u2019Agadir met son sceau patriotique<\/strong><\/p>\n<p class=\"c3\"><strong>Saoudi El Amalki<\/strong><\/p>\n<p><strong>A l\u2019instar de nombre d\u2019institutions et d\u2019organismes, \u00e0 travers le royaume, le Hassania d\u2019Agadir, repr\u00e9sent\u00e9 par deux fervents supporters, en l\u2019occurrence Idrissi et El Bzioui, a foul\u00e9 r\u00e9cemment le sol de la zone de transition d\u2019El Guergarate.<\/strong><\/p>\n<p>Brandissant le portrait du Souverain et le drapeau national, les deux braves hommes ont exprim\u00e9, au nom de toute la communaut\u00e9 du club phare de la r\u00e9gion, la fid\u00e9lit\u00e9 et le d\u00e9vouement aux fondements de la Nation.<\/p>\n<p>Fort euphorique de ce moment de haute teneur patriotique, les repr\u00e9sentants de l\u2019\u00e9quipe fanion ont mis manifeste l\u2019attachement ind\u00e9fectible \u00e0 l\u2019int\u00e9grit\u00e9 nationale. Il va sans dire que le Hassania a toujours \u00e9t\u00e9 un club \u00e9pris de ses sentiments historiques, en tant que club au pass\u00e9 glorieux du nationalisme de premi\u00e8re heure.<\/p>\n<p>Le camp du Hassania d\u2019Agadir, toutes composantes confondues, ne peut \u00eatre que fier de cette belle initiative qui vient ornementer le parcours du club imbu de pareilles prouesses.<\/p>\n<p>Auteur: M&rsquo;hammed rahal<br \/>\n<a href=\"http:\/\/albayane.press.ma\/une-presence-empreinte-de-symboles-a-el-guergarate.html\">Cliquez ici pour lire l&rsquo;article depuis sa source.<\/a><\/p>\n","protected":false},"excerpt":{"rendered":"<p>Le Hassania d\u2019Agadir met son sceau patriotique Saoudi El Amalki A l\u2019instar de nombre d\u2019institutions et d\u2019organismes, \u00e0 travers le royaume, le Hassania d\u2019Agadir, repr\u00e9sent\u00e9 par deux fervents supporters, en l\u2019occurrence Idrissi et El Bzioui, a foul\u00e9 r\u00e9cemment le sol de la zone de transition d\u2019El Guergarate. Brandissant le portrait du Souverain et le drapeau [&hellip;]<\/p>\n","protected":false},"author":1760,"featured_media":0,"comment_status":"closed","ping_status":"closed","sticky":false,"template":"","format":"standard","meta":{"fifu_image_url":"","fifu_image_alt":"","footnotes":""},"categories":[73,54],"tags":[],"class_list":["post-109934","post","type-post","status-publish","format-standard","hentry","category-actualite","category-maroc"],"_links":{"self":[{"href":"https:\/\/linitiative.ca\/International\/wp-json\/wp\/v2\/posts\/109934","targetHints":{"allow":["GET"]}}],"collection":[{"href":"https:\/\/linitiative.ca\/International\/wp-json\/wp\/v2\/posts"}],"about":[{"href":"https:\/\/linitiative.ca\/International\/wp-json\/wp\/v2\/types\/post"}],"author":[{"embeddable":true,"href":"https:\/\/linitiative.ca\/International\/wp-json\/wp\/v2\/users\/1760"}],"replies":[{"embeddable":true,"href":"https:\/\/linitiative.ca\/International\/wp-json\/wp\/v2\/comments?post=109934"}],"version-history":[{"count":0,"href":"https:\/\/linitiative.ca\/International\/wp-json\/wp\/v2\/posts\/109934\/revisions"}],"wp:attachment":[{"href":"https:\/\/linitiative.ca\/International\/wp-json\/wp\/v2\/media?parent=109934"}],"wp:term":[{"taxonomy":"category","embeddable":true,"href":"https:\/\/linitiative.ca\/International\/wp-json\/wp\/v2\/categories?post=109934"},{"taxonomy":"post_tag","embeddable":true,"href":"https:\/\/linitiative.ca\/International\/wp-json\/wp\/v2\/tags?post=109934"}],"curies":[{"name":"wp","href":"https:\/\/api.w.org\/{rel}","templated":true}]}}