{"id":109936,"date":"2021-01-25T03:32:14","date_gmt":"2021-01-25T08:32:14","guid":{"rendered":"https:\/\/linitiative.ca\/International\/infractions-economiques-plus-de-17-mille-au-dernier-trimestre-de-2020\/"},"modified":"2021-01-25T03:32:14","modified_gmt":"2021-01-25T08:32:14","slug":"infractions-economiques-plus-de-17-mille-au-dernier-trimestre-de-2020","status":"publish","type":"post","link":"https:\/\/linitiative.ca\/International\/infractions-economiques-plus-de-17-mille-au-dernier-trimestre-de-2020\/","title":{"rendered":"Infractions \u00e9conomiques: Plus de 17 mille au dernier trimestre de 2020"},"content":{"rendered":"<div class=\"td-post-content\">\n<h2>Pr\u00e8s de 17 544 infractions \u00e9conomiques, apr\u00e8s 171 mille 124 visites d\u2019inspection. Telles \u00e9taient les donn\u00e9es du\u00a0<a href=\"https:\/\/www.facebook.com\/MCDE.TUNISIE\">minist\u00e8re du Commerce<\/a>.<\/h2>\n<h2>Des infractions \u00e9conomiques ont \u00e9t\u00e9 enregistr\u00e9es. C\u2019est ce qu\u2019ont soulign\u00e9 les services du contr\u00f4le \u00e9conomique. Et ce\u00a0 au cours du dernier trimestre de l\u2019ann\u00e9e 2020,<\/h2>\n<p class=\"news_item_view_plain_text\">Ces infractions \u00e9conomiques ont \u00e9t\u00e9 signal\u00e9es lors de ces visites. Ce qui\u00a0 a permis la saisie de:<\/p>\n<p class=\"news_item_view_plain_text\">-1356 tonnes de fruits et l\u00e9gumes<\/p>\n<p class=\"news_item_view_plain_text\">-53 mille oeufs<\/p>\n<p class=\"news_item_view_plain_text\">-9 tonnes de viandes blanches et rouges et de poissons<\/p>\n<p class=\"news_item_view_plain_text\">-465 tonnes de d\u00e9riv\u00e9s de c\u00e9r\u00e9ales subventionn\u00e9es<\/p>\n<p class=\"news_item_view_plain_text\">-87 mille litres d\u2019huile v\u00e9g\u00e9tale subventionn\u00e9e<\/p>\n<p class=\"news_item_view_plain_text\">-54 tonnes de sucre subventionn\u00e9<\/p>\n<p class=\"news_item_view_plain_text\">-685 tonnes de produits fourragers et d\u2019engrais<\/p>\n<p class=\"news_item_view_plain_text\">-45 tonnes et 82 mille pi\u00e8ces de produits alimentaires<\/p>\n<p class=\"news_item_view_plain_text\">-16 mille pi\u00e8ces de produits de nettoyage<\/p>\n<p class=\"news_item_view_plain_text\">-36 mille produits d\u2019hygi\u00e8ne corporels<\/p>\n<p class=\"news_item_view_plain_text\">-36 mille pi\u00e8ces diverses<\/p>\n<p class=\"news_item_view_plain_text\">-58 mille paquets de cigarettes<\/p>\n<p class=\"news_item_view_plain_text\">Les \u00e9quipes du contr\u00f4le \u00e9conomique ont \u00e9galement d\u00e9cid\u00e9 plusieurs p\u00e9nalit\u00e9s consistant en 481 p\u00e9nalit\u00e9s administratives (interdiction d\u2019approvisionnement en produits subventionn\u00e9s, fermetures et retrait d\u2019autorisations), selon le minist\u00e8re du\u00a0<a href=\"http:\/\/www.leconomistemaghrebin.com\/2021\/01\/24\/des-pressions-sur-lapprovisionnement-en-differents-produits-agricoles-provoquent-une-hausse-des-prix-ministere-du-commerce\/\">Commerce<\/a>.<\/p>\n<p>Rappelons que le minist\u00e8re \u00a0a indiqu\u00e9 avoir imm\u00e9diatement agi afin de rationaliser les augmentations des prix. Ledit d\u00e9partement a coordonn\u00e9 avec les structures publiques et professionnelles y aff\u00e9rent en vue de parvenir \u00e0 des prix tenant compte du pouvoir d\u2019achat du consommateur en plus de l\u2019ex\u00e9cution d\u2019un deuxi\u00e8me programme urgent de contr\u00f4le, \u00e0 partir du 16 janvier 2021, dans la fili\u00e8re des l\u00e9gumes et fruits, aux plans central et r\u00e9gional.<\/p>\n<p>Par ailleurs, le d\u00e9partement a soulign\u00e9, qu\u2019\u00e0 la lumi\u00e8re des conditions exceptionnelles que la Tunisie traverse en raison de la pand\u00e9mie du Covid-19, des remous sociaux, des impacts climatiques et des probl\u00e9matiques conjoncturelles de la production, la r\u00e9ussite de ce programme n\u00e9cessite la conjugaison des efforts de tous les intervenants<\/p>\n<p class=\"news_item_view_plain_text\">Avec TAP<\/p>\n<\/div>\n<footer>\n<\/footer>\n<div class=\"wp-post-author-wrap wp-post-author-shortcode left\">\n<h3 class=\"awpa-title\"\/>\n<div class=\"wp-post-author\">\n<div class=\"awpa-img awpa-author-block square\"><a href=\"http:\/\/lexpertjournal.net\/fr\/?author=5\"><img loading=\"lazy\" decoding=\"async\" alt=\"\" src=\"http:\/\/0.gravatar.com\/avatar\/97f8e10a1c1125ba104a76514ee07b16?s=150&amp;d=mm&amp;r=g\" srcset=\"http:\/\/0.gravatar.com\/avatar\/97f8e10a1c1125ba104a76514ee07b16?s=300&amp;d=mm&amp;r=g 2x\" class=\"avatar avatar-150 photo\" height=\"150\" width=\"150\"\/><\/a><\/div>\n<\/div>\n<\/div>\n<aside class=\"mashsb-container mashsb-main mashsb-stretched\">\n<\/aside>\n<p>Auteur: L&rsquo;expert<br \/>\n<a href=\"http:\/\/lexpertjournal.net\/fr\/?p=18292\">Cliquez ici pour lire l&rsquo;article depuis sa source.<\/a><\/p>\n","protected":false},"excerpt":{"rendered":"<p>Pr\u00e8s de 17 544 infractions \u00e9conomiques, apr\u00e8s 171 mille 124 visites d\u2019inspection. Telles \u00e9taient les donn\u00e9es du\u00a0minist\u00e8re du Commerce. Des infractions \u00e9conomiques ont \u00e9t\u00e9 enregistr\u00e9es. C\u2019est ce qu\u2019ont soulign\u00e9 les services du contr\u00f4le \u00e9conomique. Et ce\u00a0 au cours du dernier trimestre de l\u2019ann\u00e9e 2020, Ces infractions \u00e9conomiques ont \u00e9t\u00e9 signal\u00e9es lors de ces visites. Ce [&hellip;]<\/p>\n","protected":false},"author":1775,"featured_media":0,"comment_status":"closed","ping_status":"closed","sticky":false,"template":"","format":"standard","meta":{"fifu_image_url":"http:\/\/0.gravatar.com\/avatar\/97f8e10a1c1125ba104a76514ee07b16?s=150&d=mm&r=g","fifu_image_alt":"Infractions \u00e9conomiques: Plus de 17 mille au dernier trimestre de 2020","footnotes":""},"categories":[78,55],"tags":[],"class_list":["post-109936","post","type-post","status-publish","format-standard","hentry","category-economie","category-tunisie"],"_links":{"self":[{"href":"https:\/\/linitiative.ca\/International\/wp-json\/wp\/v2\/posts\/109936","targetHints":{"allow":["GET"]}}],"collection":[{"href":"https:\/\/linitiative.ca\/International\/wp-json\/wp\/v2\/posts"}],"about":[{"href":"https:\/\/linitiative.ca\/International\/wp-json\/wp\/v2\/types\/post"}],"author":[{"embeddable":true,"href":"https:\/\/linitiative.ca\/International\/wp-json\/wp\/v2\/users\/1775"}],"replies":[{"embeddable":true,"href":"https:\/\/linitiative.ca\/International\/wp-json\/wp\/v2\/comments?post=109936"}],"version-history":[{"count":0,"href":"https:\/\/linitiative.ca\/International\/wp-json\/wp\/v2\/posts\/109936\/revisions"}],"wp:attachment":[{"href":"https:\/\/linitiative.ca\/International\/wp-json\/wp\/v2\/media?parent=109936"}],"wp:term":[{"taxonomy":"category","embeddable":true,"href":"https:\/\/linitiative.ca\/International\/wp-json\/wp\/v2\/categories?post=109936"},{"taxonomy":"post_tag","embeddable":true,"href":"https:\/\/linitiative.ca\/International\/wp-json\/wp\/v2\/tags?post=109936"}],"curies":[{"name":"wp","href":"https:\/\/api.w.org\/{rel}","templated":true}]}}